{"id":10918,"date":"2021-07-30T10:19:43","date_gmt":"2021-07-30T15:19:43","guid":{"rendered":"http:\/\/losperiodistas.com.mx\/portal\/?p=10918"},"modified":"2021-07-30T10:19:44","modified_gmt":"2021-07-30T15:19:44","slug":"si-bartlett-hubiera-sido-presidente","status":"publish","type":"post","link":"https:\/\/losperiodistas.com.mx\/portal\/si-bartlett-hubiera-sido-presidente\/","title":{"rendered":"Si Bartlett hubiera sido Presidente\u2026"},"content":{"rendered":"\n<p><\/p>\n\n\n\n<p><\/p>\n\n\n\n<figure class=\"wp-block-image size-large\"><img fetchpriority=\"high\" decoding=\"async\" width=\"1024\" height=\"640\" src=\"https:\/\/losperiodistas.com.mx\/portal\/wp-content\/uploads\/2021\/07\/MANUEL-BARTLETT-DI\u0301AZ-1024x640.jpeg\" alt=\"\" class=\"wp-image-10919\" srcset=\"https:\/\/losperiodistas.com.mx\/portal\/wp-content\/uploads\/2021\/07\/MANUEL-BARTLETT-DI\u0301AZ-1024x640.jpeg 1024w, https:\/\/losperiodistas.com.mx\/portal\/wp-content\/uploads\/2021\/07\/MANUEL-BARTLETT-DI\u0301AZ-300x188.jpeg 300w, https:\/\/losperiodistas.com.mx\/portal\/wp-content\/uploads\/2021\/07\/MANUEL-BARTLETT-DI\u0301AZ-768x480.jpeg 768w, https:\/\/losperiodistas.com.mx\/portal\/wp-content\/uploads\/2021\/07\/MANUEL-BARTLETT-DI\u0301AZ.jpeg 1200w\" sizes=\"(max-width: 1024px) 100vw, 1024px\" \/><\/figure>\n\n\n\n<p><\/p>\n\n\n\n<p><\/p>\n\n\n\n<p class=\"has-vivid-cyan-blue-color has-text-color\" style=\"font-size:26px\"><strong><em>Por Ra\u00fal Torres Salmer\u00f3n<\/em><\/strong><\/p>\n\n\n\n<p>Cada vez que surge el nombre de Manuel Bartlett D\u00edaz, se desatan los demonios.<\/p>\n\n\n\n<p>La simple pronunciaci\u00f3n de su nombre provoca sentimientos encontrados, siendo objeto, en su mayor\u00eda, de cr\u00edticas acres. Es considerado uno de los hombres m\u00e1s preparados, conocedores de las profundidades del sistema pol\u00edtico mexicano, pero con oscuro pasado que, algunos dicen, le han pintado.<\/p>\n\n\n\n<p>Se han tejido y se siguen tejiendo historias, leyendas, mitos, para desprestigiarlo. Se le acusa de todo y de nada porque, hasta el momento, nadie ha demostrado su real participaci\u00f3n en la famosa Ca\u00edda del Sistema de 1988, ni en los asesinatos del Agente de la DEA Kiki Camarena y del periodista Manuel Buend\u00eda, ni su supuesta protecci\u00f3n a Jos\u00e9 Antonio Zorrilla P\u00e9rez.<\/p>\n\n\n\n<p>Recientemente, ha salido bien librado de los se\u00f1alamientos de ocultar parte de su patrimonio y riqueza, siendo uno de los funcionarios de la llamada Cuarta Transformaci\u00f3n que camina constantemente bajo la tormenta.<\/p>\n\n\n\n<p>Siempre he dicho que Manuel Bartlett D\u00edaz fue un buen Gobernador de Puebla y un excelente pol\u00edtico que se ha sabido adaptarse a los tiempos y las circunstancias, con muchos secretos que se llevar\u00e1 a la tumba o los dejar\u00e1 listos para la posteridad.<\/p>\n\n\n\n<p>Es inocultable su antagonismo con Andr\u00e9s Manuel L\u00f3pez Obrador desde que \u00e9ste quiso ser Gobernador de Tabasco, como tambi\u00e9n que se constituy\u00f3, por intereses mutuos, en uno de sus favoritos desde antes de ser Candidato a la Presidencia de la Rep\u00fablica.<\/p>\n\n\n\n<p>Hoy, Bartlett, sigue brillando, a pesar de sus detractores. No es Secretario de Estado, pero ocupa una posici\u00f3n trascendente en la pol\u00edtica obradorista, manejando la Comisi\u00f3n Federal de Electricidad.<\/p>\n\n\n\n<p>\u00bfQu\u00e9 habr\u00eda pasado si en 1988 Bartlett hubiera sido el elegido por Miguel de la Madrid en lugar de Carlos Salinas de Gortari, justo en plena hegemon\u00eda del PRI y sin la mentalidad del innombrable que abri\u00f3 las puertas a la alternancia violentando la ley?<\/p>\n\n\n\n<p>\u00bfQu\u00e9 hubiera pasado si De la Madrid no escucha las recomendaciones de Jorge de la Vega Dom\u00ednguez y Emilio Gamboa Patr\u00f3n, que eran su conciencia pri\u00edsta, convenci\u00e9ndolo de que Salinas era la mejor opci\u00f3n?<\/p>\n\n\n\n<p>Bartlett, en esos momentos, sab\u00eda demasiado, conoc\u00eda como pocos la pol\u00edtica interna y externa. Por eso Salinas lo quiso desterrar a Francia, terminando por concederle la titularidad de la SEP y a la postre el Gobierno de Puebla.<\/p>\n\n\n\n<p>Por supuesto que otro hubiera sido el sendero caminado, lo que se ha escrito de Bartlett diferir\u00eda en mucho. Miguel de la Madrid se habr\u00eda ahorrado lo que declar\u00f3 en 2009: Comet\u00ed una equivocaci\u00f3n al haber elegido a Carlos Salinas de Gortari como sucesor en la Presidencia de la Rep\u00fablica.<\/p>\n\n\n\n<p>Lo acus\u00f3 de inmoral, de haberse robado, al menos, la mitad de la partida secreta y de haber permitido que su hermano Ra\u00fal realizara negocios indebidos en el Gobierno y que recibiera dinero de narcotraficantes.<\/p>\n\n\n\n<p>Dijo De la Madrid: Me siento muy decepcionado, me equivoqu\u00e9. Pero, pues en aquel entonces no ten\u00eda yo elementos de juicio sobre la moralidad de los Salinas. Me di cuenta despu\u00e9s que es conveniente que los Presidentes est\u00e9n mejor informados de la moralidad de sus colaboradores.<\/p>\n\n\n\n<p>Y aunque horas despu\u00e9s se desdijo, ya estaba dicho. Alguien o algunos lo mandaron a recomponer sus declaraciones. El paso del tiempo advierte que Miguel de la Madrid dijo la verdad.<\/p>\n\n\n\n<p>Guste o no a sus detractores, Bartlett ha dado la cara cuando ha sido requerido contando su verdad. Sigue en activo a sus 85 a\u00f1os de edad. Es de esas especies de pol\u00edticos dif\u00edciles de olvidar marcando una huella indeleble.<\/p>\n\n\n\n<p>Ahora que surgi\u00f3 un nuevo documental de Netflix titulado, Red Privada: Qui\u00e9n mat\u00f3 a Buend\u00eda, dirigido por Manuel Alcal\u00e1 y narrado por Daniel Gim\u00e9nez Cacho, el nombre de Manuel Bartlett D\u00edaz salta a la palestra. Sin embargo, aunque se reconoce la labor de los productores, las interrogantes prevalecen, las mismas que surgieron hace casi 40 a\u00f1os y no han podido esclarecerse.<\/p>\n\n\n\n<p>Los misterios siguen, forman parte del documental y quiz\u00e1 antes de morir Jos\u00e9 Antonio Zorrilla P\u00e9rez, pudiera aclararlos. Nadie olvida sus palabras cuando era juzgado tras las rejas: Yo no mat\u00e9 a Buend\u00eda, pero s\u00ed s\u00e9 qui\u00e9n fue; si me tengo que comer solo el pastel, me lo como, no hablar\u00e9.<\/p>\n\n\n\n<p>Recluido en prisi\u00f3n domiciliaria desde 2013, Zorrilla, solamente representa algo para sus allegados. La historia podr\u00eda olvidarlo.<\/p>\n\n\n\n<p>Sobre la Ca\u00edda del Sistema en 1988, aunque usted no lo crea, se sigue cayendo en cada elecci\u00f3n. Nunca hay responsables y el tema pasa a formar parte de la leyenda.<\/p>\n\n\n\n<p>El texto anterior, es la espl\u00e9ndida e interesante columna Reflexiones, publicada en Diario ABC Puebla en Facebook. La escribi\u00f3 el notable periodista Miguel \u00c1ngel Garc\u00eda Mu\u00f1oz hace un par de d\u00edas.&nbsp;&nbsp;<\/p>\n\n\n\n<p>En fin, como escribi\u00f3 Ricardo Palma (Per\u00fa, 1833-1919), en su poema Lo de Siempre:<\/p>\n\n\n\n<p>Si llega a ser gobierno el rey Perico&nbsp;&nbsp;&nbsp;<\/p>\n\n\n\n<p>&nbsp;\u00a1ya ver\u00e1 usted, mi amigo, lo que es rico!&nbsp;&nbsp;<\/p>\n\n\n\n<p>&nbsp;Pondr\u00e1 coto al derroche&nbsp;&nbsp;&nbsp;<\/p>\n\n\n\n<p>&nbsp;y no andar\u00e1n los p\u00edcaros en coche;&nbsp;&nbsp;<\/p>\n\n\n\n<p>&nbsp;no bailar\u00e1 el rat\u00f3n dentro del queso&nbsp;&nbsp;<\/p>\n\n\n\n<p>&nbsp;y libertad tendremos y progreso;&nbsp;&nbsp;<\/p>\n\n\n\n<p>&nbsp;y habr\u00e1 tal abundancia&nbsp;&nbsp;&nbsp;<\/p>\n\n\n\n<p>&nbsp;en aldea y ciudad, plaza y esquina&nbsp;&nbsp;<\/p>\n\n\n\n<p>&nbsp;que, como lo anhelaba un rey de Francia,&nbsp;&nbsp;<\/p>\n\n\n\n<p>&nbsp;todos tomar\u00e1n caldo de gallina.&nbsp;&nbsp;&nbsp;<\/p>\n\n\n\n<p>&nbsp;No tendremos ni chinches en la cama&nbsp;&nbsp;&nbsp;<\/p>\n\n\n\n<p>&nbsp;si cumple don Perico su programa,&nbsp;&nbsp;<\/p>\n\n\n\n<p>&nbsp;y seremos, mi amigo, tan felices&nbsp;&nbsp;&nbsp;<\/p>\n\n\n\n<p>&nbsp;que hasta al que es chato le saldr\u00e1n narices.&nbsp;&nbsp;&nbsp;<\/p>\n\n\n\n<p>&nbsp;Con tal que cumpla, cuando se halle arriba,&nbsp;&nbsp;<\/p>\n\n\n\n<p>&nbsp;\u00a1viva Perico! \u00a1Viva! \u00a1Viva! \u00a1Viva!&nbsp;&nbsp;&nbsp;<\/p>\n\n\n\n<p>raultorress@hotmail.com<\/p>\n","protected":false},"excerpt":{"rendered":"<p>Por Ra\u00fal Torres Salmer\u00f3n Cada vez que surge el nombre de Manuel Bartlett D\u00edaz, se desatan los demonios. La simple [&hellip;]<\/p>\n","protected":false},"author":1,"featured_media":10919,"comment_status":"open","ping_status":"open","sticky":false,"template":"","format":"standard","meta":{"site-sidebar-layout":"default","site-content-layout":"","ast-site-content-layout":"default","site-content-style":"default","site-sidebar-style":"default","ast-global-header-display":"","ast-banner-title-visibility":"","ast-main-header-display":"","ast-hfb-above-header-display":"","ast-hfb-below-header-display":"","ast-hfb-mobile-header-display":"","site-post-title":"","ast-breadcrumbs-content":"","ast-featured-img":"","footer-sml-layout":"","theme-transparent-header-meta":"","adv-header-id-meta":"","stick-header-meta":"","header-above-stick-meta":"","header-main-stick-meta":"","header-below-stick-meta":"","astra-migrate-meta-layouts":"default","ast-page-background-enabled":"default","ast-page-background-meta":{"desktop":{"background-color":"var(--ast-global-color-4)","background-image":"","background-repeat":"repeat","background-position":"center center","background-size":"auto","background-attachment":"scroll","background-type":"","background-media":"","overlay-type":"","overlay-color":"","overlay-opacity":"","overlay-gradient":""},"tablet":{"background-color":"","background-image":"","background-repeat":"repeat","background-position":"center center","background-size":"auto","background-attachment":"scroll","background-type":"","background-media":"","overlay-type":"","overlay-color":"","overlay-opacity":"","overlay-gradient":""},"mobile":{"background-color":"","background-image":"","background-repeat":"repeat","background-position":"center center","background-size":"auto","background-attachment":"scroll","background-type":"","background-media":"","overlay-type":"","overlay-color":"","overlay-opacity":"","overlay-gradient":""}},"ast-content-background-meta":{"desktop":{"background-color":"var(--ast-global-color-5)","background-image":"","background-repeat":"repeat","background-position":"center center","background-size":"auto","background-attachment":"scroll","background-type":"","background-media":"","overlay-type":"","overlay-color":"","overlay-opacity":"","overlay-gradient":""},"tablet":{"background-color":"var(--ast-global-color-5)","background-image":"","background-repeat":"repeat","background-position":"center center","background-size":"auto","background-attachment":"scroll","background-type":"","background-media":"","overlay-type":"","overlay-color":"","overlay-opacity":"","overlay-gradient":""},"mobile":{"background-color":"var(--ast-global-color-5)","background-image":"","background-repeat":"repeat","background-position":"center center","background-size":"auto","background-attachment":"scroll","background-type":"","background-media":"","overlay-type":"","overlay-color":"","overlay-opacity":"","overlay-gradient":""}},"footnotes":""},"categories":[8,19],"tags":[274],"class_list":["post-10918","post","type-post","status-publish","format-standard","has-post-thumbnail","hentry","category-noticias","category-sin-limites-2","tag-manuel-bartlett"],"_links":{"self":[{"href":"https:\/\/losperiodistas.com.mx\/portal\/wp-json\/wp\/v2\/posts\/10918","targetHints":{"allow":["GET"]}}],"collection":[{"href":"https:\/\/losperiodistas.com.mx\/portal\/wp-json\/wp\/v2\/posts"}],"about":[{"href":"https:\/\/losperiodistas.com.mx\/portal\/wp-json\/wp\/v2\/types\/post"}],"author":[{"embeddable":true,"href":"https:\/\/losperiodistas.com.mx\/portal\/wp-json\/wp\/v2\/users\/1"}],"replies":[{"embeddable":true,"href":"https:\/\/losperiodistas.com.mx\/portal\/wp-json\/wp\/v2\/comments?post=10918"}],"version-history":[{"count":1,"href":"https:\/\/losperiodistas.com.mx\/portal\/wp-json\/wp\/v2\/posts\/10918\/revisions"}],"predecessor-version":[{"id":10920,"href":"https:\/\/losperiodistas.com.mx\/portal\/wp-json\/wp\/v2\/posts\/10918\/revisions\/10920"}],"wp:featuredmedia":[{"embeddable":true,"href":"https:\/\/losperiodistas.com.mx\/portal\/wp-json\/wp\/v2\/media\/10919"}],"wp:attachment":[{"href":"https:\/\/losperiodistas.com.mx\/portal\/wp-json\/wp\/v2\/media?parent=10918"}],"wp:term":[{"taxonomy":"category","embeddable":true,"href":"https:\/\/losperiodistas.com.mx\/portal\/wp-json\/wp\/v2\/categories?post=10918"},{"taxonomy":"post_tag","embeddable":true,"href":"https:\/\/losperiodistas.com.mx\/portal\/wp-json\/wp\/v2\/tags?post=10918"}],"curies":[{"name":"wp","href":"https:\/\/api.w.org\/{rel}","templated":true}]}}