{"id":109179,"date":"2025-10-21T20:12:22","date_gmt":"2025-10-22T02:12:22","guid":{"rendered":"https:\/\/losperiodistas.com.mx\/portal\/?p=109179"},"modified":"2025-10-21T20:15:03","modified_gmt":"2025-10-22T02:15:03","slug":"localizan-a-victima-mortal-20-por-lluvias-en-puebla","status":"publish","type":"post","link":"https:\/\/losperiodistas.com.mx\/portal\/localizan-a-victima-mortal-20-por-lluvias-en-puebla\/","title":{"rendered":"Localizan a v\u00edctima mortal 20 por lluvias en Puebla"},"content":{"rendered":"\n<figure class=\"wp-block-image size-large\"><img fetchpriority=\"high\" decoding=\"async\" width=\"1024\" height=\"768\" src=\"https:\/\/losperiodistas.com.mx\/portal\/wp-content\/uploads\/2025\/10\/Cifra20_01-1024x768.jpeg\" alt=\"\" class=\"wp-image-109185\" srcset=\"https:\/\/losperiodistas.com.mx\/portal\/wp-content\/uploads\/2025\/10\/Cifra20_01-1024x768.jpeg 1024w, https:\/\/losperiodistas.com.mx\/portal\/wp-content\/uploads\/2025\/10\/Cifra20_01-300x225.jpeg 300w, https:\/\/losperiodistas.com.mx\/portal\/wp-content\/uploads\/2025\/10\/Cifra20_01-768x576.jpeg 768w, https:\/\/losperiodistas.com.mx\/portal\/wp-content\/uploads\/2025\/10\/Cifra20_01.jpeg 1280w\" sizes=\"(max-width: 1024px) 100vw, 1024px\" \/><figcaption class=\"wp-element-caption\">Localizaci\u00f3n sin vida de Sergio Franco Ju\u00e1rez, originario de la localidad de Papatlazolco, municipio de Huauchinango, Puebla.<\/figcaption><\/figure>\n\n\n\n<p class=\"has-vivid-red-color has-text-color has-link-color wp-elements-eb27e7450528140191efa4df35f811c5\">Redacci\u00f3n<\/p>\n\n\n\n<p>El Gobierno del Estado de Puebla confirm\u00f3 la&nbsp;<strong>localizaci\u00f3n sin vida de Sergio Franco Ju\u00e1rez, originario de Papatlazolco, Huauchinango<\/strong>, quien se convierte en la&nbsp;<strong>v\u00edctima mortal n\u00famero 20 de las lluvias de hace dos semanas<\/strong>&nbsp;en la serran\u00eda poblana.<\/p>\n\n\n\n<p>El hallazgo fue resultado de un&nbsp;<strong>operativo entre la Secretar\u00eda de Marina, PEMEX, Cruz Roja, Protecci\u00f3n Civil y otras instituciones<\/strong>.<\/p>\n\n\n\n<p><strong>Sergio Franco desapareci\u00f3 tras intentar cruzar un r\u00edo en Xaltepuxtla<\/strong>, municipio de Huauchinango, durante recientes contingencias meteorol\u00f3gicas. Su veh\u00edculo fue localizado previamente.<\/p>\n\n\n\n<p>Las cuadrillas de b\u00fasqueda de la Comisi\u00f3n han trabajado de manera incansable en la zona afectada y continuar\u00e1n desplegadas en los municipios de la Sierra Norte para dar seguimiento a los reportes activos y brindar acompa\u00f1amiento a las familias que esperan la localizaci\u00f3n de sus seres queridos.<\/p>\n\n\n\n<p>Actualmente se mantienen cuatro reportes activos con ficha de b\u00fasqueda:<\/p>\n\n\n\n<p>Ernesto Islas Aparicio, 54 a\u00f1os, Xicotepec de Ju\u00e1rez.<br>Liam Tadeo Gonz\u00e1lez Lechuga, 6 a\u00f1os, Huauchinango.<br>Pedro Segura Mu\u00f1oz, 75 a\u00f1os, Tetela de Ocampo.<br>Albino Calder\u00f3n Islas, 82 a\u00f1os, Naupan.<\/p>\n\n\n\n<p>Cabe mencionar, que Sergio Franco desapareci\u00f3 luego de intentar cruzar con su veh\u00edculo el cauce de un r\u00edo en la localidad de Xaltepuxtla, municipio de Huauchinango, durante las recientes contingencias registradas en la regi\u00f3n, su veh\u00edculo fue localizado ayer por la ma\u00f1ana.<\/p>\n\n\n\n<figure class=\"wp-block-gallery has-nested-images columns-default is-cropped wp-block-gallery-1 is-layout-flex wp-block-gallery-is-layout-flex\">\n<figure class=\"wp-block-image size-large\"><img decoding=\"async\" width=\"900\" height=\"1024\" data-id=\"109180\" src=\"https:\/\/losperiodistas.com.mx\/portal\/wp-content\/uploads\/2025\/10\/CBP_32_6-900x1024.jpeg\" alt=\"\" class=\"wp-image-109180\" srcset=\"https:\/\/losperiodistas.com.mx\/portal\/wp-content\/uploads\/2025\/10\/CBP_32_6-900x1024.jpeg 900w, https:\/\/losperiodistas.com.mx\/portal\/wp-content\/uploads\/2025\/10\/CBP_32_6-264x300.jpeg 264w, https:\/\/losperiodistas.com.mx\/portal\/wp-content\/uploads\/2025\/10\/CBP_32_6-768x874.jpeg 768w, https:\/\/losperiodistas.com.mx\/portal\/wp-content\/uploads\/2025\/10\/CBP_32_6.jpeg 1077w\" sizes=\"(max-width: 900px) 100vw, 900px\" \/><\/figure>\n\n\n\n<figure class=\"wp-block-image size-large\"><img decoding=\"async\" width=\"1024\" height=\"576\" data-id=\"109181\" src=\"https:\/\/losperiodistas.com.mx\/portal\/wp-content\/uploads\/2025\/10\/Cifra20_05-1024x576.jpeg\" alt=\"\" class=\"wp-image-109181\" srcset=\"https:\/\/losperiodistas.com.mx\/portal\/wp-content\/uploads\/2025\/10\/Cifra20_05-1024x576.jpeg 1024w, https:\/\/losperiodistas.com.mx\/portal\/wp-content\/uploads\/2025\/10\/Cifra20_05-300x169.jpeg 300w, https:\/\/losperiodistas.com.mx\/portal\/wp-content\/uploads\/2025\/10\/Cifra20_05-768x432.jpeg 768w, https:\/\/losperiodistas.com.mx\/portal\/wp-content\/uploads\/2025\/10\/Cifra20_05-1536x864.jpeg 1536w, https:\/\/losperiodistas.com.mx\/portal\/wp-content\/uploads\/2025\/10\/Cifra20_05.jpeg 1600w\" sizes=\"(max-width: 1024px) 100vw, 1024px\" \/><\/figure>\n\n\n\n<figure class=\"wp-block-image size-large\"><img loading=\"lazy\" decoding=\"async\" width=\"1024\" height=\"576\" data-id=\"109182\" src=\"https:\/\/losperiodistas.com.mx\/portal\/wp-content\/uploads\/2025\/10\/Cifra20_04-1024x576.jpeg\" alt=\"\" class=\"wp-image-109182\" srcset=\"https:\/\/losperiodistas.com.mx\/portal\/wp-content\/uploads\/2025\/10\/Cifra20_04-1024x576.jpeg 1024w, https:\/\/losperiodistas.com.mx\/portal\/wp-content\/uploads\/2025\/10\/Cifra20_04-300x169.jpeg 300w, https:\/\/losperiodistas.com.mx\/portal\/wp-content\/uploads\/2025\/10\/Cifra20_04-768x432.jpeg 768w, https:\/\/losperiodistas.com.mx\/portal\/wp-content\/uploads\/2025\/10\/Cifra20_04.jpeg 1280w\" sizes=\"(max-width: 1024px) 100vw, 1024px\" \/><\/figure>\n\n\n\n<figure class=\"wp-block-image size-large\"><img loading=\"lazy\" decoding=\"async\" width=\"1024\" height=\"576\" data-id=\"109183\" src=\"https:\/\/losperiodistas.com.mx\/portal\/wp-content\/uploads\/2025\/10\/Cifra20_03-1024x576.jpg\" alt=\"\" class=\"wp-image-109183\" srcset=\"https:\/\/losperiodistas.com.mx\/portal\/wp-content\/uploads\/2025\/10\/Cifra20_03-1024x576.jpg 1024w, https:\/\/losperiodistas.com.mx\/portal\/wp-content\/uploads\/2025\/10\/Cifra20_03-300x169.jpg 300w, https:\/\/losperiodistas.com.mx\/portal\/wp-content\/uploads\/2025\/10\/Cifra20_03-768x432.jpg 768w, https:\/\/losperiodistas.com.mx\/portal\/wp-content\/uploads\/2025\/10\/Cifra20_03-1536x864.jpg 1536w, https:\/\/losperiodistas.com.mx\/portal\/wp-content\/uploads\/2025\/10\/Cifra20_03.jpg 1600w\" sizes=\"(max-width: 1024px) 100vw, 1024px\" \/><\/figure>\n\n\n\n<figure class=\"wp-block-image size-large\"><img loading=\"lazy\" decoding=\"async\" width=\"1024\" height=\"576\" data-id=\"109184\" src=\"https:\/\/losperiodistas.com.mx\/portal\/wp-content\/uploads\/2025\/10\/Cifra20_02-1024x576.jpg\" alt=\"\" class=\"wp-image-109184\" srcset=\"https:\/\/losperiodistas.com.mx\/portal\/wp-content\/uploads\/2025\/10\/Cifra20_02-1024x576.jpg 1024w, https:\/\/losperiodistas.com.mx\/portal\/wp-content\/uploads\/2025\/10\/Cifra20_02-300x169.jpg 300w, https:\/\/losperiodistas.com.mx\/portal\/wp-content\/uploads\/2025\/10\/Cifra20_02-768x432.jpg 768w, https:\/\/losperiodistas.com.mx\/portal\/wp-content\/uploads\/2025\/10\/Cifra20_02-1536x864.jpg 1536w, https:\/\/losperiodistas.com.mx\/portal\/wp-content\/uploads\/2025\/10\/Cifra20_02.jpg 1600w\" sizes=\"(max-width: 1024px) 100vw, 1024px\" \/><\/figure>\n<\/figure>\n\n\n\n<p>La Comisi\u00f3n de B\u00fasqueda de Personas del Estado de Puebla reafirma su compromiso de mantener acciones permanentes de localizaci\u00f3n y colaboraci\u00f3n interinstitucional, en coordinaci\u00f3n con autoridades federales, estatales y municipales, ante los recientes fen\u00f3menos meteorol\u00f3gicos registrados en la Sierra Norte del estado.<\/p>\n","protected":false},"excerpt":{"rendered":"<p>Redacci\u00f3n El Gobierno del Estado de Puebla confirm\u00f3 la&nbsp;localizaci\u00f3n sin vida de Sergio Franco Ju\u00e1rez, originario de Papatlazolco, Huauchinango, quien [&hellip;]<\/p>\n","protected":false},"author":1,"featured_media":109185,"comment_status":"open","ping_status":"open","sticky":false,"template":"","format":"standard","meta":{"site-sidebar-layout":"default","site-content-layout":"","ast-site-content-layout":"default","site-content-style":"default","site-sidebar-style":"default","ast-global-header-display":"","ast-banner-title-visibility":"","ast-main-header-display":"","ast-hfb-above-header-display":"","ast-hfb-below-header-display":"","ast-hfb-mobile-header-display":"","site-post-title":"","ast-breadcrumbs-content":"","ast-featured-img":"","footer-sml-layout":"","theme-transparent-header-meta":"","adv-header-id-meta":"","stick-header-meta":"","header-above-stick-meta":"","header-main-stick-meta":"","header-below-stick-meta":"","astra-migrate-meta-layouts":"default","ast-page-background-enabled":"default","ast-page-background-meta":{"desktop":{"background-color":"var(--ast-global-color-4)","background-image":"","background-repeat":"repeat","background-position":"center center","background-size":"auto","background-attachment":"scroll","background-type":"","background-media":"","overlay-type":"","overlay-color":"","overlay-opacity":"","overlay-gradient":""},"tablet":{"background-color":"","background-image":"","background-repeat":"repeat","background-position":"center center","background-size":"auto","background-attachment":"scroll","background-type":"","background-media":"","overlay-type":"","overlay-color":"","overlay-opacity":"","overlay-gradient":""},"mobile":{"background-color":"","background-image":"","background-repeat":"repeat","background-position":"center center","background-size":"auto","background-attachment":"scroll","background-type":"","background-media":"","overlay-type":"","overlay-color":"","overlay-opacity":"","overlay-gradient":""}},"ast-content-background-meta":{"desktop":{"background-color":"var(--ast-global-color-5)","background-image":"","background-repeat":"repeat","background-position":"center center","background-size":"auto","background-attachment":"scroll","background-type":"","background-media":"","overlay-type":"","overlay-color":"","overlay-opacity":"","overlay-gradient":""},"tablet":{"background-color":"var(--ast-global-color-5)","background-image":"","background-repeat":"repeat","background-position":"center center","background-size":"auto","background-attachment":"scroll","background-type":"","background-media":"","overlay-type":"","overlay-color":"","overlay-opacity":"","overlay-gradient":""},"mobile":{"background-color":"var(--ast-global-color-5)","background-image":"","background-repeat":"repeat","background-position":"center center","background-size":"auto","background-attachment":"scroll","background-type":"","background-media":"","overlay-type":"","overlay-color":"","overlay-opacity":"","overlay-gradient":""}},"footnotes":""},"categories":[8],"tags":[4442,25620,42760,42759],"class_list":["post-109179","post","type-post","status-publish","format-standard","has-post-thumbnail","hentry","category-noticias","tag-huauchinango","tag-lluvias-puebla","tag-papatlazolco","tag-sergio-franco-juarez"],"_links":{"self":[{"href":"https:\/\/losperiodistas.com.mx\/portal\/wp-json\/wp\/v2\/posts\/109179","targetHints":{"allow":["GET"]}}],"collection":[{"href":"https:\/\/losperiodistas.com.mx\/portal\/wp-json\/wp\/v2\/posts"}],"about":[{"href":"https:\/\/losperiodistas.com.mx\/portal\/wp-json\/wp\/v2\/types\/post"}],"author":[{"embeddable":true,"href":"https:\/\/losperiodistas.com.mx\/portal\/wp-json\/wp\/v2\/users\/1"}],"replies":[{"embeddable":true,"href":"https:\/\/losperiodistas.com.mx\/portal\/wp-json\/wp\/v2\/comments?post=109179"}],"version-history":[{"count":1,"href":"https:\/\/losperiodistas.com.mx\/portal\/wp-json\/wp\/v2\/posts\/109179\/revisions"}],"predecessor-version":[{"id":109186,"href":"https:\/\/losperiodistas.com.mx\/portal\/wp-json\/wp\/v2\/posts\/109179\/revisions\/109186"}],"wp:featuredmedia":[{"embeddable":true,"href":"https:\/\/losperiodistas.com.mx\/portal\/wp-json\/wp\/v2\/media\/109185"}],"wp:attachment":[{"href":"https:\/\/losperiodistas.com.mx\/portal\/wp-json\/wp\/v2\/media?parent=109179"}],"wp:term":[{"taxonomy":"category","embeddable":true,"href":"https:\/\/losperiodistas.com.mx\/portal\/wp-json\/wp\/v2\/categories?post=109179"},{"taxonomy":"post_tag","embeddable":true,"href":"https:\/\/losperiodistas.com.mx\/portal\/wp-json\/wp\/v2\/tags?post=109179"}],"curies":[{"name":"wp","href":"https:\/\/api.w.org\/{rel}","templated":true}]}}