{"id":109175,"date":"2025-10-21T19:58:41","date_gmt":"2025-10-22T01:58:41","guid":{"rendered":"https:\/\/losperiodistas.com.mx\/portal\/?p=109175"},"modified":"2025-10-21T19:58:43","modified_gmt":"2025-10-22T01:58:43","slug":"envia-centros-libre-casas-carmen-serdan-psicologas-a-la-sierra-norte","status":"publish","type":"post","link":"https:\/\/losperiodistas.com.mx\/portal\/envia-centros-libre-casas-carmen-serdan-psicologas-a-la-sierra-norte\/","title":{"rendered":"Env\u00eda Centros LIBRE- Casas Carmen Serd\u00e1n psic\u00f3logas a la Sierra Norte"},"content":{"rendered":"\n<p><em>Con la finalidad de apoyar a la salud mental de las y los albergados, as\u00ed como de las familias en las comunidades, la presidenta del Patronato del SEDIF solicit\u00f3 a este equipo de expertas acudir a la zona.<\/em><\/p>\n\n\n\n<figure class=\"wp-block-image size-large\"><img fetchpriority=\"high\" decoding=\"async\" width=\"1024\" height=\"683\" src=\"https:\/\/losperiodistas.com.mx\/portal\/wp-content\/uploads\/2025\/10\/WhatsApp_Image_2025-10-21_at_3.41.47_PM-1024x683.jpeg\" alt=\"\" class=\"wp-image-109177\" srcset=\"https:\/\/losperiodistas.com.mx\/portal\/wp-content\/uploads\/2025\/10\/WhatsApp_Image_2025-10-21_at_3.41.47_PM-1024x683.jpeg 1024w, https:\/\/losperiodistas.com.mx\/portal\/wp-content\/uploads\/2025\/10\/WhatsApp_Image_2025-10-21_at_3.41.47_PM-300x200.jpeg 300w, https:\/\/losperiodistas.com.mx\/portal\/wp-content\/uploads\/2025\/10\/WhatsApp_Image_2025-10-21_at_3.41.47_PM-768x512.jpeg 768w, https:\/\/losperiodistas.com.mx\/portal\/wp-content\/uploads\/2025\/10\/WhatsApp_Image_2025-10-21_at_3.41.47_PM.jpeg 1280w\" sizes=\"(max-width: 1024px) 100vw, 1024px\" \/><figcaption class=\"wp-element-caption\">Env\u00eda Centros LIBRE- Casas Carmen Serd\u00e1n psic\u00f3logas a la Sierra Norte<\/figcaption><\/figure>\n\n\n\n<p class=\"has-vivid-red-color has-text-color has-link-color wp-elements-eb27e7450528140191efa4df35f811c5\">Redacci\u00f3n<\/p>\n\n\n\n<p>Desde el inicio de la contingencia en la Sierra Norte por las fuertes lluvias, por indicaciones de la presidenta del Patronato del Sistema Estatal para el Desarrollo Integral de la Familia (SEDIF), Ceci Arellano, se movilizaron a las psic\u00f3logas de los Centros LIBRE- Casas Carmen Serd\u00e1n y del Centro Poblano de Salud Mental Integral (CEPOSAMI) para la atenci\u00f3n emocional de las personas en albergues y comunidades.<\/p>\n\n\n\n<figure class=\"wp-block-image size-large\"><img decoding=\"async\" width=\"1024\" height=\"931\" src=\"https:\/\/losperiodistas.com.mx\/portal\/wp-content\/uploads\/2025\/10\/WhatsApp_Image_2025-10-21_at_3.41.48_PM-1024x931.jpeg\" alt=\"\" class=\"wp-image-109176\" srcset=\"https:\/\/losperiodistas.com.mx\/portal\/wp-content\/uploads\/2025\/10\/WhatsApp_Image_2025-10-21_at_3.41.48_PM-1024x931.jpeg 1024w, https:\/\/losperiodistas.com.mx\/portal\/wp-content\/uploads\/2025\/10\/WhatsApp_Image_2025-10-21_at_3.41.48_PM-300x273.jpeg 300w, https:\/\/losperiodistas.com.mx\/portal\/wp-content\/uploads\/2025\/10\/WhatsApp_Image_2025-10-21_at_3.41.48_PM-768x698.jpeg 768w, https:\/\/losperiodistas.com.mx\/portal\/wp-content\/uploads\/2025\/10\/WhatsApp_Image_2025-10-21_at_3.41.48_PM-1536x1397.jpeg 1536w, https:\/\/losperiodistas.com.mx\/portal\/wp-content\/uploads\/2025\/10\/WhatsApp_Image_2025-10-21_at_3.41.48_PM-2048x1862.jpeg 2048w\" sizes=\"(max-width: 1024px) 100vw, 1024px\" \/><\/figure>\n\n\n\n<p>Durante la ma\u00f1anera que encabez\u00f3 el gobernador Alejandro Armenta, la coordinadora de los centros, Carmen Gonz\u00e1lez Serd\u00e1n, inform\u00f3 que desde el primer d\u00eda han brindado apoyo a las familias alojadas en los albergues activos de Huauchinango. Adem\u00e1s, el fin de semana pasado se trasladaron a los sitios de Pantepec. De esta manera, las brigadas rotar\u00e1n, ya que tambi\u00e9n ser\u00e1n enviadas a las comunidades y localidades donde se requiera de sanar.<\/p>\n\n\n\n<p>\u201cLas psic\u00f3logas que tenemos en Huauchinango y en Zacatl\u00e1n, las hemos movilizado. Ya nos hemos coordinado tambi\u00e9n con los Sistemas Municipales DIF para que ese apoyo contin\u00fae entre la poblaci\u00f3n que emocionalmente este mal por la p\u00e9rdida de un familiar, casa y bienes\u201d, subray\u00f3 la servidora p\u00fablica.<\/p>\n\n\n\n<p>Asimismo, Gonz\u00e1lez Serd\u00e1n coment\u00f3 que personal especializado del Centro Poblano de Salud Mental Integral dar\u00e1 apoyo a ni\u00f1as, ni\u00f1os y adolescentes de la Sierra Norte. Explic\u00f3 que, para este grupo poblacional, tambi\u00e9n el tema contingencia es algo fuerte y genera sentimientos encontrados.<\/p>\n\n\n\n<p>Por \u00faltimo, respecto a la apertura de otros Centros LIBRE- Casas Carmen Serd\u00e1n, coment\u00f3 que pr\u00f3ximamente se sumar\u00e1n nueve m\u00e1s a las 18 ya existentes en todo el estado. Adem\u00e1s, dio a conocer que en el Gobierno del Estado de Puebla fomenta la inculturaci\u00f3n, por lo que, en el espacio reci\u00e9n inaugurado en el municipio de Cuetzalan del Progreso, se dar\u00e1 atenci\u00f3n con apoyo de un int\u00e9rprete de tiempo completo, porque el 90 por ciento de la poblaci\u00f3n atendida habla su lengua originaria.<\/p>\n","protected":false},"excerpt":{"rendered":"<p>Con la finalidad de apoyar a la salud mental de las y los albergados, as\u00ed como de las familias en las comunidades, la presidenta del Patronato del SEDIF solicit\u00f3 a este equipo de expertas acudir a la zona.<\/p>\n","protected":false},"author":1,"featured_media":109177,"comment_status":"open","ping_status":"open","sticky":false,"template":"","format":"standard","meta":{"site-sidebar-layout":"default","site-content-layout":"","ast-site-content-layout":"default","site-content-style":"default","site-sidebar-style":"default","ast-global-header-display":"","ast-banner-title-visibility":"","ast-main-header-display":"","ast-hfb-above-header-display":"","ast-hfb-below-header-display":"","ast-hfb-mobile-header-display":"","site-post-title":"","ast-breadcrumbs-content":"","ast-featured-img":"","footer-sml-layout":"","theme-transparent-header-meta":"","adv-header-id-meta":"","stick-header-meta":"","header-above-stick-meta":"","header-main-stick-meta":"","header-below-stick-meta":"","astra-migrate-meta-layouts":"default","ast-page-background-enabled":"default","ast-page-background-meta":{"desktop":{"background-color":"var(--ast-global-color-4)","background-image":"","background-repeat":"repeat","background-position":"center center","background-size":"auto","background-attachment":"scroll","background-type":"","background-media":"","overlay-type":"","overlay-color":"","overlay-opacity":"","overlay-gradient":""},"tablet":{"background-color":"","background-image":"","background-repeat":"repeat","background-position":"center center","background-size":"auto","background-attachment":"scroll","background-type":"","background-media":"","overlay-type":"","overlay-color":"","overlay-opacity":"","overlay-gradient":""},"mobile":{"background-color":"","background-image":"","background-repeat":"repeat","background-position":"center center","background-size":"auto","background-attachment":"scroll","background-type":"","background-media":"","overlay-type":"","overlay-color":"","overlay-opacity":"","overlay-gradient":""}},"ast-content-background-meta":{"desktop":{"background-color":"var(--ast-global-color-5)","background-image":"","background-repeat":"repeat","background-position":"center center","background-size":"auto","background-attachment":"scroll","background-type":"","background-media":"","overlay-type":"","overlay-color":"","overlay-opacity":"","overlay-gradient":""},"tablet":{"background-color":"var(--ast-global-color-5)","background-image":"","background-repeat":"repeat","background-position":"center center","background-size":"auto","background-attachment":"scroll","background-type":"","background-media":"","overlay-type":"","overlay-color":"","overlay-opacity":"","overlay-gradient":""},"mobile":{"background-color":"var(--ast-global-color-5)","background-image":"","background-repeat":"repeat","background-position":"center center","background-size":"auto","background-attachment":"scroll","background-type":"","background-media":"","overlay-type":"","overlay-color":"","overlay-opacity":"","overlay-gradient":""}},"footnotes":""},"categories":[8],"tags":[42757,42756,42758,153,4746],"class_list":["post-109175","post","type-post","status-publish","format-standard","has-post-thumbnail","hentry","category-noticias","tag-casas-carmen-serdan","tag-centros-libre-puebla","tag-damnificados","tag-salud-mental","tag-sedif"],"_links":{"self":[{"href":"https:\/\/losperiodistas.com.mx\/portal\/wp-json\/wp\/v2\/posts\/109175","targetHints":{"allow":["GET"]}}],"collection":[{"href":"https:\/\/losperiodistas.com.mx\/portal\/wp-json\/wp\/v2\/posts"}],"about":[{"href":"https:\/\/losperiodistas.com.mx\/portal\/wp-json\/wp\/v2\/types\/post"}],"author":[{"embeddable":true,"href":"https:\/\/losperiodistas.com.mx\/portal\/wp-json\/wp\/v2\/users\/1"}],"replies":[{"embeddable":true,"href":"https:\/\/losperiodistas.com.mx\/portal\/wp-json\/wp\/v2\/comments?post=109175"}],"version-history":[{"count":1,"href":"https:\/\/losperiodistas.com.mx\/portal\/wp-json\/wp\/v2\/posts\/109175\/revisions"}],"predecessor-version":[{"id":109178,"href":"https:\/\/losperiodistas.com.mx\/portal\/wp-json\/wp\/v2\/posts\/109175\/revisions\/109178"}],"wp:featuredmedia":[{"embeddable":true,"href":"https:\/\/losperiodistas.com.mx\/portal\/wp-json\/wp\/v2\/media\/109177"}],"wp:attachment":[{"href":"https:\/\/losperiodistas.com.mx\/portal\/wp-json\/wp\/v2\/media?parent=109175"}],"wp:term":[{"taxonomy":"category","embeddable":true,"href":"https:\/\/losperiodistas.com.mx\/portal\/wp-json\/wp\/v2\/categories?post=109175"},{"taxonomy":"post_tag","embeddable":true,"href":"https:\/\/losperiodistas.com.mx\/portal\/wp-json\/wp\/v2\/tags?post=109175"}],"curies":[{"name":"wp","href":"https:\/\/api.w.org\/{rel}","templated":true}]}}