{"id":109165,"date":"2025-10-21T14:24:55","date_gmt":"2025-10-21T20:24:55","guid":{"rendered":"https:\/\/losperiodistas.com.mx\/portal\/?p=109165"},"modified":"2025-10-21T14:24:56","modified_gmt":"2025-10-21T20:24:56","slug":"una-blasfemia-horrible-en-mexico-mezclan-culto-de-la-santa-muerte-con-imagen-de-la-virgen-de-guadalupe-aci","status":"publish","type":"post","link":"https:\/\/losperiodistas.com.mx\/portal\/una-blasfemia-horrible-en-mexico-mezclan-culto-de-la-santa-muerte-con-imagen-de-la-virgen-de-guadalupe-aci\/","title":{"rendered":"\u201cUna blasfemia horrible\u201d: En M\u00e9xico mezclan culto de la Santa Muerte con imagen de la Virgen de Guadalupe | ACI"},"content":{"rendered":"\n<p><img fetchpriority=\"high\" decoding=\"async\" height=\"448\" width=\"672\" src=\"https:\/\/www.aciprensa.com\/imagespp\/santa-muerte-guadalupe-david-ramos-aci-1761072699.jpg?w=672&amp;h=448\" alt=\"Culto de la Santa Muerte mezclado con detalles de la imagen de la Virgen de Guadalupe\"><\/p>\n\n\n\n<p>Estatuas del culto de la \u00abSanta Muerte\u00bb, con detalles caracter\u00edsticos de la imagen de la Virgen de Guadalupe, a la venta en una tienda en M\u00e9xico. | Cr\u00e9dito: David Ramos\/ACI Prensa.<\/p>\n\n\n\n<p><a href=\"https:\/\/www.aciprensa.com\/autor\/1\/david-ramos\"><\/a><\/p>\n\n\n\n<p class=\"has-vivid-red-color has-text-color has-link-color has-medium-font-size wp-elements-7d492bbe4ce95fc2d1b0b6d377c5317f\"><strong>Por\u00a0<a href=\"https:\/\/www.aciprensa.com\/autor\/1\/david-ramos\">David Ramos<\/a> \/ ACI Prensa<\/strong><\/p>\n\n\n\n<p>La \u201cSanta Muerte\u201d, un culto considerado sat\u00e1nico originado en M\u00e9xico y frecuentado por criminales, ha sido mezclada con la imagen de la Virgen de Guadalupe, una de las advocaciones marianas de mayor devoci\u00f3n en Am\u00e9rica y en el mundo.<\/p>\n\n\n\n<p>Se trata, dijo recientemente a ACI Prensa el P. Stefano Cecchin, OFM, presidente de la Pontificia Academia Mariana Internacional (PAMI), de \u201cuna blasfemia horrible\u201d: \u201ca la Virgen de Guadalupe le ponen la cara de la muerte y la est\u00e1n difundiendo\u201d.<\/p>\n\n\n\n<h4 class=\"wp-block-heading\"><\/h4>\n\n\n\n<p>\u201cEl narcotr\u00e1fico tiene todo [este culto] en sus manos\u201d, denunci\u00f3.<\/p>\n\n\n\n<p>El P. Cecchin destac\u00f3 que en la PAMI tienen \u201cuna secci\u00f3n que se llama \u2018Liberar a Mar\u00eda de las mafias\u2019\u201d, en la que trabajan de la mano de las autoridades civiles.<\/p>\n\n\n\n<p>\u201cEsto es fundamental\u201d, dijo, pues \u201clas mafias abusan de la imagen de Mar\u00eda\u201d, us\u00e1ndola \u201cpara sus intereses personales. Y es aqu\u00ed donde debemos decir: \u2018cuidado\u2019\u201d.<\/p>\n\n\n\n<p>Diversos informes de medios mexicanos dan cuenta del hallazgo de altares sat\u00e1nicos, que incluyen estatuas de la \u201cSanta Muerte\u201d, en casas de personas intervenidas por la polic\u00eda, acusadas de v\u00ednculos con el crimen organizado.<\/p>\n\n\n\n<h4 class=\"wp-block-heading\"><\/h4>\n\n\n\n<h2 class=\"wp-block-heading\">\u201cUna llamada de atenci\u00f3n a la Iglesia\u201d<\/h2>\n\n\n\n<p>Para el coordinador del Comit\u00e9 Teol\u00f3gico del Colegio de Exorcistas de la Arquidi\u00f3cesis Primada de M\u00e9xico, P. Alberto Medel, \u201cel crecimiento del culto a la Santa Muerte y la mezcla con el culto mariano es una llamada de atenci\u00f3n a la Iglesia que le indica que tiene una gran deuda, que algo no se est\u00e1 haciendo bien\u201d.<\/p>\n\n\n\n<p>En declaraciones a ACI Prensa, el P. Medel advirti\u00f3 que se trata del \u201cs\u00edntoma de una enfermedad, de una Iglesia que no ha sabido ser madre que acoge a sus hijos sufrientes, que no ha sabido aliviar sus dolores, que se cierran las puertas a los que padecen graves sufrimientos y tienen que tocar otras puertas porque la puerta de la Iglesia la han encontrado cerrada\u201d.<\/p>\n\n\n\n<p>\u201cEs perentoria la catequizaci\u00f3n que los pastores de la Iglesia deben proporcionar a los fieles, especialmente a los m\u00e1s sencillos y que tanto sufren\u201d, subray\u00f3.<\/p>\n\n\n\n<p>El sacerdote mexicano resalt\u00f3 que la Iglesia Cat\u00f3lica debe \u201cfomentar las verdaderas devociones que, como resultado de la piedad cristiana que est\u00e1 orientada por la fe, respondan a las necesidades de los fieles cristianos que no entienden de teolog\u00edas, pero buscan sinceramente a Dios\u201d.<\/p>\n\n\n\n<p>\u201cEl fomento de la verdadera devoci\u00f3n pasa tambi\u00e9n por la publicaci\u00f3n de libritos y devocionales que sirvan a los fieles cristianos\u201d, dijo, al tiempo que lament\u00f3 que \u201ces muy triste constatar que se ha dejado de lado la saludable pr\u00e1ctica de publicar devocionarios que son autorizados por la Iglesia y que esta falta ha dado lugar a la proliferaci\u00f3n de literatura religiosa sin una doctrina recta y, a veces, fomentando ideas y pr\u00e1cticas supersticiosas\u201d.<\/p>\n\n\n\n<h2 class=\"wp-block-heading\">\u201cCaracter\u00edsticas de culto sat\u00e1nico\u201d<\/h2>\n\n\n\n<p>El P. Medel advirti\u00f3 que el culto a la Santa Muerte, popularizado en el centro de la capital mexicana durante la segunda mitad del siglo XX, \u201ctiene caracter\u00edsticas de culto sat\u00e1nico, pues los atributos malvados que se le dan a su supuesto poder, y tambi\u00e9n los favores que se le piden, van en contra de la vida, de la dignidad de las personas y de la pr\u00e1ctica del bien\u201d.<\/p>\n\n\n\n<p>\u201cSe trata, entonces, de una pr\u00e1ctica idol\u00e1trica que aleja de la verdadera religi\u00f3n y envilece a quien la practica al atribuir fuerzas divinas a seres que no s\u00f3lo no existen, sino que adem\u00e1s se anteponen a Dios\u201d, precis\u00f3.<\/p>\n\n\n\n<p>\u201cMuchos fieles en su desesperaci\u00f3n por las graves dificultades que enfrentan, aunada a su pobre pr\u00e1ctica de la fe, buscan soluciones en salidas f\u00e1ciles y r\u00e1pidas que los entrampan en la prisi\u00f3n de la superstici\u00f3n y que los hunde m\u00e1s en sus mismas dificultades\u201d, se\u00f1al\u00f3.<\/p>\n\n\n\n<h2 class=\"wp-block-heading\">\u201cEl gran peligro\u201d de mezclar a la Virgen de Guadalupe con el culto de la Santa Muerte<\/h2>\n\n\n\n<p>El sacerdote mexicano indic\u00f3 que quienes mezclan el culto de la Santa Muerte con la imagen de Nuestra Se\u00f1ora de Guadalupe lo hacen \u201cpara \u2018sacralizar\u2019 su culto\u201d, de tal forma que sientan que no hacen \u201cnada malo, porque \u2018junto con el culto a la Santa Muerte, tambi\u00e9n rinden culto a la Virgencita que es Madre de todos\u2019\u201d.<\/p>\n\n\n\n<p>\u201cCon esta forma de pensar y de actuar rebajan el culto que la verdadera fe nos hace darle a la Madre de Dios en su advocaci\u00f3n de Guadalupe y los desv\u00eda a un culto tambi\u00e9n idol\u00e1trico, atribuy\u00e9ndole a la Sant\u00edsima Virgen Mar\u00eda poderes que no tiene y, anteponi\u00e9ndola a Dios\u201d.<\/p>\n\n\n\n<p>A continuaci\u00f3n, advirti\u00f3 sobre \u201cel gran peligro que se enfrenta\u201d con esta mezcla: \u201cconfunden a los fieles, desv\u00edan del culto que agrada a Dios, rebaja el honor debido a la Madre de Dios y eleva a un nivel que no puede ni debe tener, el culto a la Santa Muerte\u201d.<\/p>\n\n\n\n<h2 class=\"wp-block-heading\">\u201cLa mejor defensa contra las asechanzas del demonio\u201d<\/h2>\n\n\n\n<p>El P. Medel destac\u00f3 que \u201cla pr\u00e1ctica exorc\u00edstica de la Iglesia y los grandes maestros de la vida espiritual nos confirman que todas las cosas que la Iglesia nos ha ense\u00f1ado y ha fomentado a lo largo de los siglos es la mejor defensa contra las asechanzas del enemigo, adem\u00e1s de que hace crecer en nosotros los sinceros sentimientos de fe que nos mueven a rendir a Dios el \u00fanico y verdadero culto que le agrada y que nos santifica\u201d.<\/p>\n\n\n\n<p>\u201cMe refiero a la vida sacramental, es decir, a la comuni\u00f3n eucar\u00edstica dominical y la confesi\u00f3n frecuente, la visita y adoraci\u00f3n al Sant\u00edsimo Sacramento, la lectura y meditaci\u00f3n diaria de textos breves de la Sagrada Escritura, como pueden ser los que se proclaman cada d\u00eda en la Santa Misa y el uso de libros de oraci\u00f3n y devocionarios aprobados por la Iglesia, los cuales hay que adquirirlos en librer\u00edas cat\u00f3licas y que a veces se ofrecen en las parroquias\u201d.<\/p>\n\n\n\n<p>\u201cFuimos creados para vivir en plenitud por el amor y esto s\u00f3lo se logra de la mano de quien nos cre\u00f3, por eso hagamos como dice el salmo \u2018haz la prueba y ver\u00e1s qu\u00e9 bueno es el Se\u00f1or\u2019, s\u00f3lo as\u00ed creceremos en la convicci\u00f3n de que todo lo podemos en Cristo y no seremos presa de pr\u00e1cticas supersticiosas e idol\u00e1tricas\u201d, concluy\u00f3.<\/p>\n\n\n\n<p>Fuente: <a href=\"https:\/\/www.aciprensa.com\/noticias\/118367\/blasfemia-horrible-mezclan-culto-de-la-santa-muerte-con-imagen-de-la-virgen-de-guadalupe-en-mexico\">https:\/\/www.aciprensa.com\/noticias\/118367\/blasfemia-horrible-mezclan-culto-de-la-santa-muerte-con-imagen-de-la-virgen-de-guadalupe-en-mexico<\/a><\/p>\n","protected":false},"excerpt":{"rendered":"<p>Estatuas del culto de la \u00abSanta Muerte\u00bb, con detalles caracter\u00edsticos de la imagen de la Virgen de Guadalupe, a la [&hellip;]<\/p>\n","protected":false},"author":1,"featured_media":109166,"comment_status":"open","ping_status":"open","sticky":false,"template":"","format":"standard","meta":{"site-sidebar-layout":"default","site-content-layout":"","ast-site-content-layout":"default","site-content-style":"default","site-sidebar-style":"default","ast-global-header-display":"","ast-banner-title-visibility":"","ast-main-header-display":"","ast-hfb-above-header-display":"","ast-hfb-below-header-display":"","ast-hfb-mobile-header-display":"","site-post-title":"","ast-breadcrumbs-content":"","ast-featured-img":"","footer-sml-layout":"","theme-transparent-header-meta":"","adv-header-id-meta":"","stick-header-meta":"","header-above-stick-meta":"","header-main-stick-meta":"","header-below-stick-meta":"","astra-migrate-meta-layouts":"default","ast-page-background-enabled":"default","ast-page-background-meta":{"desktop":{"background-color":"var(--ast-global-color-4)","background-image":"","background-repeat":"repeat","background-position":"center center","background-size":"auto","background-attachment":"scroll","background-type":"","background-media":"","overlay-type":"","overlay-color":"","overlay-opacity":"","overlay-gradient":""},"tablet":{"background-color":"","background-image":"","background-repeat":"repeat","background-position":"center center","background-size":"auto","background-attachment":"scroll","background-type":"","background-media":"","overlay-type":"","overlay-color":"","overlay-opacity":"","overlay-gradient":""},"mobile":{"background-color":"","background-image":"","background-repeat":"repeat","background-position":"center center","background-size":"auto","background-attachment":"scroll","background-type":"","background-media":"","overlay-type":"","overlay-color":"","overlay-opacity":"","overlay-gradient":""}},"ast-content-background-meta":{"desktop":{"background-color":"var(--ast-global-color-5)","background-image":"","background-repeat":"repeat","background-position":"center center","background-size":"auto","background-attachment":"scroll","background-type":"","background-media":"","overlay-type":"","overlay-color":"","overlay-opacity":"","overlay-gradient":""},"tablet":{"background-color":"var(--ast-global-color-5)","background-image":"","background-repeat":"repeat","background-position":"center center","background-size":"auto","background-attachment":"scroll","background-type":"","background-media":"","overlay-type":"","overlay-color":"","overlay-opacity":"","overlay-gradient":""},"mobile":{"background-color":"var(--ast-global-color-5)","background-image":"","background-repeat":"repeat","background-position":"center center","background-size":"auto","background-attachment":"scroll","background-type":"","background-media":"","overlay-type":"","overlay-color":"","overlay-opacity":"","overlay-gradient":""}},"footnotes":""},"categories":[8],"tags":[21853,42751,7288,1762],"class_list":["post-109165","post","type-post","status-publish","format-standard","has-post-thumbnail","hentry","category-noticias","tag-blasfemia","tag-p-stefano-cecchin","tag-santa-muerte","tag-virgen-de-guadalupe"],"_links":{"self":[{"href":"https:\/\/losperiodistas.com.mx\/portal\/wp-json\/wp\/v2\/posts\/109165","targetHints":{"allow":["GET"]}}],"collection":[{"href":"https:\/\/losperiodistas.com.mx\/portal\/wp-json\/wp\/v2\/posts"}],"about":[{"href":"https:\/\/losperiodistas.com.mx\/portal\/wp-json\/wp\/v2\/types\/post"}],"author":[{"embeddable":true,"href":"https:\/\/losperiodistas.com.mx\/portal\/wp-json\/wp\/v2\/users\/1"}],"replies":[{"embeddable":true,"href":"https:\/\/losperiodistas.com.mx\/portal\/wp-json\/wp\/v2\/comments?post=109165"}],"version-history":[{"count":1,"href":"https:\/\/losperiodistas.com.mx\/portal\/wp-json\/wp\/v2\/posts\/109165\/revisions"}],"predecessor-version":[{"id":109167,"href":"https:\/\/losperiodistas.com.mx\/portal\/wp-json\/wp\/v2\/posts\/109165\/revisions\/109167"}],"wp:featuredmedia":[{"embeddable":true,"href":"https:\/\/losperiodistas.com.mx\/portal\/wp-json\/wp\/v2\/media\/109166"}],"wp:attachment":[{"href":"https:\/\/losperiodistas.com.mx\/portal\/wp-json\/wp\/v2\/media?parent=109165"}],"wp:term":[{"taxonomy":"category","embeddable":true,"href":"https:\/\/losperiodistas.com.mx\/portal\/wp-json\/wp\/v2\/categories?post=109165"},{"taxonomy":"post_tag","embeddable":true,"href":"https:\/\/losperiodistas.com.mx\/portal\/wp-json\/wp\/v2\/tags?post=109165"}],"curies":[{"name":"wp","href":"https:\/\/api.w.org\/{rel}","templated":true}]}}