{"id":109163,"date":"2025-10-21T14:13:15","date_gmt":"2025-10-21T20:13:15","guid":{"rendered":"https:\/\/losperiodistas.com.mx\/portal\/?p=109163"},"modified":"2025-10-21T20:16:17","modified_gmt":"2025-10-22T02:16:17","slug":"opinion-un-poco-de-humor-y-de-gramatica-para-estos-tiempos","status":"publish","type":"post","link":"https:\/\/losperiodistas.com.mx\/portal\/opinion-un-poco-de-humor-y-de-gramatica-para-estos-tiempos\/","title":{"rendered":"Opini\u00f3n | Un poco de humor y de Gram\u00e1tica para estos tiempos"},"content":{"rendered":"\n<p class=\"has-vivid-red-color has-text-color has-link-color wp-elements-49199c93fe7045c638d1b152c062a093\"><strong><em>Por Ra\u00fal Torres Salmer\u00f3n<\/em><\/strong><\/p>\n\n\n\n<p>Ante las tragedias de la Sierra Norte de Puebla, las respuestas del Gobierno del Estado y la Presidencia de la Rep\u00fablica, la solidaridad de los poblanos que es extraordinaria, ma\u00f1aneras constantes, informaci\u00f3n sobre la atenci\u00f3n para ayudar a esas zonas, veamos un poco de humor y gram\u00e1tica para estos tiempos.<\/p>\n\n\n\n<p>Y como dijo un fil\u00f3sofo periodista, que ojal\u00e1 no suceda en el corto y el largo plazo: Y todav\u00eda faltar\u00eda para completar el cuadro, un temblor y una erupci\u00f3n del Volc\u00e1n Popocat\u00e9petl. &nbsp;<\/p>\n\n\n\n<p>Preguntas y respuestas para los amantes de la lectura y de la buena gram\u00e1tica. A continuaci\u00f3n, varios ejemplos de humor intelectual. Sonr\u00eda por favor.<\/p>\n\n\n\n<p>\u00bfPor qu\u00e9 vas tan elegante a la universidad? Porque tengo clase.<\/p>\n\n\n\n<p>\u00bfTiene un libro sobre la fatiga y el cansancio? Lo siento, est\u00e1n agotados.<\/p>\n\n\n\n<p>\u00bfLe gusta la teor\u00eda de Einstein? Relativamente.<\/p>\n\n\n\n<p>\u00bfAlguna vez pens\u00e9 que entre t\u00fa y yo todo se podr\u00eda? Y, pues s\u00ed, se pudri\u00f3.<\/p>\n\n\n\n<p>\u00bfQu\u00e9 tal le va a su hijo quien est\u00e1 practicando nataci\u00f3n? Nada mal.<\/p>\n\n\n\n<p>\u00bfDoctor, soy asm\u00e1tica, es grave? No, se\u00f1ora, es esdr\u00fajula.<\/p>\n\n\n\n<p>\u00bfSab\u00edas que el mes pasado contraje matrimonio? Claro, ten\u00eda que ser formal.<\/p>\n\n\n\n<p>\u00bfEstoy po\u00e9tico, qu\u00e9 opinas, no soy el ayer, ni soy el ma\u00f1ana? &nbsp;Que te llamas Eloy.<\/p>\n\n\n\n<p>Hola, cielo, \u00bfc\u00f3mo est\u00e1s? Parcialmente nublado, con probabilidades de lluvia.<\/p>\n\n\n\n<p>\u00bfPodr\u00eda decirme d\u00f3nde vio por \u00faltima vez a la se\u00f1ora de los molotes? Por su puesto.<\/p>\n\n\n\n<p>CURIOSIDADES DEL IDIOMA ESPA\u00d1OL<\/p>\n\n\n\n<p>Con 23 letras, se ha establecido que la palabra electroencefalografista es la m\u00e1s extensa de todas las aprobadas por la Real Academia Espa\u00f1ola (RAE).<\/p>\n\n\n\n<p>En el t\u00e9rmino centrifugados, todas las letras son diferentes y ninguna se repite.<\/p>\n\n\n\n<p>La palabra o\u00eda tiene tres s\u00edlabas en tres letras.<\/p>\n\n\n\n<p>En aristocr\u00e1ticos, cada letra aparece dos veces.<\/p>\n\n\n\n<p>El vocablo cinco tiene a su vez cinco letras, coincidencia que no se registra en ning\u00fan otro n\u00famero.<\/p>\n\n\n\n<p>El t\u00e9rmino correcci\u00f3n tiene dos letras dobles.<\/p>\n\n\n\n<p>Las palabras ecuatorianos y aeron\u00e1uticos tienen las mismas letras, pero en diferente orden.<\/p>\n\n\n\n<p>El t\u00e9rmino estuve contiene cuatro letras consecutivas por orden alfab\u00e9tico: s,t,u,v.<\/p>\n\n\n\n<p>Con 9 letras, menstrual es un vocablo largo con solo dos s\u00edlabas.<\/p>\n\n\n\n<p>La palabra pedig\u00fce\u00f1er\u00eda, definida por la RAE como cualidad de pedig\u00fce\u00f1o, tiene cuatro signos ortogr\u00e1ficos del idioma, la virgulilla de la \u00f1, la di\u00e9resis sobre la \u00fc, la tilde del acento y el punto sobre la i.<\/p>\n\n\n\n<p>El vocablo reconocer se lee lo mismo de izquierda a derecha, que viceversa, un pal\u00edndromo.<\/p>\n\n\n\n<p>La palabra euforia tiene las cinco vocales y s\u00f3lo dos consonantes. Otras palabras con cinco vocales y dos consonantes son murci\u00e9lago, eucalipto, aut\u00e9ntico y arquitecto. Existen muchas otras palabras con estas caracter\u00edsticas, especialmente aquellas que contienen todas las vocales en su estructura, pentavoc\u00e1licas, como por ejemplo abuelito, comunicable y educaci\u00f3n.<\/p>\n\n\n\n<p>LA PALABRA COSA<\/p>\n\n\n\n<p>Para terminar, veamos la definici\u00f3n de cosa del Diccionario Esencial de la Lengua Espa\u00f1ola de la RAE: 1. Lo que tiene entidad, ya sea corporal o espiritual, natural o artificial, concreta, abstracta o virtual. 2. Objeto inanimado, por oposici\u00f3n a ser viviente.<\/p>\n\n\n\n<p>\u00bfCu\u00e1ndo se usa la cosa? As\u00ed, por ejemplo, la unidad l\u00e9xica \u00abcosa\u00bb se utiliza para sustituir a otra palabra cuando no se puede ser m\u00e1s preciso o para referirse a un objeto, situaci\u00f3n, acci\u00f3n, actividad, idea, es decir, a muchas entidades, pero a ninguna en particular.<\/p>\n\n\n\n<p>\u00bfC\u00f3mo sustituir la palabra cosa? Ente, entidad, esencia, entelequia, ser, cuerpo, esp\u00e9cimen, objeto, elemento, instrumento, artefacto, art\u00edculo, coroto y otras m\u00e1s. Y como dice el cl\u00e1sico, a\u00fan hay m\u00e1s, sobre todo en el aspecto jur\u00eddico.<\/p>\n\n\n\n<p>En fin, como dice el poema a la Cosa:<\/p>\n\n\n\n<p>Dice don Juan de la Cosa<\/p>\n\n\n\n<p>que una cosa es una cosa<\/p>\n\n\n\n<p>y otra cosa es otra cosa,<\/p>\n\n\n\n<p>pero que una cosa y otra cosa,<\/p>\n\n\n\n<p>son todas la misma cosa.<\/p>\n\n\n\n<p>raultorress@hotmail.com<\/p>\n\n\n\n<hr class=\"wp-block-separator has-alpha-channel-opacity\"\/>\n\n\n\n<p><strong>+ OPINI\u00d3N : Las opiniones expresadas son responsabilidad del autor<\/strong><\/p>\n","protected":false},"excerpt":{"rendered":"<p>Por Ra\u00fal Torres Salmer\u00f3n Ante las tragedias de la Sierra Norte de Puebla, las respuestas del Gobierno del Estado y [&hellip;]<\/p>\n","protected":false},"author":1,"featured_media":143,"comment_status":"open","ping_status":"open","sticky":false,"template":"","format":"standard","meta":{"site-sidebar-layout":"default","site-content-layout":"","ast-site-content-layout":"default","site-content-style":"default","site-sidebar-style":"default","ast-global-header-display":"","ast-banner-title-visibility":"","ast-main-header-display":"","ast-hfb-above-header-display":"","ast-hfb-below-header-display":"","ast-hfb-mobile-header-display":"","site-post-title":"","ast-breadcrumbs-content":"","ast-featured-img":"","footer-sml-layout":"","theme-transparent-header-meta":"","adv-header-id-meta":"","stick-header-meta":"","header-above-stick-meta":"","header-main-stick-meta":"","header-below-stick-meta":"","astra-migrate-meta-layouts":"default","ast-page-background-enabled":"default","ast-page-background-meta":{"desktop":{"background-color":"var(--ast-global-color-4)","background-image":"","background-repeat":"repeat","background-position":"center center","background-size":"auto","background-attachment":"scroll","background-type":"","background-media":"","overlay-type":"","overlay-color":"","overlay-opacity":"","overlay-gradient":""},"tablet":{"background-color":"","background-image":"","background-repeat":"repeat","background-position":"center center","background-size":"auto","background-attachment":"scroll","background-type":"","background-media":"","overlay-type":"","overlay-color":"","overlay-opacity":"","overlay-gradient":""},"mobile":{"background-color":"","background-image":"","background-repeat":"repeat","background-position":"center center","background-size":"auto","background-attachment":"scroll","background-type":"","background-media":"","overlay-type":"","overlay-color":"","overlay-opacity":"","overlay-gradient":""}},"ast-content-background-meta":{"desktop":{"background-color":"var(--ast-global-color-5)","background-image":"","background-repeat":"repeat","background-position":"center center","background-size":"auto","background-attachment":"scroll","background-type":"","background-media":"","overlay-type":"","overlay-color":"","overlay-opacity":"","overlay-gradient":""},"tablet":{"background-color":"var(--ast-global-color-5)","background-image":"","background-repeat":"repeat","background-position":"center center","background-size":"auto","background-attachment":"scroll","background-type":"","background-media":"","overlay-type":"","overlay-color":"","overlay-opacity":"","overlay-gradient":""},"mobile":{"background-color":"var(--ast-global-color-5)","background-image":"","background-repeat":"repeat","background-position":"center center","background-size":"auto","background-attachment":"scroll","background-type":"","background-media":"","overlay-type":"","overlay-color":"","overlay-opacity":"","overlay-gradient":""}},"footnotes":""},"categories":[8,19],"tags":[15391,42750],"class_list":["post-109163","post","type-post","status-publish","format-standard","has-post-thumbnail","hentry","category-noticias","category-sin-limites-2","tag-gramatica","tag-humor-intelectual"],"_links":{"self":[{"href":"https:\/\/losperiodistas.com.mx\/portal\/wp-json\/wp\/v2\/posts\/109163","targetHints":{"allow":["GET"]}}],"collection":[{"href":"https:\/\/losperiodistas.com.mx\/portal\/wp-json\/wp\/v2\/posts"}],"about":[{"href":"https:\/\/losperiodistas.com.mx\/portal\/wp-json\/wp\/v2\/types\/post"}],"author":[{"embeddable":true,"href":"https:\/\/losperiodistas.com.mx\/portal\/wp-json\/wp\/v2\/users\/1"}],"replies":[{"embeddable":true,"href":"https:\/\/losperiodistas.com.mx\/portal\/wp-json\/wp\/v2\/comments?post=109163"}],"version-history":[{"count":1,"href":"https:\/\/losperiodistas.com.mx\/portal\/wp-json\/wp\/v2\/posts\/109163\/revisions"}],"predecessor-version":[{"id":109164,"href":"https:\/\/losperiodistas.com.mx\/portal\/wp-json\/wp\/v2\/posts\/109163\/revisions\/109164"}],"wp:featuredmedia":[{"embeddable":true,"href":"https:\/\/losperiodistas.com.mx\/portal\/wp-json\/wp\/v2\/media\/143"}],"wp:attachment":[{"href":"https:\/\/losperiodistas.com.mx\/portal\/wp-json\/wp\/v2\/media?parent=109163"}],"wp:term":[{"taxonomy":"category","embeddable":true,"href":"https:\/\/losperiodistas.com.mx\/portal\/wp-json\/wp\/v2\/categories?post=109163"},{"taxonomy":"post_tag","embeddable":true,"href":"https:\/\/losperiodistas.com.mx\/portal\/wp-json\/wp\/v2\/tags?post=109163"}],"curies":[{"name":"wp","href":"https:\/\/api.w.org\/{rel}","templated":true}]}}