{"id":109152,"date":"2025-10-21T05:23:11","date_gmt":"2025-10-21T11:23:11","guid":{"rendered":"https:\/\/losperiodistas.com.mx\/portal\/?p=109152"},"modified":"2025-10-21T05:23:15","modified_gmt":"2025-10-21T11:23:15","slug":"las-mujeres-tras-las-joyas-del-robo-en-el-louvre-de-la-tiara-de-eugenia-de-montijo-a-los-zafiros-de-la-reina-hortensia-magas","status":"publish","type":"post","link":"https:\/\/losperiodistas.com.mx\/portal\/las-mujeres-tras-las-joyas-del-robo-en-el-louvre-de-la-tiara-de-eugenia-de-montijo-a-los-zafiros-de-la-reina-hortensia-magas\/","title":{"rendered":"Las mujeres tras las joyas del robo en el Louvre: de la tiara de Eugenia de Montijo a los zafiros de la reina Hortensia | Magas"},"content":{"rendered":"\n<h2 class=\"wp-block-heading has-background\" style=\"background-color:#ff6a008f\">El asalto supone la p\u00e9rdida de un patrimonio incalculable y desgarra parte de la historia para devolvernos el eco de las mujeres que lucieron esas piezas.<\/h2>\n\n\n\n<h2 class=\"wp-block-heading has-ast-global-color-4-background-color has-background has-medium-font-size\"><strong>M\u00e1s informaci\u00f3n:&nbsp;<\/strong><a href=\"https:\/\/www.elespanol.com\/mujer\/mujeres-historia\/20251019\/eugenia-montijo-emperatriz-espanola-cuya-corona-aparecio-rota-robo-louvre\/1003743975829_0.html?utm_cmp_rs=subtitle\">\u00bfQui\u00e9n fue Eugenia de Montijo? La emperatriz cuya corona apareci\u00f3 rota tras el robo del Louvre<\/a><\/h2>\n\n\n\n<figure class=\"wp-block-image size-large\"><img fetchpriority=\"high\" decoding=\"async\" width=\"1024\" height=\"576\" src=\"https:\/\/losperiodistas.com.mx\/portal\/wp-content\/uploads\/2025\/10\/1003743978503_259483996_1706x960-1024x576.jpeg\" alt=\"\" class=\"wp-image-109153\" srcset=\"https:\/\/losperiodistas.com.mx\/portal\/wp-content\/uploads\/2025\/10\/1003743978503_259483996_1706x960-1024x576.jpeg 1024w, https:\/\/losperiodistas.com.mx\/portal\/wp-content\/uploads\/2025\/10\/1003743978503_259483996_1706x960-300x169.jpeg 300w, https:\/\/losperiodistas.com.mx\/portal\/wp-content\/uploads\/2025\/10\/1003743978503_259483996_1706x960-768x432.jpeg 768w, https:\/\/losperiodistas.com.mx\/portal\/wp-content\/uploads\/2025\/10\/1003743978503_259483996_1706x960-1536x864.jpeg 1536w, https:\/\/losperiodistas.com.mx\/portal\/wp-content\/uploads\/2025\/10\/1003743978503_259483996_1706x960.jpeg 1706w\" sizes=\"(max-width: 1024px) 100vw, 1024px\" \/><figcaption class=\"wp-element-caption\">Napole\u00f3n III y Eugenia, grabado en madera, publicado en 1900.\u00a0Istock<\/figcaption><\/figure>\n\n\n\n<p class=\"has-vivid-red-color has-text-color has-link-color has-medium-font-size wp-elements-b4729c23f5b6804fabdcef69eeaa9805\"><strong>Alba D\u00edaz \/ Magas \/ EE<\/strong><\/p>\n\n\n\n<p id=\"paragraph_1\">El pasado domingo, el mundo contuvo el aliento ante la noticia del&nbsp;<strong>robo en el coraz\u00f3n de Par\u00eds<\/strong>&nbsp;cuando un comando de asaltantes vulner\u00f3 la seguridad del&nbsp;<a href=\"https:\/\/www.elespanol.com\/el-cultural\/arte\/20251019\/diadema-eugenia-montijo-collar-zafiros-real-joyas-robadas-louvre\/1003743976099_0.html?utm_cmp_rs=linksinline\">Museo del Louvre<\/a>. Bastaron siete minutos para conseguir su objetivo.<\/p>\n\n\n\n<p id=\"paragraph_2\">El crimen se perpetr\u00f3 en la Galer\u00eda Apolo, un espacio que, m\u00e1s all\u00e1 de su simbolismo y arquitectura, es un cofre de leyendas femeninas.&nbsp;<a href=\"https:\/\/www.elespanol.com\/el-cultural\/arte\/20251019\/robo-louvre-chaleco-amarillo-motosierras-grua-confusion-obras\/1003743975967_0.html?utm_cmp_rs=linksinline\">El bot\u00edn<\/a>, en gran parte todav\u00eda desaparecido, estaba compuesto por&nbsp;<strong>nueve joyas de la Colecci\u00f3n de la Corona Francesa<\/strong>.<\/p>\n\n\n\n<p id=\"paragraph_3\">Las piezas robadas pertenecen a la&nbsp;<strong>colecci\u00f3n de zafiros de la reina Mar\u00eda Amelia y la reina Hortensia<\/strong>: una tiara, un collar y un par de pendientes. Tambi\u00e9n han sustra\u00eddo un collar y un juego de pendientes de esmeraldas del conjunto de Mar\u00eda Luisa; as\u00ed como una tiara, un &#8216;broche relicario&#8217; y un gran lazo de corpi\u00f1o de la emperatriz Eugenia.<\/p>\n\n\n\n<p><a href=\"https:\/\/www.elespanol.com\/el-cultural\/arte\/20251020\/robo-louvre-desgracia-anunciada-informe-revelo-deficiente-seguridad-museo\/1003743977970_0.html?utm_cmp_rs=relatednewsinline\">El robo del Louvre, una desgracia anunciada: un informe revel\u00f3 la deficiente seguridad del museo<\/a><\/p>\n\n\n\n<p id=\"paragraph_4\">El valor de estas alhajas no reside \u00fanicamente en sus quilates o en el precio inestimable que hoy les otorga el Ministerio de Cultura franc\u00e9s. Hay que buscarlo m\u00e1s bien en&nbsp;<strong>la historia de las mujeres que las encargaron<\/strong>, las lucieron en momentos de m\u00e1ximo esplendor o crisis y las convirtieron en s\u00edmbolos de su poder y estilo.<\/p>\n\n\n\n<h3 class=\"wp-block-heading\">Mar\u00eda Luisa<\/h3>\n\n\n\n<p id=\"paragraph_5\">La lista de piezas robadas incluye un<strong>&nbsp;collar de esmeraldas<\/strong>&nbsp;que transporta al apogeo del Primer Imperio franc\u00e9s, un trozo de historia ligado a Mar\u00eda Luisa de Austria (Viena, 1791-1847, Parma), la emperatriz que se cas\u00f3 con Napole\u00f3n I.<\/p>\n\n\n\n<p id=\"paragraph_6\">Para el gobernante, la joyer\u00eda no era un simple capricho, sino una herramienta de propaganda pol\u00edtica. Al igual que los antiguos emperadores, este usaba los regalos opulentos \u2014especialmente los conjuntos de la piedra preciosa verde y diamantes\u2014 para hacer<strong>&nbsp;una demostraci\u00f3n p\u00fablica y deslumbrante de riqueza y solidez<\/strong>.<\/p>\n\n\n\n<figure class=\"wp-block-image size-large\"><img decoding=\"async\" width=\"817\" height=\"1024\" src=\"https:\/\/losperiodistas.com.mx\/portal\/wp-content\/uploads\/2025\/10\/1003743976112_259484023_1706x2139-817x1024.webp\" alt=\"\" class=\"wp-image-109154\" srcset=\"https:\/\/losperiodistas.com.mx\/portal\/wp-content\/uploads\/2025\/10\/1003743976112_259484023_1706x2139-817x1024.webp 817w, https:\/\/losperiodistas.com.mx\/portal\/wp-content\/uploads\/2025\/10\/1003743976112_259484023_1706x2139-239x300.webp 239w, https:\/\/losperiodistas.com.mx\/portal\/wp-content\/uploads\/2025\/10\/1003743976112_259484023_1706x2139-768x963.webp 768w, https:\/\/losperiodistas.com.mx\/portal\/wp-content\/uploads\/2025\/10\/1003743976112_259484023_1706x2139-1225x1536.webp 1225w, https:\/\/losperiodistas.com.mx\/portal\/wp-content\/uploads\/2025\/10\/1003743976112_259484023_1706x2139-1633x2048.webp 1633w, https:\/\/losperiodistas.com.mx\/portal\/wp-content\/uploads\/2025\/10\/1003743976112_259484023_1706x2139.webp 1706w\" sizes=\"(max-width: 817px) 100vw, 817px\" \/><\/figure>\n\n\n\n<p>Collar de esmeraldas del conjunto de Marie-Louise.&nbsp;Museo Louvre<\/p>\n\n\n\n<p id=\"paragraph_7\">As\u00ed, artesanos como&nbsp;<strong>Marie-\u00c9tienne Nitot<\/strong>&nbsp;y la hoy legendaria<strong>&nbsp;casa Chaumet<\/strong>&nbsp;fueron los encargados de crear estas piezas para la&nbsp;<em>royal.<\/em>&nbsp;Su prop\u00f3sito: consolidar la legitimidad de la nueva dinast\u00eda Bonaparte y, sobre todo, sellar la importante alianza con la poderosa Casa de Habsburgo. El lujo se convert\u00eda as\u00ed en el lenguaje universal del poder.<\/p>\n\n\n\n<h3 class=\"wp-block-heading\">Mar\u00eda Amelia y Hortensia de Beauharnais<\/h3>\n\n\n\n<p id=\"paragraph_8\">Hija de los reyes de N\u00e1poles y Sicilia y esposa de Luis Carlos de Francia,<strong>\u00a0Mar\u00eda Amelia<\/strong>\u00a0(N\u00e1poles, 1782 &#8211; 1866, Surrey) represent\u00f3 la transici\u00f3n entre una monarqu\u00eda agotada y el pa\u00eds galo que ya aspiraba a la revoluci\u00f3n. Su figura era mucho m\u00e1s austera que la ostentosa de quien la reemplaz\u00f3, encarnando esa nobleza a punto de la retirada<\/p>\n\n\n\n<p><a href=\"https:\/\/www.elespanol.com\/edicion\/20251020\/video-desvela-momento-ladrones-entran-galeria-apolo-louvre\/1003743977632_16.html?utm_cmp_rs=relatednewsinline\">Un v\u00eddeo desvela el momento en el que los ladrones rompen las vitrinas para llevarse las joyas del Louvre<\/a><\/p>\n\n\n\n<p id=\"paragraph_9\">Por otro lado,&nbsp;<strong>Hortensia de Beauharnais<\/strong>&nbsp;(Par\u00eds, 1783 &#8211; 1837, Turgovia), reina de Holanda e hijastra de Napole\u00f3n Bonaparte, era en aquel entonces joven, ambiciosa y nacida en la estela del nuevo orden. Educada para la grandeza en una Europa que oscilaba entre imperios y rep\u00fablicas, pareci\u00f3 entender la joyer\u00eda.<\/p>\n\n\n\n<p id=\"paragraph_10\">Entre las piezas robadas el domingo que una vez les pertenecieron a ambas, se encontraba su c\u00e9lebre&nbsp;<strong><em>parure<\/em>&nbsp;de zafiros \u2014una tiara, un collar y un pendiente\u2014<\/strong>, confeccionados en el primer tercio del siglo XIX para la corte de los Borbones.<\/p>\n\n\n\n<figure class=\"wp-block-image size-large\"><img decoding=\"async\" width=\"1024\" height=\"706\" src=\"https:\/\/losperiodistas.com.mx\/portal\/wp-content\/uploads\/2025\/10\/1003743976118_259484048_1706x1177-1024x706.webp\" alt=\"\" class=\"wp-image-109155\" srcset=\"https:\/\/losperiodistas.com.mx\/portal\/wp-content\/uploads\/2025\/10\/1003743976118_259484048_1706x1177-1024x706.webp 1024w, https:\/\/losperiodistas.com.mx\/portal\/wp-content\/uploads\/2025\/10\/1003743976118_259484048_1706x1177-300x207.webp 300w, https:\/\/losperiodistas.com.mx\/portal\/wp-content\/uploads\/2025\/10\/1003743976118_259484048_1706x1177-768x530.webp 768w, https:\/\/losperiodistas.com.mx\/portal\/wp-content\/uploads\/2025\/10\/1003743976118_259484048_1706x1177-1536x1060.webp 1536w, https:\/\/losperiodistas.com.mx\/portal\/wp-content\/uploads\/2025\/10\/1003743976118_259484048_1706x1177.webp 1706w\" sizes=\"(max-width: 1024px) 100vw, 1024px\" \/><\/figure>\n\n\n\n<p>Par de pendientes del conjunto de la reina Mar\u00eda Amelia y la reina Hortensia.&nbsp;Museo Louvre<\/p>\n\n\n\n<p id=\"paragraph_11\">Aquellas piedras preciosas, de un azul intenso, fueron su emblema. Con ellas, ambas parec\u00edan intentar mantener intacta la ilusi\u00f3n de permanencia en un mundo que ya giraba fuera del control de su dinast\u00eda.<\/p>\n\n\n\n<h3 class=\"wp-block-heading\">Eugenia de Montijo<\/h3>\n\n\n\n<p id=\"paragraph_12\">La figura central en la colecci\u00f3n robada es, sin duda, la de Eugenia de Montijo (Granada, 1826-1920, Madrid), esposa de Luis Napole\u00f3n Bonaparte III desde 1853 y&nbsp;<strong>\u00faltima emperatriz de Francia<\/strong>.<\/p>\n\n\n\n<p id=\"paragraph_13\">Espa\u00f1ola de nacimiento y con un gusto excepcional, fue una aut\u00e9ntica\u00a0<em>influencer<\/em>\u00a0de su tiempo, marcando las tendencias de la moda y los accesorios en toda Europa. Su<strong>\u00a0gusto por las gemas grandes y los dise\u00f1os neocl\u00e1sicos<\/strong>\u00a0impuls\u00f3 la industria joyera parisina.<\/p>\n\n\n\n<figure class=\"wp-block-image size-large\"><img loading=\"lazy\" decoding=\"async\" width=\"1024\" height=\"920\" src=\"https:\/\/losperiodistas.com.mx\/portal\/wp-content\/uploads\/2025\/10\/Captura-de-pantalla-2025-10-21-a-las-1.15.41\u202fp.m-1024x920.png\" alt=\"\" class=\"wp-image-109156\" srcset=\"https:\/\/losperiodistas.com.mx\/portal\/wp-content\/uploads\/2025\/10\/Captura-de-pantalla-2025-10-21-a-las-1.15.41\u202fp.m-1024x920.png 1024w, https:\/\/losperiodistas.com.mx\/portal\/wp-content\/uploads\/2025\/10\/Captura-de-pantalla-2025-10-21-a-las-1.15.41\u202fp.m-300x270.png 300w, https:\/\/losperiodistas.com.mx\/portal\/wp-content\/uploads\/2025\/10\/Captura-de-pantalla-2025-10-21-a-las-1.15.41\u202fp.m-768x690.png 768w, https:\/\/losperiodistas.com.mx\/portal\/wp-content\/uploads\/2025\/10\/Captura-de-pantalla-2025-10-21-a-las-1.15.41\u202fp.m.png 1086w\" sizes=\"(max-width: 1024px) 100vw, 1024px\" \/><figcaption class=\"wp-element-caption\"><strong><a href=\"https:\/\/www.instagram.com\/p\/CU98dldKJCx\/?utm_source=ig_web_copy_link\">VER EN INSTAGRAM<\/a><\/strong><\/figcaption><\/figure>\n\n\n\n<p id=\"paragraph_14\">Y es que, m\u00e1s all\u00e1 de cualquier vanidad, la gobernante se convirti\u00f3 por aquel entonces en<strong>&nbsp;un icono&nbsp;<em>fashion<\/em>&nbsp;en el continente<\/strong>. Tomaba el vestir como una obligaci\u00f3n de su cargo; llegando a un acuerdo con Napole\u00f3n III para promocionar con sus prendas los sectores industriales m\u00e1s necesitados, como, adem\u00e1s del ya mencionado, el comercio o el textil.<\/p>\n\n\n\n<p id=\"paragraph_15\">El apoyo a las manufacturas de seda de Lyon, junto con su influencia en la costura parisina a trav\u00e9s de su colaboraci\u00f3n con el modisto ingl\u00e9s Charles Frederick Worth y&nbsp;<strong>su gusto por las joyas y complementos<\/strong>, fue crucial para impulsar la econom\u00eda francesa, haciendo de la capital del pa\u00eds el centro neur\u00e1lgico de este \u00e1mbito.<\/p>\n\n\n\n<p><a href=\"https:\/\/www.elespanol.com\/el-cultural\/20251019\/atraco-pasos-gioconda-preguntas-responder-robo-joyas-museo-louvre\/1003743976546_0.html?utm_cmp_rs=relatednewsinline\">Un atraco a dos pasos de &#8216;La Gioconda&#8217;: preguntas por responder sobre el robo de las joyas en el Museo del Louvre<\/a><\/p>\n\n\n\n<p id=\"paragraph_16\">A pesar de que sus contempor\u00e1neos<strong>&nbsp;la criticaron por considerarla fr\u00edvola<\/strong>, por ser una amante de la ropa, Eugenia se defendi\u00f3, explicando en una carta al escritor Lucien Daudet que su vestimenta y su papel eran inseparables. Se compar\u00f3 con una actriz cuyo vestuario forma parte de su rol como parte de la realeza.<\/p>\n\n\n\n<p id=\"paragraph_17\">De su ajuar depositado en la Galer\u00eda Apolo del Louvre, los ladrones sustrajeron varias alhaja, incluyendo dos que son emblem\u00e1ticas.&nbsp;<strong>La corona, aunque fue recuperada, sufri\u00f3 da\u00f1os durante el robo<\/strong>. La pieza es una de esas muestras del&nbsp;<em>glamour<\/em>&nbsp;imperial.<\/p>\n\n\n\n<figure class=\"wp-block-image size-large\"><img loading=\"lazy\" decoding=\"async\" width=\"1024\" height=\"777\" src=\"https:\/\/losperiodistas.com.mx\/portal\/wp-content\/uploads\/2025\/10\/1003743978181_259484073_1706x1294-1024x777.webp\" alt=\"\" class=\"wp-image-109157\" srcset=\"https:\/\/losperiodistas.com.mx\/portal\/wp-content\/uploads\/2025\/10\/1003743978181_259484073_1706x1294-1024x777.webp 1024w, https:\/\/losperiodistas.com.mx\/portal\/wp-content\/uploads\/2025\/10\/1003743978181_259484073_1706x1294-300x228.webp 300w, https:\/\/losperiodistas.com.mx\/portal\/wp-content\/uploads\/2025\/10\/1003743978181_259484073_1706x1294-768x583.webp 768w, https:\/\/losperiodistas.com.mx\/portal\/wp-content\/uploads\/2025\/10\/1003743978181_259484073_1706x1294-1536x1165.webp 1536w, https:\/\/losperiodistas.com.mx\/portal\/wp-content\/uploads\/2025\/10\/1003743978181_259484073_1706x1294.webp 1706w\" sizes=\"(max-width: 1024px) 100vw, 1024px\" \/><\/figure>\n\n\n\n<p>Corona de la emperatriz Eugenia de Montijo<\/p>\n\n\n\n<p id=\"paragraph_18\">La cre\u00f3 el joyero real Alfred Bapst en 1855, un tesoro que la emperatriz luci\u00f3 en incontables eventos de Estado. Su dise\u00f1o cuenta con<strong>&nbsp;una base de terciopelo y 1.354 diamantes y 56 esmeraldas<\/strong>; representa la c\u00faspide del estilo del Segundo Imperio, una \u00e9poca de efervescencia cultural y lujo desbordado.<\/p>\n\n\n\n<p><a href=\"https:\/\/www.elespanol.com\/deportes\/20251020\/eugenia-montijo-duena-joyas-robadas-louvre-emperatriz-deportista-preferia-juegos-chicos\/1003743977742_0.html?utm_cmp_rs=relatednewsinline\">Eugenia de Montijo, la &#8216;due\u00f1a&#8217; de las joyas robadas en el Louvre: la emperatriz deportista que prefer\u00eda los juegos de chicos<\/a><\/p>\n\n\n\n<p id=\"paragraph_19\">Su valor, claro, va m\u00e1s all\u00e1 del material; simboliza la \u00faltima gran corte real francesa.<strong>&nbsp;La diadema&nbsp;<\/strong>de la emperatriz Eugenia tambi\u00e9n forma parte del bot\u00edn. Es una joya que Napole\u00f3n III le regal\u00f3 en el d\u00eda de su boda, en 1853. Tiene<strong>&nbsp;212 perlas y 2.000 diamantes<\/strong>&nbsp;y es obra del joyero del emperador, Alexandre-Gabriel Lemonnier.<\/p>\n\n\n\n<figure class=\"wp-block-image size-large\"><img loading=\"lazy\" decoding=\"async\" width=\"1024\" height=\"576\" src=\"https:\/\/losperiodistas.com.mx\/portal\/wp-content\/uploads\/2025\/10\/1003743978199_259480310_1706x960-1024x576.webp\" alt=\"\" class=\"wp-image-109158\" srcset=\"https:\/\/losperiodistas.com.mx\/portal\/wp-content\/uploads\/2025\/10\/1003743978199_259480310_1706x960-1024x576.webp 1024w, https:\/\/losperiodistas.com.mx\/portal\/wp-content\/uploads\/2025\/10\/1003743978199_259480310_1706x960-300x169.webp 300w, https:\/\/losperiodistas.com.mx\/portal\/wp-content\/uploads\/2025\/10\/1003743978199_259480310_1706x960-768x432.webp 768w, https:\/\/losperiodistas.com.mx\/portal\/wp-content\/uploads\/2025\/10\/1003743978199_259480310_1706x960-1536x864.webp 1536w, https:\/\/losperiodistas.com.mx\/portal\/wp-content\/uploads\/2025\/10\/1003743978199_259480310_1706x960.webp 1706w\" sizes=\"(max-width: 1024px) 100vw, 1024px\" \/><\/figure>\n\n\n\n<p>Estas son las 8 piezas robadas en el Louvre: se dejaron la m\u00e1s valiosa, imposible de vender en el mercado negro.<\/p>\n\n\n\n<p id=\"paragraph_20\">Estas piezas eran m\u00e1s que adornos; fueron&nbsp;<strong>herramientas de diplomacia y poder<\/strong>. Con cada aparici\u00f3n, la emperatriz proyectaba la imagen de una Francia pr\u00f3spera. Se hicieron para establecer una nueva dinast\u00eda \u2014la Bonaparte\u2014 que solo el lujo m\u00e1s extremo pod\u00eda demostrar.<\/p>\n\n\n\n<h3 class=\"wp-block-heading\">Cofre de recuerdos<\/h3>\n\n\n\n<p id=\"paragraph_21\">La&nbsp;<strong>Galer\u00eda de Apolo<\/strong>, el escenario del crimen, no es casual. Antes de convertirse en sala de exposiciones, era el lugar donde las consortes, desde la \u00e9poca de Luis XIV hasta Eugenia, guardaban y exhib\u00edan sus tesoros.<\/p>\n\n\n\n<figure class=\"wp-block-image size-large\"><img loading=\"lazy\" decoding=\"async\" width=\"1024\" height=\"576\" src=\"https:\/\/losperiodistas.com.mx\/portal\/wp-content\/uploads\/2025\/10\/1003743978536_259484372_1706x960-1024x576.webp\" alt=\"\" class=\"wp-image-109159\" srcset=\"https:\/\/losperiodistas.com.mx\/portal\/wp-content\/uploads\/2025\/10\/1003743978536_259484372_1706x960-1024x576.webp 1024w, https:\/\/losperiodistas.com.mx\/portal\/wp-content\/uploads\/2025\/10\/1003743978536_259484372_1706x960-300x169.webp 300w, https:\/\/losperiodistas.com.mx\/portal\/wp-content\/uploads\/2025\/10\/1003743978536_259484372_1706x960-768x432.webp 768w, https:\/\/losperiodistas.com.mx\/portal\/wp-content\/uploads\/2025\/10\/1003743978536_259484372_1706x960-1536x864.webp 1536w, https:\/\/losperiodistas.com.mx\/portal\/wp-content\/uploads\/2025\/10\/1003743978536_259484372_1706x960.webp 1706w\" sizes=\"(max-width: 1024px) 100vw, 1024px\" \/><\/figure>\n\n\n\n<p>Plano del Museo del Louvre.&nbsp;Elaboraci\u00f3n propia<\/p>\n\n\n\n<p id=\"paragraph_22\">Al robar estas joyas, los asaltantes no solo se han llevado diamantes y zafiros; se han apropiado de los recuerdos de los grandes bailes, las recepciones diplom\u00e1ticas y la vida \u00edntima de las mujeres m\u00e1s poderosas de Francia.<\/p>\n\n\n\n<p><a href=\"https:\/\/www.elespanol.com\/el-cultural\/20251019\/regente-joya-corona-francesa-sobrevivido-robo-valor-millones-euros\/1003743975951_0.html?utm_cmp_rs=relatednewsinline\">El &#8216;Regente&#8217;, la &#8216;joya de la corona&#8217; francesa que ha sobrevivido al robo: tiene un valor de 50 millones de euros<\/a><\/p>\n\n\n\n<p id=\"paragraph_23\">Estos objetos que, m\u00e1s all\u00e1 de su valor material,<strong>&nbsp;atesoraban el relato de la resiliencia femenina&nbsp;<\/strong>frente al colapso del poder; fueron testigos tambi\u00e9n de un siglo en que las mujeres de la realeza aprendieron a resistir con las armas que ten\u00edan: su presencia, su inteligencia y su elegancia. El robo ha sido un recordatorio brutal de la fragilidad de estos s\u00edmbolos.<\/p>\n\n\n\n<figure class=\"wp-block-embed is-type-rich is-provider-twitter wp-block-embed-twitter\"><div class=\"wp-block-embed__wrapper\">\nhttps:\/\/twitter.com\/elespanolcom\/status\/1980154562020348411?ref_src=twsrc%5Etfw%7Ctwcamp%5Etweetembed%7Ctwterm%5E1980154562020348411%7Ctwgr%5Ef7b6f1af294d6ddfbc5e607c67549266eebe308b%7Ctwcon%5Es1_c10&#038;ref_url=https%3A%2F%2Fwww.elespanol.com%2Fmujer%2Flujos%2F20251021%2Fmujeres-joyas-robo-louvre-tiara-eugenia-montijo-zafiros-reina-hortensia%2F1003743978152_0.html\n<\/div><\/figure>\n\n\n\n<p id=\"paragraph_24\">Las piezas de la Corona francesa tienen una historia tumultuosa: muchas fueron&nbsp;<strong>subastadas en 1887 por la Tercera Rep\u00fablica<\/strong>, que consideraba estos emblemas de la monarqu\u00eda como \u2018peligrosamente\u2019\u2026 nost\u00e1lgicos.<\/p>\n\n\n\n<p id=\"paragraph_25\">M\u00e1s tarde, un grupo de historiadores y coleccionistas<strong>&nbsp;lograron salvar las reliquias m\u00e1s importantes<\/strong>, que acabaron en el Louvre. Este robo es un nuevo atentado contra esos esfuerzos de preservaci\u00f3n, \u00bfqui\u00e9n las salvar\u00e1 ahora?<\/p>\n\n\n\n<figure class=\"wp-block-image size-large\"><img loading=\"lazy\" decoding=\"async\" width=\"1024\" height=\"576\" src=\"https:\/\/losperiodistas.com.mx\/portal\/wp-content\/uploads\/2025\/10\/1003743978539_259484438_1706x960-1024x576.webp\" alt=\"\" class=\"wp-image-109160\" srcset=\"https:\/\/losperiodistas.com.mx\/portal\/wp-content\/uploads\/2025\/10\/1003743978539_259484438_1706x960-1024x576.webp 1024w, https:\/\/losperiodistas.com.mx\/portal\/wp-content\/uploads\/2025\/10\/1003743978539_259484438_1706x960-300x169.webp 300w, https:\/\/losperiodistas.com.mx\/portal\/wp-content\/uploads\/2025\/10\/1003743978539_259484438_1706x960-768x432.webp 768w, https:\/\/losperiodistas.com.mx\/portal\/wp-content\/uploads\/2025\/10\/1003743978539_259484438_1706x960-1536x864.webp 1536w, https:\/\/losperiodistas.com.mx\/portal\/wp-content\/uploads\/2025\/10\/1003743978539_259484438_1706x960.webp 1706w\" sizes=\"(max-width: 1024px) 100vw, 1024px\" \/><\/figure>\n\n\n\n<p>Localizaci\u00f3n del robo de joyas en el Museo del Louvre.&nbsp;Elaboraci\u00f3n propia<\/p>\n\n\n\n<p id=\"paragraph_26\">La&nbsp;<a href=\"https:\/\/www.elespanol.com\/mundo\/20251019\/robo-museo-louvre-en-directo-asalto-joyas-reacciones-investigacion-ultima-hora-hoy\/1003743975807_10.html?utm_cmp_rs=linksinline\">b\u00fasqueda de los cuatro ladrones<\/a>&nbsp;y las nueve joyas robadas es ahora una prioridad internacional, para Francia y para las mujeres que miran con fascinaci\u00f3n la historia a trav\u00e9s de estas gemas.<\/p>\n\n\n\n<figure class=\"wp-block-image size-large\"><img loading=\"lazy\" decoding=\"async\" width=\"1024\" height=\"576\" src=\"https:\/\/losperiodistas.com.mx\/portal\/wp-content\/uploads\/2025\/10\/1003743978267_259481278_1706x960-1024x576.webp\" alt=\"\" class=\"wp-image-109161\" srcset=\"https:\/\/losperiodistas.com.mx\/portal\/wp-content\/uploads\/2025\/10\/1003743978267_259481278_1706x960-1024x576.webp 1024w, https:\/\/losperiodistas.com.mx\/portal\/wp-content\/uploads\/2025\/10\/1003743978267_259481278_1706x960-300x169.webp 300w, https:\/\/losperiodistas.com.mx\/portal\/wp-content\/uploads\/2025\/10\/1003743978267_259481278_1706x960-768x432.webp 768w, https:\/\/losperiodistas.com.mx\/portal\/wp-content\/uploads\/2025\/10\/1003743978267_259481278_1706x960-1536x864.webp 1536w, https:\/\/losperiodistas.com.mx\/portal\/wp-content\/uploads\/2025\/10\/1003743978267_259481278_1706x960.webp 1706w\" sizes=\"(max-width: 1024px) 100vw, 1024px\" \/><\/figure>\n\n\n\n<p>Infograf\u00eda sobre el robo en el Museo del Louvre.&nbsp;Sandra Vilches<\/p>\n\n\n\n<p id=\"paragraph_27\">La recuperaci\u00f3n de estos objetos es, pues, la \u00fanica forma de&nbsp;<strong>restaurar la memoria y el legado de Eugenia de Montijo y las otras grandes damas<\/strong>&nbsp;cuyas historias se tejieron con diamantes, zafiros&#8230; y, ahora, con el golpe de cine de un audaz crimen.<\/p>\n\n\n\n<p>Fuente: <a href=\"https:\/\/www.elespanol.com\/mujer\/lujos\/20251021\/mujeres-joyas-robo-louvre-tiara-eugenia-montijo-zafiros-reina-hortensia\/1003743978152_0.html\">https:\/\/www.elespanol.com\/mujer\/lujos\/20251021\/mujeres-joyas-robo-louvre-tiara-eugenia-montijo-zafiros-reina-hortensia\/1003743978152_0.html<\/a><\/p>\n","protected":false},"excerpt":{"rendered":"<p>El asalto supone la p\u00e9rdida de un patrimonio incalculable y desgarra parte de la historia para devolvernos el eco de [&hellip;]<\/p>\n","protected":false},"author":1,"featured_media":109153,"comment_status":"open","ping_status":"open","sticky":false,"template":"","format":"standard","meta":{"site-sidebar-layout":"default","site-content-layout":"","ast-site-content-layout":"default","site-content-style":"default","site-sidebar-style":"default","ast-global-header-display":"","ast-banner-title-visibility":"","ast-main-header-display":"","ast-hfb-above-header-display":"","ast-hfb-below-header-display":"","ast-hfb-mobile-header-display":"","site-post-title":"","ast-breadcrumbs-content":"","ast-featured-img":"","footer-sml-layout":"","theme-transparent-header-meta":"","adv-header-id-meta":"","stick-header-meta":"","header-above-stick-meta":"","header-main-stick-meta":"","header-below-stick-meta":"","astra-migrate-meta-layouts":"default","ast-page-background-enabled":"default","ast-page-background-meta":{"desktop":{"background-color":"var(--ast-global-color-4)","background-image":"","background-repeat":"repeat","background-position":"center center","background-size":"auto","background-attachment":"scroll","background-type":"","background-media":"","overlay-type":"","overlay-color":"","overlay-opacity":"","overlay-gradient":""},"tablet":{"background-color":"","background-image":"","background-repeat":"repeat","background-position":"center center","background-size":"auto","background-attachment":"scroll","background-type":"","background-media":"","overlay-type":"","overlay-color":"","overlay-opacity":"","overlay-gradient":""},"mobile":{"background-color":"","background-image":"","background-repeat":"repeat","background-position":"center center","background-size":"auto","background-attachment":"scroll","background-type":"","background-media":"","overlay-type":"","overlay-color":"","overlay-opacity":"","overlay-gradient":""}},"ast-content-background-meta":{"desktop":{"background-color":"var(--ast-global-color-5)","background-image":"","background-repeat":"repeat","background-position":"center center","background-size":"auto","background-attachment":"scroll","background-type":"","background-media":"","overlay-type":"","overlay-color":"","overlay-opacity":"","overlay-gradient":""},"tablet":{"background-color":"var(--ast-global-color-5)","background-image":"","background-repeat":"repeat","background-position":"center center","background-size":"auto","background-attachment":"scroll","background-type":"","background-media":"","overlay-type":"","overlay-color":"","overlay-opacity":"","overlay-gradient":""},"mobile":{"background-color":"var(--ast-global-color-5)","background-image":"","background-repeat":"repeat","background-position":"center center","background-size":"auto","background-attachment":"scroll","background-type":"","background-media":"","overlay-type":"","overlay-color":"","overlay-opacity":"","overlay-gradient":""}},"footnotes":""},"categories":[8],"tags":[42747,42748,31966,42749],"class_list":["post-109152","post","type-post","status-publish","format-standard","has-post-thumbnail","hentry","category-noticias","tag-eugenia-de-montijo","tag-joyas-del-louvre","tag-napoleon-iii","tag-reina-hortensia"],"_links":{"self":[{"href":"https:\/\/losperiodistas.com.mx\/portal\/wp-json\/wp\/v2\/posts\/109152","targetHints":{"allow":["GET"]}}],"collection":[{"href":"https:\/\/losperiodistas.com.mx\/portal\/wp-json\/wp\/v2\/posts"}],"about":[{"href":"https:\/\/losperiodistas.com.mx\/portal\/wp-json\/wp\/v2\/types\/post"}],"author":[{"embeddable":true,"href":"https:\/\/losperiodistas.com.mx\/portal\/wp-json\/wp\/v2\/users\/1"}],"replies":[{"embeddable":true,"href":"https:\/\/losperiodistas.com.mx\/portal\/wp-json\/wp\/v2\/comments?post=109152"}],"version-history":[{"count":1,"href":"https:\/\/losperiodistas.com.mx\/portal\/wp-json\/wp\/v2\/posts\/109152\/revisions"}],"predecessor-version":[{"id":109162,"href":"https:\/\/losperiodistas.com.mx\/portal\/wp-json\/wp\/v2\/posts\/109152\/revisions\/109162"}],"wp:featuredmedia":[{"embeddable":true,"href":"https:\/\/losperiodistas.com.mx\/portal\/wp-json\/wp\/v2\/media\/109153"}],"wp:attachment":[{"href":"https:\/\/losperiodistas.com.mx\/portal\/wp-json\/wp\/v2\/media?parent=109152"}],"wp:term":[{"taxonomy":"category","embeddable":true,"href":"https:\/\/losperiodistas.com.mx\/portal\/wp-json\/wp\/v2\/categories?post=109152"},{"taxonomy":"post_tag","embeddable":true,"href":"https:\/\/losperiodistas.com.mx\/portal\/wp-json\/wp\/v2\/tags?post=109152"}],"curies":[{"name":"wp","href":"https:\/\/api.w.org\/{rel}","templated":true}]}}