{"id":10915,"date":"2021-07-30T10:08:38","date_gmt":"2021-07-30T15:08:38","guid":{"rendered":"http:\/\/losperiodistas.com.mx\/portal\/?p=10915"},"modified":"2021-07-30T10:08:39","modified_gmt":"2021-07-30T15:08:39","slug":"el-papa-pide-transformar-la-economia-de-la-trata-en-una-economia-del-cuidado-aci","status":"publish","type":"post","link":"https:\/\/losperiodistas.com.mx\/portal\/el-papa-pide-transformar-la-economia-de-la-trata-en-una-economia-del-cuidado-aci\/","title":{"rendered":"El Papa pide transformar la econom\u00eda de la trata en una econom\u00eda del cuidado | ACI"},"content":{"rendered":"\n<figure class=\"wp-block-image size-large\"><img fetchpriority=\"high\" decoding=\"async\" width=\"1024\" height=\"576\" src=\"https:\/\/losperiodistas.com.mx\/portal\/wp-content\/uploads\/2021\/07\/Captura-de-Pantalla-2021-07-30-a-las-10.05.28-1024x576.jpg\" alt=\"\" class=\"wp-image-10916\" srcset=\"https:\/\/losperiodistas.com.mx\/portal\/wp-content\/uploads\/2021\/07\/Captura-de-Pantalla-2021-07-30-a-las-10.05.28-1024x576.jpg 1024w, https:\/\/losperiodistas.com.mx\/portal\/wp-content\/uploads\/2021\/07\/Captura-de-Pantalla-2021-07-30-a-las-10.05.28-300x169.jpg 300w, https:\/\/losperiodistas.com.mx\/portal\/wp-content\/uploads\/2021\/07\/Captura-de-Pantalla-2021-07-30-a-las-10.05.28-768x432.jpg 768w, https:\/\/losperiodistas.com.mx\/portal\/wp-content\/uploads\/2021\/07\/Captura-de-Pantalla-2021-07-30-a-las-10.05.28.jpg 1510w\" sizes=\"(max-width: 1024px) 100vw, 1024px\" \/><figcaption>Imagen referencial. Papa Francisco en el Vaticano. Foto: Vatican Media<\/figcaption><\/figure>\n\n\n\n<p><\/p>\n\n\n\n<p class=\"has-vivid-cyan-blue-color has-text-color has-medium-font-size\">MERCEDES DE LA TORRE \/ ACI PRENSA<\/p>\n\n\n\n<p>Con ocasi\u00f3n del D\u00eda Mundial contra la Trata de personas que la ONU promueve cada 30 de julio, el Papa Francisco lanz\u00f3 una invitaci\u00f3n para trabajar junto a los supervivientes y transformar \u201cla econom\u00eda de la trata en una econom\u00eda del cuidado\u201d.<\/p>\n\n\n\n<p>As\u00ed lo dijo el Santo Padre en un mensaje enviado a trav\u00e9s de su cuenta oficial de Twitter @Pontifex_es en el que se sum\u00f3 tambi\u00e9n a la\u00a0<a href=\"https:\/\/www.aciprensa.com\/noticias\/consagradas-de-talitha-kum-destacan-la-importancia-del-cuidado-a-supervivientes-de-trata-14518\">campa\u00f1a \u201cCare Against Trafficking\u201d<\/a>\u00a0impulsada por la red global \u201cTalitha Kum\u201d contra la trata de personas formada por m\u00e1s de 30.000 consagradas en el mundo.<\/p>\n\n\n\n<figure class=\"wp-block-embed is-type-rich is-provider-twitter wp-block-embed-twitter\"><div class=\"wp-block-embed__wrapper\">\n<blockquote class=\"twitter-tweet\" data-width=\"500\" data-dnt=\"true\"><p lang=\"es\" dir=\"ltr\">En el <a href=\"https:\/\/twitter.com\/hashtag\/D%C3%ADaMundialcontralaTrata?src=hash&amp;ref_src=twsrc%5Etfw\">#D\u00edaMundialcontralaTrata<\/a>, invito a todos a trabajar junto con las v\u00edctimas para transformar la econom\u00eda de la trata en una econom\u00eda del cuidado. <a href=\"https:\/\/twitter.com\/hashtag\/CareAgainstTrafficking?src=hash&amp;ref_src=twsrc%5Etfw\">#CareAgainstTrafficking<\/a> <a href=\"https:\/\/twitter.com\/hashtag\/EndHumanTrafficking?src=hash&amp;ref_src=twsrc%5Etfw\">#EndHumanTrafficking<\/a> <a href=\"https:\/\/twitter.com\/hashtag\/TalithaKum?src=hash&amp;ref_src=twsrc%5Etfw\">#TalithaKum<\/a><\/p>&mdash; Papa Francisco (@Pontifex_es) <a href=\"https:\/\/twitter.com\/Pontifex_es\/status\/1421070570943254532?ref_src=twsrc%5Etfw\">July 30, 2021<\/a><\/blockquote><script async src=\"https:\/\/platform.twitter.com\/widgets.js\" charset=\"utf-8\"><\/script>\n<\/div><\/figure>\n\n\n\n<p>El pasado 8 de febrero de 2021, 7\u00aa Jornada Mundial de Oraci\u00f3n y Reflexi\u00f3n contra la trata de personas, el Papa Francisco pidi\u00f3 rezar \u201cpara sostener a las v\u00edctimas de la trata y a las personas que acompa\u00f1an los procesos de integraci\u00f3n y reinserci\u00f3n social\u201d y para que la oraci\u00f3n impulse&nbsp;<strong>\u201cacciones concretas\u201d que permitan a cada persona esclavizada volver a \u201cser protagonista libre de su vida\u201d<\/strong>&nbsp;a favor del bien com\u00fan.<\/p>\n\n\n\n<p>En esta l\u00ednea, el Santo Padre reflexion\u00f3 en el tema de aquella Jornada Mundial de Oraci\u00f3n y Reflexi\u00f3n que fue \u201cEconom\u00eda sin trata\u201d.<\/p>\n\n\n\n<p>En un video mensaje, el Papa explic\u00f3 que \u201cuna econom\u00eda sin trata es:&nbsp;<strong>una econom\u00eda de cuidado<\/strong><strong>\u201d&nbsp;<\/strong>y a\u00f1adi\u00f3 que \u201cel cuidado puede entenderse como cuidar de las personas y de la naturaleza, ofreciendo productos y servicios para el crecimiento del bien com\u00fan\u201d.<\/p>\n\n\n\n<p>Sin embargo, el Pont\u00edfice advirti\u00f3 que se trata de \u201cuna econom\u00eda que cuide el trabajo, creando oportunidades de empleo que no exploten al trabajador mediante condiciones laborales degradantes y horarios extenuantes\u201d.<\/p>\n\n\n\n<p>\u201cPor lo tanto, una econom\u00eda del cuidado significa&nbsp;<strong>una econom\u00eda de la solidaridad<\/strong>: trabajamos por una solidez que se conjuga con la solidaridad. Estamos convencidos de que la solidaridad, bien administrada, da lugar a una construcci\u00f3n social m\u00e1s segura y firme\u201d, se\u00f1al\u00f3 el Papa.<\/p>\n\n\n\n<p>Por \u00faltimo, el Santo Padre subray\u00f3 que \u201c<strong>una<\/strong>&nbsp;<strong>econom\u00eda sin trata es una econom\u00eda valiente\u201d<\/strong>&nbsp;ya que se requiere valor, pero \u201cno en el sentido de temeridad, de operaciones arriesgadas en busca de ganancias f\u00e1ciles\u201d.<\/p>\n\n\n\n<p>Sino m\u00e1s bien, consiste en \u201cel valor de la construcci\u00f3n paciente, de la planificaci\u00f3n que no mira siempre y solo a la ventaja a muy corto plazo, sino a los frutos a medio y largo plazo y, sobre todo, a las personas\u201d.<\/p>\n\n\n\n<p>\u201cEn la crisis, la trata prolifera, lo sabemos todos: lo vemos todos los d\u00edas. En la crisis, la trata prolifera; es necesario, pues, reforzar una econom\u00eda que responda a la crisis de una manera que no sea miope, sino duradera y s\u00f3lida\u201d, lament\u00f3 el Papa.<\/p>\n\n\n\n<p>Por ello, el Pont\u00edfice invit\u00f3 a llevar todo esto \u201ca nuestra oraci\u00f3n\u201d especialmente a la intercesi\u00f3n de&nbsp;<strong>Santa Josefina Bakhita<\/strong>\u201d.<\/p>\n\n\n\n<p>\u201cRezo por ustedes, y todos juntos rezamos por cada persona que es v\u00edctima de la trata en estos momentos. Y ustedes, por favor, no se olviden de rezar por m\u00ed\u201d, pidi\u00f3 el Papa.<\/p>\n\n\n\n<p>Fuente: https:\/\/www.aciprensa.com\/noticias\/el-papa-pide-transformar-la-economia-de-la-trata-en-una-economia-del-cuidado-86168<\/p>\n","protected":false},"excerpt":{"rendered":"<p>MERCEDES DE LA TORRE \/ ACI PRENSA Con ocasi\u00f3n del D\u00eda Mundial contra la Trata de personas que la ONU [&hellip;]<\/p>\n","protected":false},"author":1,"featured_media":10916,"comment_status":"open","ping_status":"open","sticky":false,"template":"","format":"standard","meta":{"site-sidebar-layout":"default","site-content-layout":"","ast-site-content-layout":"default","site-content-style":"default","site-sidebar-style":"default","ast-global-header-display":"","ast-banner-title-visibility":"","ast-main-header-display":"","ast-hfb-above-header-display":"","ast-hfb-below-header-display":"","ast-hfb-mobile-header-display":"","site-post-title":"","ast-breadcrumbs-content":"","ast-featured-img":"","footer-sml-layout":"","theme-transparent-header-meta":"","adv-header-id-meta":"","stick-header-meta":"","header-above-stick-meta":"","header-main-stick-meta":"","header-below-stick-meta":"","astra-migrate-meta-layouts":"default","ast-page-background-enabled":"default","ast-page-background-meta":{"desktop":{"background-color":"var(--ast-global-color-4)","background-image":"","background-repeat":"repeat","background-position":"center center","background-size":"auto","background-attachment":"scroll","background-type":"","background-media":"","overlay-type":"","overlay-color":"","overlay-opacity":"","overlay-gradient":""},"tablet":{"background-color":"","background-image":"","background-repeat":"repeat","background-position":"center center","background-size":"auto","background-attachment":"scroll","background-type":"","background-media":"","overlay-type":"","overlay-color":"","overlay-opacity":"","overlay-gradient":""},"mobile":{"background-color":"","background-image":"","background-repeat":"repeat","background-position":"center center","background-size":"auto","background-attachment":"scroll","background-type":"","background-media":"","overlay-type":"","overlay-color":"","overlay-opacity":"","overlay-gradient":""}},"ast-content-background-meta":{"desktop":{"background-color":"var(--ast-global-color-5)","background-image":"","background-repeat":"repeat","background-position":"center center","background-size":"auto","background-attachment":"scroll","background-type":"","background-media":"","overlay-type":"","overlay-color":"","overlay-opacity":"","overlay-gradient":""},"tablet":{"background-color":"var(--ast-global-color-5)","background-image":"","background-repeat":"repeat","background-position":"center center","background-size":"auto","background-attachment":"scroll","background-type":"","background-media":"","overlay-type":"","overlay-color":"","overlay-opacity":"","overlay-gradient":""},"mobile":{"background-color":"var(--ast-global-color-5)","background-image":"","background-repeat":"repeat","background-position":"center center","background-size":"auto","background-attachment":"scroll","background-type":"","background-media":"","overlay-type":"","overlay-color":"","overlay-opacity":"","overlay-gradient":""}},"footnotes":""},"categories":[8],"tags":[2916],"class_list":["post-10915","post","type-post","status-publish","format-standard","has-post-thumbnail","hentry","category-noticias","tag-dia-mundial-contra-la-trata"],"_links":{"self":[{"href":"https:\/\/losperiodistas.com.mx\/portal\/wp-json\/wp\/v2\/posts\/10915","targetHints":{"allow":["GET"]}}],"collection":[{"href":"https:\/\/losperiodistas.com.mx\/portal\/wp-json\/wp\/v2\/posts"}],"about":[{"href":"https:\/\/losperiodistas.com.mx\/portal\/wp-json\/wp\/v2\/types\/post"}],"author":[{"embeddable":true,"href":"https:\/\/losperiodistas.com.mx\/portal\/wp-json\/wp\/v2\/users\/1"}],"replies":[{"embeddable":true,"href":"https:\/\/losperiodistas.com.mx\/portal\/wp-json\/wp\/v2\/comments?post=10915"}],"version-history":[{"count":1,"href":"https:\/\/losperiodistas.com.mx\/portal\/wp-json\/wp\/v2\/posts\/10915\/revisions"}],"predecessor-version":[{"id":10917,"href":"https:\/\/losperiodistas.com.mx\/portal\/wp-json\/wp\/v2\/posts\/10915\/revisions\/10917"}],"wp:featuredmedia":[{"embeddable":true,"href":"https:\/\/losperiodistas.com.mx\/portal\/wp-json\/wp\/v2\/media\/10916"}],"wp:attachment":[{"href":"https:\/\/losperiodistas.com.mx\/portal\/wp-json\/wp\/v2\/media?parent=10915"}],"wp:term":[{"taxonomy":"category","embeddable":true,"href":"https:\/\/losperiodistas.com.mx\/portal\/wp-json\/wp\/v2\/categories?post=10915"},{"taxonomy":"post_tag","embeddable":true,"href":"https:\/\/losperiodistas.com.mx\/portal\/wp-json\/wp\/v2\/tags?post=10915"}],"curies":[{"name":"wp","href":"https:\/\/api.w.org\/{rel}","templated":true}]}}