{"id":1091,"date":"2020-11-11T18:13:04","date_gmt":"2020-11-12T00:13:04","guid":{"rendered":"http:\/\/losperiodistas.com.mx\/portal\/?p=1091"},"modified":"2020-11-11T18:13:04","modified_gmt":"2020-11-12T00:13:04","slug":"ayuntamiento-de-puebla-impulsa-reactivacion-de-746-microempresas-y-comercios-formales","status":"publish","type":"post","link":"https:\/\/losperiodistas.com.mx\/portal\/ayuntamiento-de-puebla-impulsa-reactivacion-de-746-microempresas-y-comercios-formales\/","title":{"rendered":"Ayuntamiento de Puebla impulsa reactivaci\u00f3n de 746 microempresas y comercios formales"},"content":{"rendered":"\n<p><em>Cada microempresa recibi\u00f3 10 mil pesos a fondo perdido, como parte de la segunda etapa del programa implementado por la SEDECO<\/em><\/p>\n\n\n\n<p class=\"has-vivid-cyan-blue-color has-text-color has-medium-font-size\">REDACCI\u00d3N<\/p>\n\n\n\n<p>La Presidenta Municipal, Claudia Rivera Vivanco, inform\u00f3 los resultados de la segunda etapa de los programas de \u201cApoyos a comercios formales del Centro Hist\u00f3rico y microempresas de Puebla\u201d donde participaron 746 micronegocios, destinando un monto total de siete millones 460 mil pesos.<\/p>\n\n\n\n<p>Lo anterior como parte de las estrategias emergentes implementadas por el municipio para ayudarlos a mitigar los efectos de la emergencia sanitaria y de los principios regentes de los gobiernos progresistas, inform\u00f3 la alcaldesa de Puebla en rueda de prensa.<\/p>\n\n\n\n<p>\u201cReconocemos, en este sentido, el esfuerzo que a diario realizan ciudadanos y ciudadanas para salir adelante. No hemos sido omisos ante este duro impacto que tuvo el confinamiento en microempresas y en los peque\u00f1os comercios establecidos\u201d, destac\u00f3.<\/p>\n\n\n\n<p>Por su parte, la titular de la Secretar\u00eda de Desarrollo Econ\u00f3mico, Carmen Calder\u00f3n Gonz\u00e1lez, precis\u00f3 que la convocatoria de esta segunda etapa se realiz\u00f3 de manera transparente y bajo la supervisi\u00f3n de la Contralor\u00eda Municipal, por lo que la solventaci\u00f3n y dictaminaci\u00f3n concluy\u00f3 en d\u00edas pasados.<\/p>\n\n\n\n<p>\u201cHemos publicado las listas de personas que ser\u00e1n beneficiadas con estos programas en nuestra p\u00e1gina&nbsp;<a href=\"http:\/\/www.sedeco.pueblacapital.gob.mx\/\" target=\"_blank\" rel=\"noreferrer noopener\">www.sedeco.pueblacapital.gob.mx<\/a>, para que los interesados revisen con sus folios si forman parte del padr\u00f3n de beneficiarios\u201d, destac\u00f3 Calder\u00f3n Gonz\u00e1lez.<\/p>\n\n\n\n<p>De igual forma, la titular de la dependencia precis\u00f3 que en esta etapa fueron 559 microempresas del municipio y 187 comercios del Centro hist\u00f3rico que participaron, los cuales cumplieron con los requisitos establecidos en la convocatoria publicada por la Secretar\u00eda de Desarrollo Econ\u00f3mico Municipal (SEDECO) durante el mes de agosto y que obedecieron a una segunda edici\u00f3n, que sumada a la primera dio un total de mil 233 negocios.<\/p>\n\n\n\n<p>Asimismo, se inform\u00f3 de los diversos giros beneficiados, tales como comercios de alimentos y dulces, artesan\u00edas, ropa, joyer\u00eda, relojes, miscel\u00e1neas, papeler\u00edas, salud y belleza, servicios profesionales y restaurantes peque\u00f1os y se destac\u00f3 que estos no forman parte de corporativos o franquicias, tal y como se estableci\u00f3 en la convocatoria, ya que lo que se busc\u00f3 fue evitar que los propietarios de micro negocios cerraran durante el confinamiento por no poder pagar sus gastos fijos como renta y luz. Dichos apoyos han permitido a estos comercios formales solventar pagos de personal y otras necesidades urgentes.<\/p>\n\n\n\n<p>De igual forma, tanto el director de fomento empresarial, Eduardo Capitanachi Rivera, e Israel Moreno Zetina, director de Competitividad, invitaron a la ciudadan\u00eda en general a acercarse a la Secretar\u00eda de Desarrollo Econ\u00f3mico Municipal, mediante el correo electr\u00f3nico&nbsp;<a href=\"mailto:sedecopuebla2020@gmail.com\" target=\"_blank\" rel=\"noreferrer noopener\">sedecopuebla2020@gmail.com<\/a>&nbsp;y el tel\u00e9fono 222 309 4600, extensiones 7061 y 7066, de lunes a viernes de 9:00 a 17:00 horas, para conocer m\u00e1s sobre los programas y modelos de acompa\u00f1amiento de la dependencia.<\/p>\n\n\n\n<p>Fuente: <a rel=\"noreferrer noopener\" href=\"https:\/\/bit.ly\/32xjh36\" target=\"_blank\">https:\/\/bit.ly\/32xjh36<\/a><\/p>\n","protected":false},"excerpt":{"rendered":"<p>Cada microempresa recibi\u00f3 10 mil pesos a fondo perdido, como parte de la segunda etapa del programa implementado por la [&hellip;]<\/p>\n","protected":false},"author":1,"featured_media":1092,"comment_status":"open","ping_status":"open","sticky":false,"template":"","format":"standard","meta":{"site-sidebar-layout":"default","site-content-layout":"","ast-site-content-layout":"default","site-content-style":"default","site-sidebar-style":"default","ast-global-header-display":"","ast-banner-title-visibility":"","ast-main-header-display":"","ast-hfb-above-header-display":"","ast-hfb-below-header-display":"","ast-hfb-mobile-header-display":"","site-post-title":"","ast-breadcrumbs-content":"","ast-featured-img":"","footer-sml-layout":"","theme-transparent-header-meta":"","adv-header-id-meta":"","stick-header-meta":"","header-above-stick-meta":"","header-main-stick-meta":"","header-below-stick-meta":"","astra-migrate-meta-layouts":"default","ast-page-background-enabled":"default","ast-page-background-meta":{"desktop":{"background-color":"var(--ast-global-color-4)","background-image":"","background-repeat":"repeat","background-position":"center center","background-size":"auto","background-attachment":"scroll","background-type":"","background-media":"","overlay-type":"","overlay-color":"","overlay-opacity":"","overlay-gradient":""},"tablet":{"background-color":"","background-image":"","background-repeat":"repeat","background-position":"center center","background-size":"auto","background-attachment":"scroll","background-type":"","background-media":"","overlay-type":"","overlay-color":"","overlay-opacity":"","overlay-gradient":""},"mobile":{"background-color":"","background-image":"","background-repeat":"repeat","background-position":"center center","background-size":"auto","background-attachment":"scroll","background-type":"","background-media":"","overlay-type":"","overlay-color":"","overlay-opacity":"","overlay-gradient":""}},"ast-content-background-meta":{"desktop":{"background-color":"var(--ast-global-color-5)","background-image":"","background-repeat":"repeat","background-position":"center center","background-size":"auto","background-attachment":"scroll","background-type":"","background-media":"","overlay-type":"","overlay-color":"","overlay-opacity":"","overlay-gradient":""},"tablet":{"background-color":"var(--ast-global-color-5)","background-image":"","background-repeat":"repeat","background-position":"center center","background-size":"auto","background-attachment":"scroll","background-type":"","background-media":"","overlay-type":"","overlay-color":"","overlay-opacity":"","overlay-gradient":""},"mobile":{"background-color":"var(--ast-global-color-5)","background-image":"","background-repeat":"repeat","background-position":"center center","background-size":"auto","background-attachment":"scroll","background-type":"","background-media":"","overlay-type":"","overlay-color":"","overlay-opacity":"","overlay-gradient":""}},"footnotes":""},"categories":[8],"tags":[],"class_list":["post-1091","post","type-post","status-publish","format-standard","has-post-thumbnail","hentry","category-noticias"],"_links":{"self":[{"href":"https:\/\/losperiodistas.com.mx\/portal\/wp-json\/wp\/v2\/posts\/1091","targetHints":{"allow":["GET"]}}],"collection":[{"href":"https:\/\/losperiodistas.com.mx\/portal\/wp-json\/wp\/v2\/posts"}],"about":[{"href":"https:\/\/losperiodistas.com.mx\/portal\/wp-json\/wp\/v2\/types\/post"}],"author":[{"embeddable":true,"href":"https:\/\/losperiodistas.com.mx\/portal\/wp-json\/wp\/v2\/users\/1"}],"replies":[{"embeddable":true,"href":"https:\/\/losperiodistas.com.mx\/portal\/wp-json\/wp\/v2\/comments?post=1091"}],"version-history":[{"count":1,"href":"https:\/\/losperiodistas.com.mx\/portal\/wp-json\/wp\/v2\/posts\/1091\/revisions"}],"predecessor-version":[{"id":1093,"href":"https:\/\/losperiodistas.com.mx\/portal\/wp-json\/wp\/v2\/posts\/1091\/revisions\/1093"}],"wp:featuredmedia":[{"embeddable":true,"href":"https:\/\/losperiodistas.com.mx\/portal\/wp-json\/wp\/v2\/media\/1092"}],"wp:attachment":[{"href":"https:\/\/losperiodistas.com.mx\/portal\/wp-json\/wp\/v2\/media?parent=1091"}],"wp:term":[{"taxonomy":"category","embeddable":true,"href":"https:\/\/losperiodistas.com.mx\/portal\/wp-json\/wp\/v2\/categories?post=1091"},{"taxonomy":"post_tag","embeddable":true,"href":"https:\/\/losperiodistas.com.mx\/portal\/wp-json\/wp\/v2\/tags?post=1091"}],"curies":[{"name":"wp","href":"https:\/\/api.w.org\/{rel}","templated":true}]}}