{"id":10895,"date":"2021-07-30T08:22:42","date_gmt":"2021-07-30T13:22:42","guid":{"rendered":"http:\/\/losperiodistas.com.mx\/portal\/?p=10895"},"modified":"2021-07-30T08:22:44","modified_gmt":"2021-07-30T13:22:44","slug":"dia-mundial-contra-la-trata-de-personas-las-voces-de-las-victimas-marcan-el-camino-efeminista","status":"publish","type":"post","link":"https:\/\/losperiodistas.com.mx\/portal\/dia-mundial-contra-la-trata-de-personas-las-voces-de-las-victimas-marcan-el-camino-efeminista\/","title":{"rendered":"D\u00eda Mundial contra la Trata de Personas: \u201cLas voces de las v\u00edctimas marcan el camino\u201d | Efeminista"},"content":{"rendered":"\n<figure class=\"wp-block-embed is-type-video is-provider-youtube wp-block-embed-youtube wp-embed-aspect-4-3 wp-has-aspect-ratio\"><div class=\"wp-block-embed__wrapper\">\n<iframe title=\"Recupera tu Libertad\" width=\"500\" height=\"375\" src=\"https:\/\/www.youtube.com\/embed\/mciMnCQO1eQ?feature=oembed\" frameborder=\"0\" allow=\"accelerometer; autoplay; clipboard-write; encrypted-media; gyroscope; picture-in-picture; web-share\" referrerpolicy=\"strict-origin-when-cross-origin\" allowfullscreen><\/iframe>\n<\/div><\/figure>\n\n\n\n<p><\/p>\n\n\n\n<p class=\"has-vivid-cyan-blue-color has-text-color has-medium-font-size\">NATALIA IBA\u00d1EZ GUINEA \/ Madrid \/ EFEMINISTA<\/p>\n\n\n\n<p>Cuando&nbsp;<strong>Faith<\/strong>&nbsp;(nombre ficticio) lleg\u00f3 a Espa\u00f1a despu\u00e9s de haber cruzado el S\u00e1hara y el Mediterr\u00e1neo desde Nigeria,&nbsp;<strong>su familia la enga\u00f1\u00f3 y la vendi\u00f3, convirti\u00e9ndola en v\u00edctima de trata.&nbsp;<\/strong><\/p>\n\n\n\n<p>Este 30 de julio, con motivo del&nbsp;<strong>D\u00eda Mundial contra la Trata de Personas<\/strong>,&nbsp;<strong>Naciones Unidas&nbsp;<\/strong>y&nbsp;la&nbsp;Asociaci\u00f3n para la Prevenci\u00f3n, Reinserci\u00f3n y Atenci\u00f3n a la Mujer Prostituida<strong>&nbsp;(APRAMP) se hacen eco de historias como la suya.&nbsp;<\/strong><\/p>\n\n\n\n<p>Seg\u00fan explica un comunicado de la asociaci\u00f3n, el&nbsp;<strong>46 %<\/strong>&nbsp;de las&nbsp;<a href=\"https:\/\/www.efeminista.com\/tiganus-superviviente-de-trata-asi-es-como-me-fabricaron-como-puta\/\" target=\"_blank\" rel=\"noreferrer noopener\">v\u00edctimas de trata<\/a>&nbsp;son&nbsp;<strong>mujeres<\/strong>, el&nbsp;<strong>19 % ni\u00f1as<\/strong>, y al&nbsp;<strong>50 % de ellas se las explot\u00f3 sexualmente.&nbsp;<\/strong><\/p>\n\n\n\n<p>Por su parte,&nbsp;<a href=\"https:\/\/anws.co\/b3MnS\/%7Bf9354b48-64c3-4333-b623-68f80c34a33b%7D\" target=\"_blank\" rel=\"noreferrer noopener\">el \u00faltimo informe&nbsp;<\/a>de la&nbsp;<a href=\"https:\/\/anws.co\/b3MnT\/%7Bf9354b48-64c3-4333-b623-68f80c34a33b%7D\" target=\"_blank\" rel=\"noreferrer noopener\">Oficina de las Naciones Unidas contra la Droga y el Delito<\/a>&nbsp;(UNODC), \u201cGlobal Report on Trafficking in persons 2020\u201d, alert\u00f3 de que&nbsp;<strong>148 pa\u00edses detectaron alrededor de 50.000 v\u00edctimas de trata en 2018, aunque el n\u00famero real de personas afectadas es mucho mayor, dada la naturaleza oculta de este delito.<\/strong><\/p>\n\n\n\n<p>Como la ONU defiende, el&nbsp;<strong>D\u00eda Mundial contra la Trata de Personas&nbsp;<\/strong>es una fecha para<strong>&nbsp;poner a las supervivientes en el centro y conocer los rostros tras las cifras.<\/strong><\/p>\n\n\n\n<blockquote class=\"wp-block-quote is-layout-flow wp-block-quote-is-layout-flow\"><p>Bajo el lema,&nbsp;<strong>\u201clas voces de las v\u00edctimas marcan el camino\u201d,&nbsp;<\/strong>se&nbsp;pretende&nbsp;no solo difundir las historias de superaci\u00f3n de las afectadas, sino tambi\u00e9n&nbsp;<strong>establecer medidas que prevengan el delito y promuevan su identificaci\u00f3n, rescate, apoyo y recuperaci\u00f3n.&nbsp;<\/strong><\/p><\/blockquote>\n\n\n\n<h2 class=\"wp-block-heading\">Perfil de la v\u00edctima<\/h2>\n\n\n\n<p>El informe denuncia que&nbsp;<strong>los traficantes se aprovechan especialmente de los m\u00e1s vulnerables<\/strong>, como los&nbsp;<a href=\"https:\/\/www.efeminista.com\/tirar-del-hilo-violencia-migrantes\/\" target=\"_blank\" rel=\"noreferrer noopener\"><strong>migrantes<\/strong><\/a>, las personas&nbsp;<strong>sin trabajo<\/strong>&nbsp;y los&nbsp;<strong>menores<\/strong>&nbsp;de edad, cuya&nbsp;<strong>presencia entre las v\u00edctimas de trata se ha triplicado en los \u00faltimos 15 a\u00f1os.<\/strong><\/p>\n\n\n\n<p>La doctora Marcelina Carpizo, directora del&nbsp;<a href=\"https:\/\/www.facebook.com\/Tanglaw-Buhay-100895248515273\/\" target=\"_blank\" rel=\"noreferrer noopener\">Tanglaw Buhay Center<\/a>, centro de acogida y reinserci\u00f3n de ni\u00f1as v\u00edctimas de tr\u00e1fico y violencia sexual en Zamboanga (Filipinas), explica en un comunicado de la&nbsp;<a href=\"https:\/\/www.manosunidas.org\/\" target=\"_blank\" rel=\"noreferrer noopener\">ONG Manos Unidas<\/a>&nbsp;que las v\u00edctimas \u201csuelen ser&nbsp;<strong>chicas j\u00f3venes, y tambi\u00e9n ni\u00f1as<\/strong>, que vienen de&nbsp;<strong>hogares rotos o con escasos recursos econ\u00f3micos, bajos niveles educativos y cuya biograf\u00eda est\u00e1 marcada por la violencia f\u00edsica, psicol\u00f3gica y\/o sexual\u201d.<\/strong><\/p>\n\n\n\n<p>\u201cEn algunos casos, es en&nbsp;<strong>el seno de la familia donde se cometen los primeros&nbsp;<a href=\"https:\/\/www.efeminista.com\/abuso-sexual-menores-honduras\/\" target=\"_blank\" rel=\"noreferrer noopener\">abusos<\/a>.<\/strong>&nbsp;Otras veces las&nbsp;<strong>familias<\/strong>&nbsp;son&nbsp;<strong>enga\u00f1adas<\/strong>&nbsp;o conf\u00edan en&nbsp;<strong>redes ilegales<\/strong>&nbsp;que emplean a las ni\u00f1as como&nbsp;<strong><a href=\"https:\/\/www.efeminista.com\/dia-internacional-de-las-trabajadoras-del-hogar-30-marzo\/\" target=\"_blank\" rel=\"noreferrer noopener\">trabajadoras dom\u00e9sticas<\/a>&nbsp;en condiciones de semiesclavitud o como trabajadoras sexuales\u201d<\/strong>, contin\u00faa la experta.<\/p>\n\n\n\n<p>La fundadora de&nbsp;<a href=\"https:\/\/apramp.org\/\" target=\"_blank\" rel=\"noreferrer noopener\">APRAMP<\/a>, Roc\u00edo Nieto, explica en un comunicado del organismo que en Espa\u00f1a hace unas d\u00e9cadas abundaban las v\u00edctimas espa\u00f1olas, sin embargo, ahora&nbsp;<strong>la mayor\u00eda son extranjeras.&nbsp;<\/strong><\/p>\n\n\n\n<h2 class=\"wp-block-heading\">Los rostros tras las cifras<\/h2>\n\n\n\n<p>Es el caso de&nbsp;<strong>Mar\u00eda<\/strong>&nbsp;(nombre ficticio), de origen paraguayo, viaj\u00f3 a Europa&nbsp;<strong>enga\u00f1ada<\/strong>&nbsp;por una falsa promesa de trabajo como&nbsp;<strong>empleada dom\u00e9stica<\/strong>. Pero, a su llegada&nbsp;<strong>se le retuvo el pasaporte y la obligaron a prostituirse bajo amenaza.<\/strong><\/p>\n\n\n\n<p>Similar es la historia de la rumana&nbsp;<strong>Mihaela<\/strong>&nbsp;(nombre ficticio). Cuando ten\u00eda 20 a\u00f1os unas amigas la animaron a ganar dinero f\u00e1cilmente como&nbsp;<a href=\"https:\/\/www.efeminista.com\/pornografia-y-prostitucion-deseo-sin-reciprocidad\/\" target=\"_blank\" rel=\"noreferrer noopener\">\u201cdama de compa\u00f1\u00eda\u201d<\/a>&nbsp;por las noches y termin\u00f3&nbsp;<strong>sufriendo tratos aberrantes como v\u00edctima de explotaci\u00f3n sexual.&nbsp;<\/strong><\/p>\n\n\n\n<p>A pesar de que sus nombres hayan sido cambiados para proteger sus identidades, las historias de Faith, Mar\u00eda y Mihaela son reales y ponen de manifiesto las&nbsp;<strong>diversas formas que puede adoptar la trata.<\/strong><\/p>\n\n\n\n<p>Gracias al trabajo de&nbsp;<strong>APRAMP<\/strong>&nbsp;en sus&nbsp;<strong>m\u00e1s de 30 a\u00f1os<\/strong>&nbsp;de lucha contra la trata, estas mujeres hoy se abren camino con una segunda oportunidad:&nbsp;<strong>Faith<\/strong>&nbsp;ha conseguido una&nbsp;<strong>nueva identidad y pasaporte;<\/strong>&nbsp;<strong>Mar\u00eda<\/strong>&nbsp;ha recuperado su dignidad y creatividad ejerciendo un&nbsp;<strong>trabajo digno<\/strong>&nbsp;y ayudando a&nbsp;<strong>concienciar a j\u00f3venes y grupos vulnerables sobre las trampas de la trata de personas;<\/strong>&nbsp;y&nbsp;<strong>Mihaela<\/strong>&nbsp;cumple sus&nbsp;<strong>sue\u00f1os<\/strong>&nbsp;trabajando en la&nbsp;<strong>confecci\u00f3n.<\/strong><\/p>\n\n\n\n<h2 class=\"wp-block-heading\">La trata aument\u00f3 durante la pandemia<\/h2>\n\n\n\n<p>En esta fecha,&nbsp;<strong>Manos Unidas&nbsp;<\/strong>denuncia que&nbsp;<strong>la<\/strong>&nbsp;<strong><a href=\"https:\/\/www.efeminista.com\/covid-retroceder-logros-igualdad-genero\/\" target=\"_blank\" rel=\"noreferrer noopener\">crisis sanitaria<\/a>, la pobreza y los conflictos vividos&nbsp;<\/strong>en los \u00faltimos meses han propiciado un caldo de cultivo perfecto&nbsp;<strong>para que los traficantes enga\u00f1en m\u00e1s f\u00e1cilmente a las v\u00edctimas de trata.&nbsp;<\/strong><\/p>\n\n\n\n<p>Ha sido el caso de las&nbsp;<a href=\"https:\/\/www.efeminista.com\/sin-habitacion-propia-sinhogarismo\/\" target=\"_blank\" rel=\"noreferrer noopener\"><strong>migrantes venezolanas que cruzaban la frontera con Colombia<\/strong><\/a>&nbsp;que, huyendo del conflicto armado de su regi\u00f3n, han sido un&nbsp;<strong>blanco f\u00e1cil para las redes de trata con fines de explotaci\u00f3n sexual.&nbsp;<\/strong><\/p>\n\n\n\n<p>La&nbsp;<strong>ciberprostituci\u00f3n<\/strong>&nbsp;tambi\u00e9n se ha consolidado como una&nbsp;<strong>nueva forma de abuso<\/strong>&nbsp;y un&nbsp;<strong>grave riesgo para los infantes de familias empobrecidas<\/strong>, sobre todo en&nbsp;<strong>Filipinas<\/strong>.<\/p>\n\n\n\n<p>\u201cLas escuelas no acogen a\u00fan clases presenciales y los ni\u00f1os, que se ven obligados a seguir las&nbsp;<strong>clases por internet<\/strong>, se sienten&nbsp;<strong>ansiosos o solos debido al aislamiento y el encierro<\/strong>\u201c, afirma Carpizo, quien subraya que&nbsp;<strong>\u201cesta conexi\u00f3n permanente facilita la tarea de los ciberdelincuentes\u201d.<\/strong><\/p>\n\n\n\n<p>Otro efecto adverso de la pandemia ha sido la&nbsp;<strong>invisibilizaci\u00f3n de la trata.<\/strong>&nbsp;Cuando la crisis sanitaria estall\u00f3, los&nbsp;<strong>establecimientos<\/strong>&nbsp;de muchas de las ciudades&nbsp;<strong>cerraron<\/strong>&nbsp;y se llevaron a las v\u00edctimas explotadas a&nbsp;<strong>regiones rurales,<\/strong>&nbsp;lo que ahora&nbsp;<strong>dificulta que las instituciones p\u00fablicas detecten los casos.&nbsp;<\/strong><\/p>\n\n\n\n<p>En el caso de Espa\u00f1a, la&nbsp;<strong>ley contra la trata con fines de&nbsp;<a href=\"https:\/\/www.efeminista.com\/explotacion-sexual-menores-pandemia\/\" target=\"_blank\" rel=\"noreferrer noopener\">explotaci\u00f3n sexual<\/a><\/strong>, adelantada por el Gobierno actual aunque bienintencionada no es suficiente, seg\u00fan sostiene la directora de&nbsp;APRAMP,&nbsp;Roc\u00edo Mora.<\/p>\n\n\n\n<blockquote class=\"wp-block-quote is-layout-flow wp-block-quote-is-layout-flow\"><p><strong>\u201cAplaudimos esta medida, pero tiene que ir acompa\u00f1ada de otras que sean integrales\u201d,&nbsp;<\/strong>sentencia.<\/p><\/blockquote>\n\n\n\n<figure class=\"wp-block-embed is-type-video is-provider-youtube wp-block-embed-youtube wp-embed-aspect-16-9 wp-has-aspect-ratio\"><div class=\"wp-block-embed__wrapper\">\n<iframe title=\"Contra la Trata de Personas en Filipinas I\" width=\"500\" height=\"281\" src=\"https:\/\/www.youtube.com\/embed\/X3EWeEzWfg4?feature=oembed\" frameborder=\"0\" allow=\"accelerometer; autoplay; clipboard-write; encrypted-media; gyroscope; picture-in-picture; web-share\" referrerpolicy=\"strict-origin-when-cross-origin\" allowfullscreen><\/iframe>\n<\/div><\/figure>\n\n\n\n<p><\/p>\n\n\n\n<p>Fuente: https:\/\/www.efeminista.com\/dia-mundial-contra-la-trata-de-personas\/<\/p>\n","protected":false},"excerpt":{"rendered":"<p>NATALIA IBA\u00d1EZ GUINEA \/ Madrid \/ EFEMINISTA Cuando&nbsp;Faith&nbsp;(nombre ficticio) lleg\u00f3 a Espa\u00f1a despu\u00e9s de haber cruzado el S\u00e1hara y el [&hellip;]<\/p>\n","protected":false},"author":1,"featured_media":10896,"comment_status":"open","ping_status":"open","sticky":false,"template":"","format":"standard","meta":{"site-sidebar-layout":"default","site-content-layout":"","ast-site-content-layout":"default","site-content-style":"default","site-sidebar-style":"default","ast-global-header-display":"","ast-banner-title-visibility":"","ast-main-header-display":"","ast-hfb-above-header-display":"","ast-hfb-below-header-display":"","ast-hfb-mobile-header-display":"","site-post-title":"","ast-breadcrumbs-content":"","ast-featured-img":"","footer-sml-layout":"","theme-transparent-header-meta":"","adv-header-id-meta":"","stick-header-meta":"","header-above-stick-meta":"","header-main-stick-meta":"","header-below-stick-meta":"","astra-migrate-meta-layouts":"default","ast-page-background-enabled":"default","ast-page-background-meta":{"desktop":{"background-color":"var(--ast-global-color-4)","background-image":"","background-repeat":"repeat","background-position":"center center","background-size":"auto","background-attachment":"scroll","background-type":"","background-media":"","overlay-type":"","overlay-color":"","overlay-opacity":"","overlay-gradient":""},"tablet":{"background-color":"","background-image":"","background-repeat":"repeat","background-position":"center center","background-size":"auto","background-attachment":"scroll","background-type":"","background-media":"","overlay-type":"","overlay-color":"","overlay-opacity":"","overlay-gradient":""},"mobile":{"background-color":"","background-image":"","background-repeat":"repeat","background-position":"center center","background-size":"auto","background-attachment":"scroll","background-type":"","background-media":"","overlay-type":"","overlay-color":"","overlay-opacity":"","overlay-gradient":""}},"ast-content-background-meta":{"desktop":{"background-color":"var(--ast-global-color-5)","background-image":"","background-repeat":"repeat","background-position":"center center","background-size":"auto","background-attachment":"scroll","background-type":"","background-media":"","overlay-type":"","overlay-color":"","overlay-opacity":"","overlay-gradient":""},"tablet":{"background-color":"var(--ast-global-color-5)","background-image":"","background-repeat":"repeat","background-position":"center center","background-size":"auto","background-attachment":"scroll","background-type":"","background-media":"","overlay-type":"","overlay-color":"","overlay-opacity":"","overlay-gradient":""},"mobile":{"background-color":"var(--ast-global-color-5)","background-image":"","background-repeat":"repeat","background-position":"center center","background-size":"auto","background-attachment":"scroll","background-type":"","background-media":"","overlay-type":"","overlay-color":"","overlay-opacity":"","overlay-gradient":""}},"footnotes":""},"categories":[8],"tags":[2909],"class_list":["post-10895","post","type-post","status-publish","format-standard","has-post-thumbnail","hentry","category-noticias","tag-trata-de-personas"],"_links":{"self":[{"href":"https:\/\/losperiodistas.com.mx\/portal\/wp-json\/wp\/v2\/posts\/10895","targetHints":{"allow":["GET"]}}],"collection":[{"href":"https:\/\/losperiodistas.com.mx\/portal\/wp-json\/wp\/v2\/posts"}],"about":[{"href":"https:\/\/losperiodistas.com.mx\/portal\/wp-json\/wp\/v2\/types\/post"}],"author":[{"embeddable":true,"href":"https:\/\/losperiodistas.com.mx\/portal\/wp-json\/wp\/v2\/users\/1"}],"replies":[{"embeddable":true,"href":"https:\/\/losperiodistas.com.mx\/portal\/wp-json\/wp\/v2\/comments?post=10895"}],"version-history":[{"count":1,"href":"https:\/\/losperiodistas.com.mx\/portal\/wp-json\/wp\/v2\/posts\/10895\/revisions"}],"predecessor-version":[{"id":10897,"href":"https:\/\/losperiodistas.com.mx\/portal\/wp-json\/wp\/v2\/posts\/10895\/revisions\/10897"}],"wp:featuredmedia":[{"embeddable":true,"href":"https:\/\/losperiodistas.com.mx\/portal\/wp-json\/wp\/v2\/media\/10896"}],"wp:attachment":[{"href":"https:\/\/losperiodistas.com.mx\/portal\/wp-json\/wp\/v2\/media?parent=10895"}],"wp:term":[{"taxonomy":"category","embeddable":true,"href":"https:\/\/losperiodistas.com.mx\/portal\/wp-json\/wp\/v2\/categories?post=10895"},{"taxonomy":"post_tag","embeddable":true,"href":"https:\/\/losperiodistas.com.mx\/portal\/wp-json\/wp\/v2\/tags?post=10895"}],"curies":[{"name":"wp","href":"https:\/\/api.w.org\/{rel}","templated":true}]}}