{"id":108916,"date":"2025-10-15T01:02:00","date_gmt":"2025-10-15T07:02:00","guid":{"rendered":"https:\/\/losperiodistas.com.mx\/portal\/?p=108916"},"modified":"2025-10-14T23:07:27","modified_gmt":"2025-10-15T05:07:27","slug":"pepe-aguilar-aitana-los-tigres-del-norte-y-carin-leon-cantaran-en-los-latin-grammy-efe","status":"publish","type":"post","link":"https:\/\/losperiodistas.com.mx\/portal\/pepe-aguilar-aitana-los-tigres-del-norte-y-carin-leon-cantaran-en-los-latin-grammy-efe\/","title":{"rendered":"Pepe Aguilar, Aitana, Los Tigres del Norte y Car\u00edn Le\u00f3n cantar\u00e1n en los Latin Grammy | EFE"},"content":{"rendered":"\n<figure class=\"wp-block-image size-full\"><img fetchpriority=\"high\" decoding=\"async\" width=\"900\" height=\"600\" src=\"https:\/\/losperiodistas.com.mx\/portal\/wp-content\/uploads\/2025\/10\/OBJ_20250731T192513S0027I_1_1_1_15_7_6.jpeg\" alt=\"\" class=\"wp-image-108917\" srcset=\"https:\/\/losperiodistas.com.mx\/portal\/wp-content\/uploads\/2025\/10\/OBJ_20250731T192513S0027I_1_1_1_15_7_6.jpeg 900w, https:\/\/losperiodistas.com.mx\/portal\/wp-content\/uploads\/2025\/10\/OBJ_20250731T192513S0027I_1_1_1_15_7_6-300x200.jpeg 300w, https:\/\/losperiodistas.com.mx\/portal\/wp-content\/uploads\/2025\/10\/OBJ_20250731T192513S0027I_1_1_1_15_7_6-768x512.jpeg 768w\" sizes=\"(max-width: 900px) 100vw, 900px\" \/><figcaption class=\"wp-element-caption\">La cantante Aitana durante el concierto, en una fotograf\u00eda de archivo. EFE\/ Juanjo Martin<\/figcaption><\/figure>\n\n\n\n<p class=\"has-vivid-red-color has-text-color has-link-color has-medium-font-size wp-elements-23db7e95974579b190d8bc7ea9a6cef6\"><strong>Agencia EFE<\/strong><\/p>\n\n\n\n<p>Miami (EE.UU.) (EFE).- Los mexicanos Pepe Aguilar, Car\u00edn Le\u00f3n y Los Tigres del Norte, los espa\u00f1oles Raphael y Aitana, y la cubana Gloria Estefan figuran en el primer grupo de artistas anunciados este martes por La Academia Latina de la Grabaci\u00f3n para cantar en la entrega de los Latin Grammy el 13 de noviembre en Las Vegas.<\/p>\n\n\n\n<p>La lista, revelada en un comunicado, la completan Iv\u00e1n Cornejo, DannyLux, Kakalo, Liniker, y Morat, quienes actuar\u00e1n en vivo en la 26 Entrega Anual del Latin GRAMMY en el MGM Grand Garden Arena de Las Vegas.<\/p>\n\n\n\n<p>La Academia Latina de Grabaci\u00f3n destac\u00f3 la presentaci\u00f3n de Raphael, acreedor al premio de la Persona del A\u00f1o 2025, \u00abpor sus m\u00e1s de seis d\u00e9cadas de trayectoria como un multifac\u00e9tico cantante y artista, consolid\u00e1ndolo como un verdadero embajador de la m\u00fasica latina en el mundo\u00bb.<\/p>\n\n\n\n<h2 class=\"wp-block-heading\" id=\"h-bad-bunny-lidera-las-nominaciones-de-los-latin-grammy\">Bad Bunny lidera las nominaciones de los Latin Grammy<\/h2>\n\n\n\n<p>Bad Bunny lidera las nominaciones de la edici\u00f3n 26 de los Latin&nbsp;<a href=\"https:\/\/efe.com\/noticias\/grammy\/\">Grammy<\/a>, con 12 candidaturas, seguido de los argentinos Ca7riel &amp; Paco Amoroso y el compositor mexicano Edgar Barrera, con 10 menciones cada uno.<\/p>\n\n\n\n<figure class=\"wp-block-image\"><img decoding=\"async\" src=\"https:\/\/i0.wp.com\/efe.com\/wp-content\/uploads\/2025\/09\/bad-bunny-nominaciones-jpg.webp?resize=900%2C600&amp;ssl=1\" alt=\"Bad Bunny bate r\u00e9cord de nominaciones a los Billboard latinos, seguido por Fuerza Regida\" class=\"wp-image-2135171\"\/><figcaption class=\"wp-element-caption\">El cantante puertorrique\u00f1o Bad Bunny se presenta durante el primero de sus 30 conciertos en el Coliseo de Puerto Rico en San Juan. EFE\/ Thais Llorca<\/figcaption><\/figure>\n\n\n\n<p>En tanto, Pepe Aguilar recibi\u00f3 una nominaci\u00f3n a Mejor \u00c1lbum Ranchero\/Mariachi, y Aitana consigui\u00f3 dos nominaciones, a Mejor \u00c1lbum de Pop Contempor\u00e1neo y Mejor Dise\u00f1o de Empaque.<\/p>\n\n\n\n<p>Iv\u00e1n Cornejo asegur\u00f3 una nominaci\u00f3n a Mejor \u00c1lbum de M\u00fasica Mexicana Contempor\u00e1nea, al igual que DannyLux.<\/p>\n\n\n\n<p>Gloria Estefan recibi\u00f3 dos nominaciones, a \u00c1lbum del A\u00f1o y Mejor \u00c1lbum Tropical Tradicional, mientras que Kakalo recibi\u00f3 una nominaci\u00f3n a Mejor Canci\u00f3n Regional.<\/p>\n\n\n\n<p>Car\u00edn Le\u00f3n obtuvo tres nominaciones: \u00c1lbum del A\u00f1o, Mejor \u00c1lbum de M\u00fasica Mexicana Contempor\u00e1nea y Mejor Canci\u00f3n Regional.<\/p>\n\n\n\n<p><a href=\"https:\/\/efe.com\/cultura\/2025-09-17\/candidatos-latin-grammy\/embed\/#?secret=TigRsgj3sP#?secret=lQ94KVOfma\">https:\/\/efe.com\/cultura\/2025-09-17\/candidatos-latin-grammy\/embed\/#?secret=TigRsgj3sP#?secret=lQ94KVOfma<\/a><\/p>\n\n\n\n<h2 class=\"wp-block-heading\" id=\"h-ceremonia-en-las-vegas\">Ceremonia en Las Vegas<\/h2>\n\n\n\n<p>La brasile\u00f1a Liniker asegur\u00f3 seis nominaciones: Grabaci\u00f3n del A\u00f1o, \u00c1lbum del A\u00f1o, Canci\u00f3n del A\u00f1o, Mejor \u00c1lbum de Pop Contempor\u00e1neo en Lengua Portuguesa, Mejor Interpretaci\u00f3n Urbana en Lengua Portuguesa y Mejor Canci\u00f3n en Lengua Portuguesa.<\/p>\n\n\n\n<p>Adem\u00e1s, Morat recibi\u00f3 una nominaci\u00f3n a Mejor \u00c1lbum Pop\/Rock y Los Tigres del Norte obtuvieron una nominaci\u00f3n a Mejor \u00c1lbum de M\u00fasica Norte\u00f1a.<\/p>\n\n\n\n<p><a href=\"https:\/\/efe.com\/cultura\/latin-grammy-leticia-maldonado\/embed\/#?secret=E54xGn0WGL#?secret=yQGAyJTp7i\">https:\/\/efe.com\/cultura\/latin-grammy-leticia-maldonado\/embed\/#?secret=E54xGn0WGL#?secret=yQGAyJTp7i<\/a><\/p>\n\n\n\n<p>La ronda final de votaciones empez\u00f3 el 1 de octubre para determinar los ganadores de los premios, que se entregar\u00e1n el 13 de noviembre en el MGM Grand Garden Arena de Las Vegas, y se transmitir\u00e1 en las plataformas de TelevisaUnivision a partir de las 17:00 hora local (00:00 GMT del jueves).<\/p>\n\n\n\n<p>Fuente: <a href=\"https:\/\/efe.com\/cultura\/2025-10-14\/artistas-premios-latin-grammy\/\">https:\/\/efe.com\/cultura\/2025-10-14\/artistas-premios-latin-grammy\/<\/a><\/p>\n\n\n\n<p><\/p>\n","protected":false},"excerpt":{"rendered":"<p>Agencia EFE Miami (EE.UU.) (EFE).- Los mexicanos Pepe Aguilar, Car\u00edn Le\u00f3n y Los Tigres del Norte, los espa\u00f1oles Raphael y [&hellip;]<\/p>\n","protected":false},"author":1,"featured_media":108917,"comment_status":"open","ping_status":"open","sticky":false,"template":"","format":"standard","meta":{"site-sidebar-layout":"default","site-content-layout":"","ast-site-content-layout":"default","site-content-style":"default","site-sidebar-style":"default","ast-global-header-display":"","ast-banner-title-visibility":"","ast-main-header-display":"","ast-hfb-above-header-display":"","ast-hfb-below-header-display":"","ast-hfb-mobile-header-display":"","site-post-title":"","ast-breadcrumbs-content":"","ast-featured-img":"","footer-sml-layout":"","theme-transparent-header-meta":"","adv-header-id-meta":"","stick-header-meta":"","header-above-stick-meta":"","header-main-stick-meta":"","header-below-stick-meta":"","astra-migrate-meta-layouts":"default","ast-page-background-enabled":"default","ast-page-background-meta":{"desktop":{"background-color":"var(--ast-global-color-4)","background-image":"","background-repeat":"repeat","background-position":"center center","background-size":"auto","background-attachment":"scroll","background-type":"","background-media":"","overlay-type":"","overlay-color":"","overlay-opacity":"","overlay-gradient":""},"tablet":{"background-color":"","background-image":"","background-repeat":"repeat","background-position":"center center","background-size":"auto","background-attachment":"scroll","background-type":"","background-media":"","overlay-type":"","overlay-color":"","overlay-opacity":"","overlay-gradient":""},"mobile":{"background-color":"","background-image":"","background-repeat":"repeat","background-position":"center center","background-size":"auto","background-attachment":"scroll","background-type":"","background-media":"","overlay-type":"","overlay-color":"","overlay-opacity":"","overlay-gradient":""}},"ast-content-background-meta":{"desktop":{"background-color":"var(--ast-global-color-5)","background-image":"","background-repeat":"repeat","background-position":"center center","background-size":"auto","background-attachment":"scroll","background-type":"","background-media":"","overlay-type":"","overlay-color":"","overlay-opacity":"","overlay-gradient":""},"tablet":{"background-color":"var(--ast-global-color-5)","background-image":"","background-repeat":"repeat","background-position":"center center","background-size":"auto","background-attachment":"scroll","background-type":"","background-media":"","overlay-type":"","overlay-color":"","overlay-opacity":"","overlay-gradient":""},"mobile":{"background-color":"var(--ast-global-color-5)","background-image":"","background-repeat":"repeat","background-position":"center center","background-size":"auto","background-attachment":"scroll","background-type":"","background-media":"","overlay-type":"","overlay-color":"","overlay-opacity":"","overlay-gradient":""}},"footnotes":""},"categories":[8],"tags":[42662,34345,42664,3178,42666,5451,42665,42663],"class_list":["post-108916","post","type-post","status-publish","format-standard","has-post-thumbnail","hentry","category-noticias","tag-cantante-aitana","tag-cantante-raphael","tag-carin-leon","tag-gloria-estefan","tag-la-academia-latina-de-la-grabacion","tag-latin-grammy","tag-los-tigres-del-nprte","tag-pepe-aguilar"],"_links":{"self":[{"href":"https:\/\/losperiodistas.com.mx\/portal\/wp-json\/wp\/v2\/posts\/108916","targetHints":{"allow":["GET"]}}],"collection":[{"href":"https:\/\/losperiodistas.com.mx\/portal\/wp-json\/wp\/v2\/posts"}],"about":[{"href":"https:\/\/losperiodistas.com.mx\/portal\/wp-json\/wp\/v2\/types\/post"}],"author":[{"embeddable":true,"href":"https:\/\/losperiodistas.com.mx\/portal\/wp-json\/wp\/v2\/users\/1"}],"replies":[{"embeddable":true,"href":"https:\/\/losperiodistas.com.mx\/portal\/wp-json\/wp\/v2\/comments?post=108916"}],"version-history":[{"count":1,"href":"https:\/\/losperiodistas.com.mx\/portal\/wp-json\/wp\/v2\/posts\/108916\/revisions"}],"predecessor-version":[{"id":108918,"href":"https:\/\/losperiodistas.com.mx\/portal\/wp-json\/wp\/v2\/posts\/108916\/revisions\/108918"}],"wp:featuredmedia":[{"embeddable":true,"href":"https:\/\/losperiodistas.com.mx\/portal\/wp-json\/wp\/v2\/media\/108917"}],"wp:attachment":[{"href":"https:\/\/losperiodistas.com.mx\/portal\/wp-json\/wp\/v2\/media?parent=108916"}],"wp:term":[{"taxonomy":"category","embeddable":true,"href":"https:\/\/losperiodistas.com.mx\/portal\/wp-json\/wp\/v2\/categories?post=108916"},{"taxonomy":"post_tag","embeddable":true,"href":"https:\/\/losperiodistas.com.mx\/portal\/wp-json\/wp\/v2\/tags?post=108916"}],"curies":[{"name":"wp","href":"https:\/\/api.w.org\/{rel}","templated":true}]}}