{"id":108908,"date":"2025-10-15T01:05:00","date_gmt":"2025-10-15T07:05:00","guid":{"rendered":"https:\/\/losperiodistas.com.mx\/portal\/?p=108908"},"modified":"2025-11-04T09:59:38","modified_gmt":"2025-11-04T15:59:38","slug":"a-casi-una-semana-del-desastre-34-comunidades-de-la-sierra-norte-siguen-aisladas-ljo","status":"publish","type":"post","link":"https:\/\/losperiodistas.com.mx\/portal\/a-casi-una-semana-del-desastre-34-comunidades-de-la-sierra-norte-siguen-aisladas-ljo\/","title":{"rendered":"A casi una semana del desastre, 34 comunidades de la Sierra Norte siguen aisladas | LJO"},"content":{"rendered":"\n<figure class=\"wp-block-embed is-type-video is-provider-youtube wp-block-embed-youtube wp-embed-aspect-16-9 wp-has-aspect-ratio\"><div class=\"wp-block-embed__wrapper\">\n<iframe title=\"A casi una semana del desastre, contin\u00faan 34 comunidades aisladas en Puebla, confirma Federaci\u00f3n\" width=\"500\" height=\"281\" src=\"https:\/\/www.youtube.com\/embed\/VFq9zU61YRo?feature=oembed\" frameborder=\"0\" allow=\"accelerometer; autoplay; clipboard-write; encrypted-media; gyroscope; picture-in-picture; web-share\" referrerpolicy=\"strict-origin-when-cross-origin\" allowfullscreen><\/iframe>\n<\/div><\/figure>\n\n\n\n<p><a href=\"https:\/\/www.facebook.com\/sharer.php?u=https%3A%2F%2Fwww.lajornadadeoriente.com.mx%2Fpuebla%2Fa-casi-una-semana-del-desastre-34-comunidades-de-la-sierra-norte-siguen-aisladas%2F\"><\/a><\/p>\n\n\n\n<p><a href=\"https:\/\/www.facebook.com\/sharer.php?u=https%3A%2F%2Fwww.lajornadadeoriente.com.mx%2Fpuebla%2Fa-casi-una-semana-del-desastre-34-comunidades-de-la-sierra-norte-siguen-aisladas%2F\"><\/a><a href=\"https:\/\/twitter.com\/intent\/tweet?text=A+casi+una+semana+del+desastre%2C+34+comunidades+de+la+Sierra+Norte+siguen+aisladas&amp;url=https%3A%2F%2Fwww.lajornadadeoriente.com.mx%2Fpuebla%2Fa-casi-una-semana-del-desastre-34-comunidades-de-la-sierra-norte-siguen-aisladas%2F&amp;via=La+Jornada+de+Oriente\"><\/a><a href=\"https:\/\/pinterest.com\/pin\/create\/button\/?url=https:\/\/www.lajornadadeoriente.com.mx\/puebla\/a-casi-una-semana-del-desastre-34-comunidades-de-la-sierra-norte-siguen-aisladas\/&amp;media=https:\/\/www.lajornadadeoriente.com.mx\/wp-content\/uploads\/2025\/10\/fotosss1-2025-10-14T132737.475.jpg&amp;description=A%20casi%20una%20semana%20de%20las%20intensas%20lluvias%20en%20la%20Sierra%20Norte%20de%20Puebla,%20un%20total%20de%2034%20comunidades%20contin%C3%BAan%20aisladas%20y%20sin%20comunicaci%C3%B3n\"><\/a><a href=\"https:\/\/api.whatsapp.com\/send?text=A+casi+una+semana+del+desastre%2C+34+comunidades+de+la+Sierra+Norte+siguen+aisladas%20%0A%0A%20https:\/\/www.lajornadadeoriente.com.mx\/puebla\/a-casi-una-semana-del-desastre-34-comunidades-de-la-sierra-norte-siguen-aisladas\/\"><\/a><a href=\"https:\/\/www.lajornadadeoriente.com.mx\/puebla\/a-casi-una-semana-del-desastre-34-comunidades-de-la-sierra-norte-siguen-aisladas\/\"><\/a><a href=\"https:\/\/vk.com\/share.php?url=https:\/\/www.lajornadadeoriente.com.mx\/puebla\/a-casi-una-semana-del-desastre-34-comunidades-de-la-sierra-norte-siguen-aisladas\/\"><\/a><a href=\"https:\/\/www.lajornadadeoriente.com.mx\/puebla\/a-casi-una-semana-del-desastre-34-comunidades-de-la-sierra-norte-siguen-aisladas\/#\"><\/a><\/p>\n\n\n\n<p class=\"has-vivid-red-color has-text-color has-link-color has-medium-font-size wp-elements-b6b8f8662a52e9feb86c48fbf993bbab\"><strong><a href=\"https:\/\/lajornadadeoriente.com.mx\/author\/yadira_llaven\">Yadira Llaven Anzures<\/a> \/ La Jornada de Oriente<\/strong><\/p>\n\n\n\n<p><\/p>\n\n\n\n<p>A casi una semana de las intensas lluvias en la&nbsp;<strong>Sierra Norte de Puebla<\/strong>, un total de&nbsp;<strong>34 comunidades contin\u00faan aisladas<\/strong>&nbsp;y sin comunicaci\u00f3n, inform\u00f3&nbsp;<a href=\"https:\/\/x.com\/Letamaya?ref_src=twsrc%5Egoogle%7Ctwcamp%5Eserp%7Ctwgr%5Eauthor\" target=\"_blank\" rel=\"noreferrer noopener\">Leticia Ram\u00edrez Amaya<\/a>, coordinadora general de Asuntos Intergubernamentales del Gobierno de M\u00e9xico, enviada para coordinar la reconstrucci\u00f3n en el estado.<\/p>\n\n\n\n<p>La funcionaria federal, quien acompa\u00f1\u00f3 la visita de la presidenta a la&nbsp;<strong>zona afectada<\/strong>, destac\u00f3 que la cifra se ha logrado reducir gracias a los trabajos, aunque reconoci\u00f3 que las&nbsp;<strong>labores de apoyo avanzan en etapas<\/strong>, priorizando la apertura de caminos y luego la limpieza de lodo y escombros.&nbsp;<\/p>\n\n\n\n<p>La coordinadora federal enfatiz\u00f3 que la&nbsp;<strong>limpieza de lodo de las casas<\/strong>&nbsp;es una tarea \u201cmuy complicada\u201d y que los apoyos se seguir\u00e1n entregando de manera simult\u00e1nea a la evaluaci\u00f3n de da\u00f1os en escuelas y servicios de salud.<\/p>\n\n\n\n<p>La cifra de&nbsp;<strong>34 comunidades<\/strong>&nbsp;sin acceso contrasta con el reporte de las&nbsp;<strong>77 localidades incomunicadas<\/strong>&nbsp;que el secretario de Infraestructura, Comunicaciones y Transportes (SICT),&nbsp;<strong>Jes\u00fas Antonio Esteva Medina<\/strong>, hab\u00eda reportado este mismo martes por la ma\u00f1ana.<\/p>\n\n\n\n<p>Por su parte, el gobernador&nbsp;<a href=\"https:\/\/x.com\/armentapuebla_\" target=\"_blank\" rel=\"noreferrer noopener\">Alejandro Armenta Mier<\/a>&nbsp;afirm\u00f3 que no se han registrado actos de rapi\u00f1a o delincuencia en la zona de desastre.&nbsp;<\/p>\n\n\n\n<p>El mandatario poblano descart\u00f3 la&nbsp;<strong>posibilidad de saqueos<\/strong>&nbsp;al se\u00f1alar que los&nbsp;<strong>deslaves<\/strong>&nbsp;y el agua \u201cse llev\u00f3 todo\u201d, y que lo que quedaron solo \u201cfierros, cartones, colchones destrozados, l\u00e1minas destrozadas\u201d, lo que minimiza cualquier atractivo para actos de robo.&nbsp;<\/p>\n\n\n\n<p>\u201cNo minimizamos, aclaro, no minimizamos. Tan es as\u00ed que la Guardia, las Polic\u00edas est\u00e1n apoyando\u201d, indic\u00f3.<\/p>\n\n\n\n<p>A\u00f1adi\u00f3 que incluso se pone en riesgo la vida de quienes se acercan a los domicilios que sufrieron un deslave.&nbsp;<\/p>\n\n\n\n<p>Inform\u00f3 que la atenci\u00f3n, con apoyo de la&nbsp;<strong>Guardia Nacional<\/strong>, Secretar\u00eda de la Defensa Nacional (<strong>Sedena<\/strong>) y polic\u00edas locales, se mantiene en los puntos afectados de la&nbsp;<strong>Sierra Norte<\/strong>.<\/p>\n\n\n\n<p>Armenta se traslad\u00f3 este mismo martes al municipio de&nbsp;<strong>Huauchinango<\/strong>&nbsp;para supervisar las acciones de rehabilitaci\u00f3n en las&nbsp;<strong>zonas afectadas<\/strong>&nbsp;por las lluvias, como parte de su compromiso de&nbsp;<strong>atender a las comunidades<\/strong>&nbsp;con cercan\u00eda y resultados.<\/p>\n\n\n\n<h2 class=\"wp-block-heading\">Pide gobierno ayuda a la ciudadana&nbsp;<\/h2>\n\n\n\n<p>Finalmente,&nbsp;<strong>Alejandro Armenta Mier<\/strong>&nbsp;hizo un llamado urgente a la ciudadan\u00eda y a la iniciativa privada para que se sumen a las labores de&nbsp;<a href=\"https:\/\/www.lajornadadeoriente.com.mx\/puebla\/se-eleva-a-13-el-numero-de-muertos-en-puebla-y-se-reducen-los-desaparecidos-a-cuatro-armenta\" target=\"_blank\" rel=\"noreferrer noopener\">reconstrucci\u00f3n en la Sierra Norte<\/a>, solicitando la&nbsp;<strong>donaci\u00f3n de herramientas<\/strong>, alimentos no perecederos y la disposici\u00f3n de maquinaria pesada.<\/p>\n\n\n\n<p>En la ma\u00f1anera, el mandatario proyect\u00f3 una imagen con la leyenda \u201c\u00a1Puebla te necesita!\u201d, detallando los elementos m\u00e1s apremiantes para las<strong>&nbsp;brigadas de limpieza<\/strong>: Herramientas para limpieza: picos, palas, botas de pl\u00e1stico (tallas chica, mediana y grande) y carretillas.<\/p>\n\n\n\n<p>Adem\u00e1s, pidi\u00f3 la colaboraci\u00f3n con<strong>&nbsp;30 camiones de volteo<\/strong>&nbsp;<strong>y<\/strong>&nbsp;<strong>retroexcavadoras<\/strong>&nbsp;para retirar escombros y habilitar los caminos bloqueados por deslaves.<\/p>\n\n\n\n<p>Enfatiz\u00f3 la importancia de que las despensas sean entregadas en bolsa o empaque y no sueltas, para facilitar su manejo y distribuci\u00f3n en las zonas afectadas.<\/p>\n\n\n\n<p>Agradeci\u00f3 el apoyo de la gobernadora de Guerrero,&nbsp;<strong>Evelyn Salgado<\/strong>, de la Benem\u00e9rita Universidad Aut\u00f3noma de Puebla (<strong>BUAP<\/strong>) y la<strong>&nbsp;Cruz Roja Mexicana<\/strong>.<\/p>\n\n\n\n<p>Fuente: <a href=\"https:\/\/www.lajornadadeoriente.com.mx\/puebla\/a-casi-una-semana-del-desastre-34-comunidades-de-la-sierra-norte-siguen-aisladas\/\">https:\/\/www.lajornadadeoriente.com.mx\/puebla\/a-casi-una-semana-del-desastre-34-comunidades-de-la-sierra-norte-siguen-aisladas\/<\/a><\/p>\n\n\n\n<p><\/p>\n","protected":false},"excerpt":{"rendered":"<p>Yadira Llaven Anzures \/ La Jornada de Oriente A casi una semana de las intensas lluvias en la&nbsp;Sierra Norte de [&hellip;]<\/p>\n","protected":false},"author":1,"featured_media":108910,"comment_status":"open","ping_status":"open","sticky":false,"template":"","format":"standard","meta":{"site-sidebar-layout":"default","site-content-layout":"","ast-site-content-layout":"default","site-content-style":"default","site-sidebar-style":"default","ast-global-header-display":"","ast-banner-title-visibility":"","ast-main-header-display":"","ast-hfb-above-header-display":"","ast-hfb-below-header-display":"","ast-hfb-mobile-header-display":"","site-post-title":"","ast-breadcrumbs-content":"","ast-featured-img":"","footer-sml-layout":"","theme-transparent-header-meta":"","adv-header-id-meta":"","stick-header-meta":"","header-above-stick-meta":"","header-main-stick-meta":"","header-below-stick-meta":"","astra-migrate-meta-layouts":"default","ast-page-background-enabled":"default","ast-page-background-meta":{"desktop":{"background-color":"var(--ast-global-color-4)","background-image":"","background-repeat":"repeat","background-position":"center center","background-size":"auto","background-attachment":"scroll","background-type":"","background-media":"","overlay-type":"","overlay-color":"","overlay-opacity":"","overlay-gradient":""},"tablet":{"background-color":"","background-image":"","background-repeat":"repeat","background-position":"center center","background-size":"auto","background-attachment":"scroll","background-type":"","background-media":"","overlay-type":"","overlay-color":"","overlay-opacity":"","overlay-gradient":""},"mobile":{"background-color":"","background-image":"","background-repeat":"repeat","background-position":"center center","background-size":"auto","background-attachment":"scroll","background-type":"","background-media":"","overlay-type":"","overlay-color":"","overlay-opacity":"","overlay-gradient":""}},"ast-content-background-meta":{"desktop":{"background-color":"var(--ast-global-color-5)","background-image":"","background-repeat":"repeat","background-position":"center center","background-size":"auto","background-attachment":"scroll","background-type":"","background-media":"","overlay-type":"","overlay-color":"","overlay-opacity":"","overlay-gradient":""},"tablet":{"background-color":"var(--ast-global-color-5)","background-image":"","background-repeat":"repeat","background-position":"center center","background-size":"auto","background-attachment":"scroll","background-type":"","background-media":"","overlay-type":"","overlay-color":"","overlay-opacity":"","overlay-gradient":""},"mobile":{"background-color":"var(--ast-global-color-5)","background-image":"","background-repeat":"repeat","background-position":"center center","background-size":"auto","background-attachment":"scroll","background-type":"","background-media":"","overlay-type":"","overlay-color":"","overlay-opacity":"","overlay-gradient":""}},"footnotes":""},"categories":[8],"tags":[],"class_list":["post-108908","post","type-post","status-publish","format-standard","has-post-thumbnail","hentry","category-noticias"],"_links":{"self":[{"href":"https:\/\/losperiodistas.com.mx\/portal\/wp-json\/wp\/v2\/posts\/108908","targetHints":{"allow":["GET"]}}],"collection":[{"href":"https:\/\/losperiodistas.com.mx\/portal\/wp-json\/wp\/v2\/posts"}],"about":[{"href":"https:\/\/losperiodistas.com.mx\/portal\/wp-json\/wp\/v2\/types\/post"}],"author":[{"embeddable":true,"href":"https:\/\/losperiodistas.com.mx\/portal\/wp-json\/wp\/v2\/users\/1"}],"replies":[{"embeddable":true,"href":"https:\/\/losperiodistas.com.mx\/portal\/wp-json\/wp\/v2\/comments?post=108908"}],"version-history":[{"count":1,"href":"https:\/\/losperiodistas.com.mx\/portal\/wp-json\/wp\/v2\/posts\/108908\/revisions"}],"predecessor-version":[{"id":108911,"href":"https:\/\/losperiodistas.com.mx\/portal\/wp-json\/wp\/v2\/posts\/108908\/revisions\/108911"}],"wp:featuredmedia":[{"embeddable":true,"href":"https:\/\/losperiodistas.com.mx\/portal\/wp-json\/wp\/v2\/media\/108910"}],"wp:attachment":[{"href":"https:\/\/losperiodistas.com.mx\/portal\/wp-json\/wp\/v2\/media?parent=108908"}],"wp:term":[{"taxonomy":"category","embeddable":true,"href":"https:\/\/losperiodistas.com.mx\/portal\/wp-json\/wp\/v2\/categories?post=108908"},{"taxonomy":"post_tag","embeddable":true,"href":"https:\/\/losperiodistas.com.mx\/portal\/wp-json\/wp\/v2\/tags?post=108908"}],"curies":[{"name":"wp","href":"https:\/\/api.w.org\/{rel}","templated":true}]}}