{"id":108846,"date":"2025-10-13T23:07:09","date_gmt":"2025-10-14T05:07:09","guid":{"rendered":"https:\/\/losperiodistas.com.mx\/portal\/?p=108846"},"modified":"2025-10-13T23:07:11","modified_gmt":"2025-10-14T05:07:11","slug":"anuncian-cierres-en-la-autopista-mexico-puebla-zavaleta-y-camino-real","status":"publish","type":"post","link":"https:\/\/losperiodistas.com.mx\/portal\/anuncian-cierres-en-la-autopista-mexico-puebla-zavaleta-y-camino-real\/","title":{"rendered":"Anuncian cierres en la autopista M\u00e9xico\u2013Puebla, Zavaleta y Camino Real"},"content":{"rendered":"\n<p>Los bloqueos viales ser\u00e1n implementados en distintos horarios a lo largo de estos d\u00edas<\/p>\n\n\n\n<figure class=\"wp-block-image size-large\"><img fetchpriority=\"high\" decoding=\"async\" width=\"1024\" height=\"576\" src=\"https:\/\/losperiodistas.com.mx\/portal\/wp-content\/uploads\/2025\/10\/BloqueosPuebla-1024x576.png\" alt=\"\" class=\"wp-image-108847\" srcset=\"https:\/\/losperiodistas.com.mx\/portal\/wp-content\/uploads\/2025\/10\/BloqueosPuebla-1024x576.png 1024w, https:\/\/losperiodistas.com.mx\/portal\/wp-content\/uploads\/2025\/10\/BloqueosPuebla-300x169.png 300w, https:\/\/losperiodistas.com.mx\/portal\/wp-content\/uploads\/2025\/10\/BloqueosPuebla-768x432.png 768w, https:\/\/losperiodistas.com.mx\/portal\/wp-content\/uploads\/2025\/10\/BloqueosPuebla.png 1358w\" sizes=\"(max-width: 1024px) 100vw, 1024px\" \/><figcaption class=\"wp-element-caption\">Se deben adoptar las medidas necesarias. \/ Foto: Julio C\u00e9sar Mart\u00ednez \/ El Sol de Puebla <\/figcaption><\/figure>\n\n\n\n<p class=\"has-vivid-red-color has-text-color has-link-color wp-elements-10c31e2a1bfe8a85a2ac5c2c8f2f9d93\">Jes\u00fas Su\u00e1rez \/ El Sol de Puebla<\/p>\n\n\n\n<p>Del <strong>13 al 17 de octubre<\/strong> habr\u00e1 <strong>cierres<\/strong> y cambios en la <strong>circulaci\u00f3n<\/strong> en diferentes <strong>vialidades<\/strong> de Puebla, como en la <strong>Calzada Zavaleta<\/strong> o la <strong>autopista M\u00e9xico \u2013 Puebla;<\/strong> por ese motivo, se recomienda <strong>extremar precauciones<\/strong> y atender las recomendaciones de las autoridades, son los siguientes:<\/p>\n\n\n\n<h2 class=\"wp-block-heading\">Calzada Zavaleta<\/h2>\n\n\n\n<p>Implementar\u00e1n un cierre parcial sobre la <strong>Calzada Zavaleta,<\/strong> entre el <strong>Bulevar Forjadores<\/strong> y el bajo puente de la <strong>Recta a Cholula,<\/strong> as\u00ed fue como lo revel\u00f3 la <strong>Secretar\u00eda de Infraestructura<\/strong> a trav\u00e9s de su cuenta de <strong>X<\/strong> (antes Twitter).<\/p>\n\n\n\n<p>Este cambio en la circulaci\u00f3n se realizar\u00e1 desde las <strong>8:00 de la ma\u00f1ana hasta las 6:00 de la tarde;<\/strong> que ser\u00e1 el <strong>momento<\/strong> en el que personal del <strong>gobierno<\/strong> estar\u00e1 realizando las <strong>labores de rehabilitaci\u00f3n<\/strong> correspondientes.<\/p>\n\n\n\n<figure class=\"wp-block-embed is-type-rich is-provider-twitter wp-block-embed-twitter\"><div class=\"wp-block-embed__wrapper\">\nhttps:\/\/twitter.com\/InfraGobPue\/status\/1977709654382956970\n<\/div><\/figure>\n\n\n\n<p>Es necesario recordar que se debe <strong>manejar con precauci\u00f3n<\/strong> por esta zona, al igual que respetar los <strong>se\u00f1alamientos<\/strong> que coloquen los <strong>empleados,<\/strong> en especial porque por este <strong>tramo<\/strong> pasan distintas unidades del transporte p\u00fablico, como <strong>El Cree \u2013 Madero <\/strong>o<strong> la Ruta 3.<\/strong><\/p>\n\n\n\n<h2 class=\"wp-block-heading\">Camino Real a Cholula<\/h2>\n\n\n\n<p>Desde las<strong> 8:00 de la ma\u00f1ana<\/strong> hasta las <strong>8:00 de la noche<\/strong> habr\u00e1 un cierre parcial sobre el <strong>Camino Real a Cholula,<\/strong> espec\u00edficamente entre el <strong>Perif\u00e9rico Ecol\u00f3gico<\/strong> y la <strong>Avenida Morillotla,<\/strong> cerca del <strong>Parque San Jos\u00e9 Momoxpan.<\/strong><\/p>\n\n\n\n<figure class=\"wp-block-embed is-type-rich is-provider-twitter wp-block-embed-twitter\"><div class=\"wp-block-embed__wrapper\">\nhttps:\/\/twitter.com\/InfraGobPue\/status\/1977707137762759103\n<\/div><\/figure>\n\n\n\n<p>En este caso, el cambio en la <strong>circulaci\u00f3n<\/strong> tambi\u00e9n ser\u00e1 por <strong>trabajos de rehabilitaci\u00f3n,<\/strong> por ese <strong>motivo el gobierno del estado <\/strong>asegur\u00f3 que es indispensable que se <strong>respeten<\/strong> las se\u00f1ales de tr\u00e1nsito que sean instaladas.<\/p>\n\n\n\n<p>Por otro lado, las y los <strong>residentes<\/strong> de esta zona no deben preocuparse, ya que habilitar\u00e1n <strong>accesos continuos<\/strong> a casas y comercios. Asimismo, es <strong>importante destacar que esta vialidad<\/strong> est\u00e1 cerca de la <strong>Calzada Zavaleta,<\/strong> lo que podr\u00eda empeorar el tr\u00e1fico en la regi\u00f3n.<\/p>\n\n\n\n<h2 class=\"wp-block-heading\">Carretera a Tetela<\/h2>\n\n\n\n<p>A las afueras del sur de la <strong>ciudad igual habr\u00e1 un cierre parcial<\/strong> durante estos d\u00edas, que estar\u00e1 sobre la <strong>carretera a Tetela,<\/strong> entre la calle <strong>Hermanos Serd\u00e1n<\/strong> y el <strong>Bulevar Capit\u00e1n Carlos Camacho Esp\u00edritu,<\/strong> con sentido a Puebla capital.<\/p>\n\n\n\n<figure class=\"wp-block-embed is-type-rich is-provider-twitter wp-block-embed-twitter\"><div class=\"wp-block-embed__wrapper\">\nhttps:\/\/twitter.com\/InfraGobPue\/status\/1977708395781107903\n<\/div><\/figure>\n\n\n\n<p>De acuerdo con informaci\u00f3n de la <strong>Secretar\u00eda de Infraestructura,<\/strong> esta modificaci\u00f3n <strong>temporal<\/strong> ser\u00e1 a la altura del <strong>municipio<\/strong> de <strong>San Pedro Zacachimalpa,<\/strong> y estar\u00e1 vigente desde las <strong>8:00 de la ma\u00f1ana hasta las 6:00 de la tarde.<\/strong><\/p>\n\n\n\n<h2 class=\"wp-block-heading\">Autopista M\u00e9xico \u2013 Puebla<\/h2>\n\n\n\n<p>En la <strong>autopista M\u00e9xico \u2013 Puebla<\/strong> habr\u00e1 un cierre vial en <strong>2 carriles de ambos sentidos,<\/strong> entre la <strong>puerta 3 de la Volkswagen<\/strong> y la <strong>Avenida San Lorenzo Almecatla, <\/strong>lo que se implementar\u00e1 desde <strong>10:00 de la ma\u00f1ana<\/strong> hasta <strong>las 6:00 de la tarde.<\/strong><\/p>\n\n\n\n<figure class=\"wp-block-embed is-type-rich is-provider-twitter wp-block-embed-twitter\"><div class=\"wp-block-embed__wrapper\">\nhttps:\/\/twitter.com\/InfraGobPue\/status\/1977705879165350108\n<\/div><\/figure>\n\n\n\n<p>En este caso, las <strong>autoridades<\/strong> explicaron que este bloqueo total se ha <strong>establecido<\/strong> por trabajos de <strong>imagen urbana sobre el camell\u00f3n,<\/strong> por ese motivo, lo mejor es <strong>tomar rutas alternas,<\/strong> como puede ser bajar de la <strong>autopista<\/strong> y avanzar por algunas de las calles de Sanctorum y retomar el trayecto a la altura del <strong>Parque Industrial.<\/strong><\/p>\n\n\n\n<p>Fuente: <a href=\"https:\/\/oem.com.mx\/elsoldepuebla\/local\/por-que-habra-cierres-en-la-autopista-mexico-puebla-zavaleta-y-camino-real-este-13-de-octubre-26266847?utm_source=newsshowcase&amp;utm_medium=gnews&amp;utm_campaign=CDAqEAgAKgcICjD-wf8KMIOQ-QIwpuHJBA&amp;utm_content=rundown\" target=\"_blank\" rel=\"noreferrer noopener\">El Sol de Puebla<\/a><\/p>\n\n\n\n<p><\/p>\n","protected":false},"excerpt":{"rendered":"<p>Los bloqueos viales ser\u00e1n implementados en distintos horarios a lo largo de estos d\u00edas<\/p>\n","protected":false},"author":1,"featured_media":108847,"comment_status":"open","ping_status":"open","sticky":false,"template":"","format":"standard","meta":{"site-sidebar-layout":"default","site-content-layout":"","ast-site-content-layout":"default","site-content-style":"default","site-sidebar-style":"default","ast-global-header-display":"","ast-banner-title-visibility":"","ast-main-header-display":"","ast-hfb-above-header-display":"","ast-hfb-below-header-display":"","ast-hfb-mobile-header-display":"","site-post-title":"","ast-breadcrumbs-content":"","ast-featured-img":"","footer-sml-layout":"","theme-transparent-header-meta":"","adv-header-id-meta":"","stick-header-meta":"","header-above-stick-meta":"","header-main-stick-meta":"","header-below-stick-meta":"","astra-migrate-meta-layouts":"default","ast-page-background-enabled":"default","ast-page-background-meta":{"desktop":{"background-color":"var(--ast-global-color-4)","background-image":"","background-repeat":"repeat","background-position":"center center","background-size":"auto","background-attachment":"scroll","background-type":"","background-media":"","overlay-type":"","overlay-color":"","overlay-opacity":"","overlay-gradient":""},"tablet":{"background-color":"","background-image":"","background-repeat":"repeat","background-position":"center center","background-size":"auto","background-attachment":"scroll","background-type":"","background-media":"","overlay-type":"","overlay-color":"","overlay-opacity":"","overlay-gradient":""},"mobile":{"background-color":"","background-image":"","background-repeat":"repeat","background-position":"center center","background-size":"auto","background-attachment":"scroll","background-type":"","background-media":"","overlay-type":"","overlay-color":"","overlay-opacity":"","overlay-gradient":""}},"ast-content-background-meta":{"desktop":{"background-color":"var(--ast-global-color-5)","background-image":"","background-repeat":"repeat","background-position":"center center","background-size":"auto","background-attachment":"scroll","background-type":"","background-media":"","overlay-type":"","overlay-color":"","overlay-opacity":"","overlay-gradient":""},"tablet":{"background-color":"var(--ast-global-color-5)","background-image":"","background-repeat":"repeat","background-position":"center center","background-size":"auto","background-attachment":"scroll","background-type":"","background-media":"","overlay-type":"","overlay-color":"","overlay-opacity":"","overlay-gradient":""},"mobile":{"background-color":"var(--ast-global-color-5)","background-image":"","background-repeat":"repeat","background-position":"center center","background-size":"auto","background-attachment":"scroll","background-type":"","background-media":"","overlay-type":"","overlay-color":"","overlay-opacity":"","overlay-gradient":""}},"footnotes":""},"categories":[8],"tags":[42641,27982,42642,42640,25642,42639],"class_list":["post-108846","post","type-post","status-publish","format-standard","has-post-thumbnail","hentry","category-noticias","tag-autopista-mexico-puebla-3","tag-calzada-zavaleta","tag-camino-real-a-cholula","tag-cierres-temporales","tag-infraestructura","tag-mantenimiento-a-vialidades"],"_links":{"self":[{"href":"https:\/\/losperiodistas.com.mx\/portal\/wp-json\/wp\/v2\/posts\/108846","targetHints":{"allow":["GET"]}}],"collection":[{"href":"https:\/\/losperiodistas.com.mx\/portal\/wp-json\/wp\/v2\/posts"}],"about":[{"href":"https:\/\/losperiodistas.com.mx\/portal\/wp-json\/wp\/v2\/types\/post"}],"author":[{"embeddable":true,"href":"https:\/\/losperiodistas.com.mx\/portal\/wp-json\/wp\/v2\/users\/1"}],"replies":[{"embeddable":true,"href":"https:\/\/losperiodistas.com.mx\/portal\/wp-json\/wp\/v2\/comments?post=108846"}],"version-history":[{"count":1,"href":"https:\/\/losperiodistas.com.mx\/portal\/wp-json\/wp\/v2\/posts\/108846\/revisions"}],"predecessor-version":[{"id":108848,"href":"https:\/\/losperiodistas.com.mx\/portal\/wp-json\/wp\/v2\/posts\/108846\/revisions\/108848"}],"wp:featuredmedia":[{"embeddable":true,"href":"https:\/\/losperiodistas.com.mx\/portal\/wp-json\/wp\/v2\/media\/108847"}],"wp:attachment":[{"href":"https:\/\/losperiodistas.com.mx\/portal\/wp-json\/wp\/v2\/media?parent=108846"}],"wp:term":[{"taxonomy":"category","embeddable":true,"href":"https:\/\/losperiodistas.com.mx\/portal\/wp-json\/wp\/v2\/categories?post=108846"},{"taxonomy":"post_tag","embeddable":true,"href":"https:\/\/losperiodistas.com.mx\/portal\/wp-json\/wp\/v2\/tags?post=108846"}],"curies":[{"name":"wp","href":"https:\/\/api.w.org\/{rel}","templated":true}]}}