{"id":108644,"date":"2025-10-10T06:14:13","date_gmt":"2025-10-10T12:14:13","guid":{"rendered":"https:\/\/losperiodistas.com.mx\/portal\/?p=108644"},"modified":"2025-10-10T06:51:32","modified_gmt":"2025-10-10T12:51:32","slug":"opinion-pros-y-contras-para-agua-de-puebla","status":"publish","type":"post","link":"https:\/\/losperiodistas.com.mx\/portal\/opinion-pros-y-contras-para-agua-de-puebla\/","title":{"rendered":"Opini\u00f3n | Pros y contras para Agua de Puebla"},"content":{"rendered":"\n<p class=\"has-medium-font-size\">*Ha mejorado el servicio; postura del Abogado Atilio Peralta<\/p>\n\n\n\n<figure class=\"wp-block-image size-full\"><img fetchpriority=\"high\" decoding=\"async\" width=\"864\" height=\"507\" src=\"https:\/\/losperiodistas.com.mx\/portal\/wp-content\/uploads\/2025\/10\/EL-LIBRO-ENCRUCIJADA-DEL-AGUA.jpg\" alt=\"\" class=\"wp-image-108645\" srcset=\"https:\/\/losperiodistas.com.mx\/portal\/wp-content\/uploads\/2025\/10\/EL-LIBRO-ENCRUCIJADA-DEL-AGUA.jpg 864w, https:\/\/losperiodistas.com.mx\/portal\/wp-content\/uploads\/2025\/10\/EL-LIBRO-ENCRUCIJADA-DEL-AGUA-300x176.jpg 300w, https:\/\/losperiodistas.com.mx\/portal\/wp-content\/uploads\/2025\/10\/EL-LIBRO-ENCRUCIJADA-DEL-AGUA-768x451.jpg 768w\" sizes=\"(max-width: 864px) 100vw, 864px\" \/><\/figure>\n\n\n\n<p class=\"has-vivid-red-color has-text-color has-link-color has-medium-font-size wp-elements-4865f9003ac6cfcf5a7f44570e7f0aa1\"><strong><em>Por Ra\u00fal Torres Salmer\u00f3n \/ Sin L\u00edmites<\/em><\/strong><\/p>\n\n\n\n<p>En los \u00faltimos d\u00edas, se han publicado argumentos e ideas sobre Agua de Puebla y su privatizaci\u00f3n. Por un lado, el servicio de distribuci\u00f3n ha mejorado notablemente y por otro el Gobierno del Estado ha dicho que apretar\u00e1 tuercas y que por el momento no es posible pensar econ\u00f3micamente en un acto de desprivatizaci\u00f3n.<\/p>\n\n\n\n<p>Por un lado, se inform\u00f3 que gracias a la inversi\u00f3n sostenida en infraestructura hidr\u00e1ulica, mantenimiento preventivo y la puesta en marcha de nuevas fuentes de abastecimiento, Agua de Puebla para Todos ha logrado mejorar el nivel de servicio de agua potable en el 50% de las colonias dentro de su zona de cobertura.<\/p>\n\n\n\n<p>Actualmente, 269 colonias de la zona metropolitana de Puebla cuentan ya con un suministro de 4 o m\u00e1s d\u00edas por semana, mientras que otras 213 colonias registraron un aumento de al menos un d\u00eda adicional en su frecuencia de servicio, en comparaci\u00f3n con a\u00f1os anteriores.<\/p>\n\n\n\n<p>En 2014, \u00fanicamente 132 colonias dispon\u00edan de agua potable cuatro d\u00edas a la semana. Hoy, gracias a las acciones emprendidas por Agua de Puebla, la cifra supera las 400 colonias con un servicio m\u00e1s regular, mientras que el n\u00famero de colonias con menos de 4 d\u00edas de suministro disminuy\u00f3 de 775 a 562.<\/p>\n\n\n\n<p>Asimismo, colonias que antes recib\u00edan agua de forma quincenal ahora cuentan con servicio dos o m\u00e1s veces por semana, lo que representa un cambio sustancial en la calidad de vida de miles de familias poblanas.<\/p>\n\n\n\n<p>Durante los primeros siete meses de 2025, la producci\u00f3n de agua aument\u00f3 en m\u00e1s de un mill\u00f3n de metros c\u00fabicos, recursos que se destinaron prioritariamente a zonas con mayor vulnerabilidad y demanda.<\/p>\n\n\n\n<p>Estas acciones forman parte del compromiso permanente de Agua de Puebla para Todos con la mejora continua, la eficiencia operativa y la responsabilidad social, en coordinaci\u00f3n con los programas estatales y federales de recuperaci\u00f3n y protecci\u00f3n de los recursos h\u00eddricos.<\/p>\n\n\n\n<p>Por otra parte, el Abogado y Escritor Atilio Alberto Peralta Merino, sostiene que en su momento esgrimi\u00f3 argumentos en contra de la privatizaci\u00f3n de 2013 y la posibilidad de hacerlo ahora sin tanto costo econ\u00f3mico.<\/p>\n\n\n\n<p>Expone Peralta \u201cque a\u00f1os antes de que en 2013 se decidiera privatizar el Servicio P\u00fablico de Agua potable y Alcantarillado en el Municipio de Puebla y Zona Metropolitana conurbada, publiqu\u00e9 en 2007 el ensayo M\u00e9xico Ante la Encrucijada del Agua.<\/p>\n\n\n\n<p>\u201cEn consecuencia, no puedo ser incluido en el reproche que Alejandro Armenta ha espetado hace poco ante la prensa fustigando a quienes, promoviendo hoy la cancelaci\u00f3n de la concesi\u00f3n del referido servicio, se mantuvieron callados en su momento, dado que alc\u00e9 la voz, incluso en&nbsp; momentos en que se generaba una responsabilidad enorme por parte del entonces titular del \u00f3rgano encargado del servicio Luis Onta\u00f1\u00f3n, responsabilidad que, como dijera Marco Antonio en el mon\u00f3logo de Julio Cesar \u2018ha quedado sepultada con sus huesos\u2019.<\/p>\n\n\n\n<p>\u201cPor lo dem\u00e1s, la declaraci\u00f3n en cuesti\u00f3n reviste especial importancia y se hace digna de ser glosada, en ella, se se\u00f1ala a la penalizaci\u00f3n consignada en el t\u00edtulo mismo de concesi\u00f3n como \u2018impedimento dirimente\u2019, dijeran los procesalistas, para poder llevar a cabo el rescate del servicio en cuesti\u00f3n, a\u00fan cuando, en la propia declaraci\u00f3n se advierte el incumplimiento de la concesionaria en sus compromisos de inversi\u00f3n\u201d.<\/p>\n\n\n\n<p>Hace hincapi\u00e9 en que \u201cel denominado pacto comisorio t\u00e1cito se erige en un principio esencial de toda obligaci\u00f3n bilateral estatuida en un acuerdo entre partes, se expresa en los siguientes t\u00e9rminos: La facultad de resolver las obligaciones est\u00e1 impl\u00edcita en las rec\u00edprocas para el caso de incumplimiento de una de las partes, en consecuencia, retirar la parte concesionaria queda exceptuada del pago de la cl\u00e1usula penal referida en virtud del previo incumplimiento de la parte concesionada a lo pactado.<\/p>\n\n\n\n<p>\u201cLa cl\u00e1sica definici\u00f3n de obligaci\u00f3n que se consigna en el Digesto del Emperador Justiniano establece que es el v\u00ednculo jur\u00eddico que nos constri\u00f1e a dar, hacer o no hacer algo conforme a las leyes de nuestra ciudad, es curioso que aun cuando la definici\u00f3n en cuesti\u00f3n no emplea el t\u00e9rmino \u2018amarrar\u2019 por ning\u00fan lado, Gabriel Biestro y alg\u00fan otro pr\u00f3cer del analfabetismo imperante, hayan se\u00f1alado de tiempo atr\u00e1s que la empresa concesionaria se encontraba \u2018amarrada\u2019.<\/p>\n\n\n\n<p>\u201cIndependientemente de que a pr\u00f3ceres de tal talante les queda como anillo al dedo el reproche contenido en la declaraci\u00f3n de Alejandro Armenta, la barb\u00e1rica expresi\u00f3n habr\u00eda tenido como falaz base, no tanto el monto que al efecto se contiene en la referida cl\u00e1usula de penalizaci\u00f3n, sino en otra cl\u00e1usula denominada por los tratadistas de la materia \u2018compromisoria\u2019 y que obliga a entablar todo litigio derivado de la interpretaci\u00f3n o aplicaci\u00f3n del t\u00edtulo de concesi\u00f3n respectivo ante la Corte Arbitral de la C\u00e1mara de Comercio de Par\u00eds.<\/p>\n\n\n\n<p>\u201cEn consecuencia de lo anterior, un eventual litigio tendr\u00e1 que resolverse en concordancia con las convenciones vigentes en materia de arbitraje comercial, a saber la Convenci\u00f3n de Nueva York de la ONU de 1958 de alcance mundial o en su defecto la Convenci\u00f3n de Panam\u00e1 de 1975 suscrita en el seno de la OEA de alcance continental meramente; amenaza derivada de una renuncia expresa a la competencia jurisdiccional del pa\u00eds que, en todo caso no es por ning\u00fan motivo insalvable, toda vez que la obligaci\u00f3n contra\u00edda es para sujetar al estado de Puebla a un proceso arbitral de estricto derecho y no a una a amigable composici\u00f3n por lo que el \u2018pacto comisorio t\u00e1cito\u2019 resulta plenamente invocable.<\/p>\n\n\n\n<p>\u201cEn todo caso, dado que estamos en presencia de un servicio p\u00fablico de competencia local&nbsp; concesionado por la autoridad estatal, no era, ni es a la autoridad judicial federal a qui\u00e9n de manera primigenia habr\u00eda de corresponder conocer respecto de un litigio de tal \u00edndole, sino a las autoridades jurisdiccionales locales, concretamente, al Tribunal de Justicia Administrativa &nbsp;del Poder Judicial del Estado de Puebla, ante qui\u00e9n se ventila la responsabilidad de la propia administraci\u00f3n por el da\u00f1o causado por la extinci\u00f3n del Manantial de Acuexcomac\u201d.<\/p>\n\n\n\n<p>Atilio Peralta finalmente expresa: \u201cPor cierto, mucho ayudar\u00eda al Gobierno del Estado, allanarse a la demanda en cuesti\u00f3n, para consolidar una posici\u00f3n de fortaleza ante un concesionario que quisiera emprender una guerra judicial a favor del saqueo que perpetra en contra de la poblaci\u00f3n de la ciudad, incluso en el caso que tal controversia fuese ventilada ante la C\u00e1mara de Comercio de Paris\u201d.<\/p>\n\n\n\n<p>Dos puntos de vista interesantes que deben mover a pensar a la ciudadan\u00eda, la empresa y las autoridades. Por lo pronto, mejor tener acceso al agua, que no tenerlo.<\/p>\n\n\n\n<p>En fin, como escribi\u00f3 Le\u00f3n Felipe (Espa\u00f1a, 1884-1968), en su poema Revoluci\u00f3n:<\/p>\n\n\n\n<p>Siempre habr\u00e1 nieve altanera<\/p>\n\n\n\n<p>que vista el monte de armi\u00f1o<\/p>\n\n\n\n<p>y agua humilde que trabaje<\/p>\n\n\n\n<p>en la presa del molino.<\/p>\n\n\n\n<p>Y siempre habr\u00e1 un sol tambi\u00e9n<\/p>\n\n\n\n<p>un sol verdugo y amigo<\/p>\n\n\n\n<p>que trueque en llanto la nieve<\/p>\n\n\n\n<p>y en nube el agua del r\u00edo.<\/p>\n\n\n\n<p>raultorress@hotmail.com<\/p>\n\n\n\n<hr class=\"wp-block-separator has-alpha-channel-opacity\"\/>\n\n\n\n<p><strong>+ OPINI\u00d3N : Las opiniones expresadas son responsabilidad del autor<\/strong><\/p>\n","protected":false},"excerpt":{"rendered":"<p>*Ha mejorado el servicio; postura del Abogado Atilio Peralta Por Ra\u00fal Torres Salmer\u00f3n \/ Sin L\u00edmites En los \u00faltimos d\u00edas, [&hellip;]<\/p>\n","protected":false},"author":1,"featured_media":108645,"comment_status":"open","ping_status":"open","sticky":false,"template":"","format":"standard","meta":{"site-sidebar-layout":"default","site-content-layout":"","ast-site-content-layout":"default","site-content-style":"default","site-sidebar-style":"default","ast-global-header-display":"","ast-banner-title-visibility":"","ast-main-header-display":"","ast-hfb-above-header-display":"","ast-hfb-below-header-display":"","ast-hfb-mobile-header-display":"","site-post-title":"","ast-breadcrumbs-content":"","ast-featured-img":"","footer-sml-layout":"","theme-transparent-header-meta":"","adv-header-id-meta":"","stick-header-meta":"","header-above-stick-meta":"","header-main-stick-meta":"","header-below-stick-meta":"","astra-migrate-meta-layouts":"default","ast-page-background-enabled":"default","ast-page-background-meta":{"desktop":{"background-color":"var(--ast-global-color-4)","background-image":"","background-repeat":"repeat","background-position":"center center","background-size":"auto","background-attachment":"scroll","background-type":"","background-media":"","overlay-type":"","overlay-color":"","overlay-opacity":"","overlay-gradient":""},"tablet":{"background-color":"","background-image":"","background-repeat":"repeat","background-position":"center center","background-size":"auto","background-attachment":"scroll","background-type":"","background-media":"","overlay-type":"","overlay-color":"","overlay-opacity":"","overlay-gradient":""},"mobile":{"background-color":"","background-image":"","background-repeat":"repeat","background-position":"center center","background-size":"auto","background-attachment":"scroll","background-type":"","background-media":"","overlay-type":"","overlay-color":"","overlay-opacity":"","overlay-gradient":""}},"ast-content-background-meta":{"desktop":{"background-color":"var(--ast-global-color-5)","background-image":"","background-repeat":"repeat","background-position":"center center","background-size":"auto","background-attachment":"scroll","background-type":"","background-media":"","overlay-type":"","overlay-color":"","overlay-opacity":"","overlay-gradient":""},"tablet":{"background-color":"var(--ast-global-color-5)","background-image":"","background-repeat":"repeat","background-position":"center center","background-size":"auto","background-attachment":"scroll","background-type":"","background-media":"","overlay-type":"","overlay-color":"","overlay-opacity":"","overlay-gradient":""},"mobile":{"background-color":"var(--ast-global-color-5)","background-image":"","background-repeat":"repeat","background-position":"center center","background-size":"auto","background-attachment":"scroll","background-type":"","background-media":"","overlay-type":"","overlay-color":"","overlay-opacity":"","overlay-gradient":""}},"footnotes":""},"categories":[8,19],"tags":[3358,42568],"class_list":["post-108644","post","type-post","status-publish","format-standard","has-post-thumbnail","hentry","category-noticias","category-sin-limites-2","tag-agua-de-puebla","tag-atilio-peralta"],"_links":{"self":[{"href":"https:\/\/losperiodistas.com.mx\/portal\/wp-json\/wp\/v2\/posts\/108644","targetHints":{"allow":["GET"]}}],"collection":[{"href":"https:\/\/losperiodistas.com.mx\/portal\/wp-json\/wp\/v2\/posts"}],"about":[{"href":"https:\/\/losperiodistas.com.mx\/portal\/wp-json\/wp\/v2\/types\/post"}],"author":[{"embeddable":true,"href":"https:\/\/losperiodistas.com.mx\/portal\/wp-json\/wp\/v2\/users\/1"}],"replies":[{"embeddable":true,"href":"https:\/\/losperiodistas.com.mx\/portal\/wp-json\/wp\/v2\/comments?post=108644"}],"version-history":[{"count":1,"href":"https:\/\/losperiodistas.com.mx\/portal\/wp-json\/wp\/v2\/posts\/108644\/revisions"}],"predecessor-version":[{"id":108646,"href":"https:\/\/losperiodistas.com.mx\/portal\/wp-json\/wp\/v2\/posts\/108644\/revisions\/108646"}],"wp:featuredmedia":[{"embeddable":true,"href":"https:\/\/losperiodistas.com.mx\/portal\/wp-json\/wp\/v2\/media\/108645"}],"wp:attachment":[{"href":"https:\/\/losperiodistas.com.mx\/portal\/wp-json\/wp\/v2\/media?parent=108644"}],"wp:term":[{"taxonomy":"category","embeddable":true,"href":"https:\/\/losperiodistas.com.mx\/portal\/wp-json\/wp\/v2\/categories?post=108644"},{"taxonomy":"post_tag","embeddable":true,"href":"https:\/\/losperiodistas.com.mx\/portal\/wp-json\/wp\/v2\/tags?post=108644"}],"curies":[{"name":"wp","href":"https:\/\/api.w.org\/{rel}","templated":true}]}}