{"id":108264,"date":"2025-10-04T19:10:23","date_gmt":"2025-10-05T01:10:23","guid":{"rendered":"https:\/\/losperiodistas.com.mx\/portal\/?p=108264"},"modified":"2025-10-04T19:10:25","modified_gmt":"2025-10-05T01:10:25","slug":"detienen-en-cdmx-al-presunto-lider-y-principal-operador-del-tren-de-aragua-en-mexico-informan-autoridades-de-seguridad-cnn","status":"publish","type":"post","link":"https:\/\/losperiodistas.com.mx\/portal\/detienen-en-cdmx-al-presunto-lider-y-principal-operador-del-tren-de-aragua-en-mexico-informan-autoridades-de-seguridad-cnn\/","title":{"rendered":"Detienen en CDMX al presunto \u00abl\u00edder y principal operador\u00bb del Tren de Aragua en M\u00e9xico, informan autoridades de seguridad | CNN"},"content":{"rendered":"\n<figure class=\"wp-block-image size-large\"><img fetchpriority=\"high\" decoding=\"async\" width=\"1024\" height=\"576\" src=\"https:\/\/losperiodistas.com.mx\/portal\/wp-content\/uploads\/2025\/10\/nelson-arturo-echezuria-alcantara-1024x576.png\" alt=\"\" class=\"wp-image-108265\" srcset=\"https:\/\/losperiodistas.com.mx\/portal\/wp-content\/uploads\/2025\/10\/nelson-arturo-echezuria-alcantara-1024x576.png 1024w, https:\/\/losperiodistas.com.mx\/portal\/wp-content\/uploads\/2025\/10\/nelson-arturo-echezuria-alcantara-300x169.png 300w, https:\/\/losperiodistas.com.mx\/portal\/wp-content\/uploads\/2025\/10\/nelson-arturo-echezuria-alcantara-768x432.png 768w, https:\/\/losperiodistas.com.mx\/portal\/wp-content\/uploads\/2025\/10\/nelson-arturo-echezuria-alcantara.png 1450w\" sizes=\"(max-width: 1024px) 100vw, 1024px\" \/><figcaption class=\"wp-element-caption\">Nelson Arturo Echezuria Alc\u00e1ntara, es se\u00f1alado como el \u00abl\u00edder y principal operador\u00bb del Tren de Aragua en M\u00e9xico por las autoridades de seguridad mexicanas.<br>Cortes\u00eda del Gabinete de Seguridad de M\u00e9xico.<\/figcaption><\/figure>\n\n\n\n<p class=\"has-vivid-red-color has-text-color has-link-color wp-elements-666588913316a989c4f7fe09b005b394\">Uriel Blanco \/ CNN<\/p>\n\n\n\n<p>Las autoridades de seguridad del Gobierno de M\u00e9xico informaron este s\u00e1bado en un comunicado que detuvieron en la capital del pa\u00eds al presunto \u201cl\u00edder y principal operador en M\u00e9xico\u201d de la organizaci\u00f3n criminal Tren de Aragua.<\/p>\n\n\n\n<p>La Secretar\u00eda de Seguridad y Protecci\u00f3n Ciudadana (SSPC) \u2014que forma parte del Gabinete de Seguridad\u2014 confirm\u00f3 a CNN que el detenido es Nelson Arturo Echezuria Alc\u00e1ntara, alias \u201cNelson\u201d, y tiene 29 a\u00f1os.<\/p>\n\n\n\n<p>En el <a href=\"https:\/\/www.gob.mx\/sspc\/prensa\/en-cdmx-detienen-al-lider-de-una-organizacion-delictiva-trasnacional\" target=\"_blank\" rel=\"noreferrer noopener\">comunicado<\/a>, el Gabinete de Seguridad mexicano vincula a Echezuria Alc\u00e1ntara con los delitos de trata de personas, venta de drogas, homicidio, secuestro y extorsi\u00f3n.<\/p>\n\n\n\n<p>Omar Garc\u00eda Harfuch, titular de la SSPC, dijo adem\u00e1s en un mensaje en X que Echezuria Alc\u00e1ntara es considerado como \u201cautor intelectual y material de diversos feminicidios\u201d.<\/p>\n\n\n\n<figure class=\"wp-block-embed is-type-rich is-provider-twitter wp-block-embed-twitter\"><div class=\"wp-block-embed__wrapper\">\n<blockquote class=\"twitter-tweet\" data-width=\"500\" data-dnt=\"true\"><p lang=\"es\" dir=\"ltr\">En seguimiento a trabajos de investigaci\u00f3n relacionados con la organizaci\u00f3n delictiva \u201cTren de Aragua\u201d, elementos de <a href=\"https:\/\/twitter.com\/SSPCMexico?ref_src=twsrc%5Etfw\">@SSPCMexico<\/a>, <a href=\"https:\/\/twitter.com\/Defensamx1?ref_src=twsrc%5Etfw\">@Defensamx1<\/a>, <a href=\"https:\/\/twitter.com\/SEMAR_mx?ref_src=twsrc%5Etfw\">@SEMAR_mx<\/a>, <a href=\"https:\/\/twitter.com\/FGRMexico?ref_src=twsrc%5Etfw\">@FGRMexico<\/a>, <a href=\"https:\/\/twitter.com\/GN_MEXICO_?ref_src=twsrc%5Etfw\">@GN_MEXICO_<\/a>, <a href=\"https:\/\/twitter.com\/SSC_CDMX?ref_src=twsrc%5Etfw\">@SSC_CDMX<\/a> y <a href=\"https:\/\/twitter.com\/FiscaliaCDMX?ref_src=twsrc%5Etfw\">@FiscaliaCDMX<\/a> detuvieron en la Ciudad de M\u00e9xico a Nelson Arturo \u201cN\u201d, alias \u201cNelson\u201d,\u2026 <a href=\"https:\/\/t.co\/PHYbiAK9lu\">pic.twitter.com\/PHYbiAK9lu<\/a><\/p>&mdash; Omar H Garcia Harfuch (@OHarfuch) <a href=\"https:\/\/twitter.com\/OHarfuch\/status\/1974492917067579778?ref_src=twsrc%5Etfw\">October 4, 2025<\/a><\/blockquote><script async src=\"https:\/\/platform.twitter.com\/widgets.js\" charset=\"utf-8\"><\/script>\n<\/div><\/figure>\n\n\n\n<p>El secretario de Seguridad federal a\u00f1adi\u00f3 que, junto con alias \u201cNelson\u201d, \u201cfueron detenidos dos de sus colaboradores directos\u201d.<\/p>\n\n\n\n<p>La SSPC indic\u00f3 a CNN que uno de ellos es Lucas Alberto Vielma Rojas, de 37 a\u00f1os, identificado como brazo derecho de Nelson Arturo; en tanto, el segundo fue identificado como Marcos Gabriel Ortega Sotillo, de 36 a\u00f1os, colaborador directo en el Tren de Aragua.<\/p>\n\n\n\n<p>Los tres detenidos, agreg\u00f3 la SSPC a CNN, son de nacionalidad venezolana.<\/p>\n\n\n\n<figure class=\"wp-block-image size-large\"><img decoding=\"async\" width=\"1024\" height=\"576\" src=\"https:\/\/losperiodistas.com.mx\/portal\/wp-content\/uploads\/2025\/10\/copia-de-foto-para-wp-2025-10-04t115642-766-1024x576.webp\" alt=\"\" class=\"wp-image-108266\" srcset=\"https:\/\/losperiodistas.com.mx\/portal\/wp-content\/uploads\/2025\/10\/copia-de-foto-para-wp-2025-10-04t115642-766-1024x576.webp 1024w, https:\/\/losperiodistas.com.mx\/portal\/wp-content\/uploads\/2025\/10\/copia-de-foto-para-wp-2025-10-04t115642-766-300x169.webp 300w, https:\/\/losperiodistas.com.mx\/portal\/wp-content\/uploads\/2025\/10\/copia-de-foto-para-wp-2025-10-04t115642-766-768x432.webp 768w, https:\/\/losperiodistas.com.mx\/portal\/wp-content\/uploads\/2025\/10\/copia-de-foto-para-wp-2025-10-04t115642-766.webp 1160w\" sizes=\"(max-width: 1024px) 100vw, 1024px\" \/><figcaption class=\"wp-element-caption\"> En el centro de la foto, Marcos Gabriel Ortega Sotillo (a la izquierda, de amarillo) y Nelson Arturo Echezuria Alc\u00e1ntara (de blanco) tras ser detenidos por las autoridades de seguridad mexicanas.\nCortes\u00eda del Gabinete de Seguridad de M\u00e9xico <\/figcaption><\/figure>\n\n\n\n<figure class=\"wp-block-image size-large\"><img decoding=\"async\" width=\"1024\" height=\"576\" src=\"https:\/\/losperiodistas.com.mx\/portal\/wp-content\/uploads\/2025\/10\/copia-de-foto-para-wp-2025-10-04t120055-246-1024x576.webp\" alt=\"\" class=\"wp-image-108267\" srcset=\"https:\/\/losperiodistas.com.mx\/portal\/wp-content\/uploads\/2025\/10\/copia-de-foto-para-wp-2025-10-04t120055-246-1024x576.webp 1024w, https:\/\/losperiodistas.com.mx\/portal\/wp-content\/uploads\/2025\/10\/copia-de-foto-para-wp-2025-10-04t120055-246-300x169.webp 300w, https:\/\/losperiodistas.com.mx\/portal\/wp-content\/uploads\/2025\/10\/copia-de-foto-para-wp-2025-10-04t120055-246-768x432.webp 768w, https:\/\/losperiodistas.com.mx\/portal\/wp-content\/uploads\/2025\/10\/copia-de-foto-para-wp-2025-10-04t120055-246.webp 1160w\" sizes=\"(max-width: 1024px) 100vw, 1024px\" \/><figcaption class=\"wp-element-caption\"> Lucas Alberto Vielma Rojas (al centro, de rosa) luego de ser detenido.\nCortes\u00eda del Gabinete de Seguridad de M\u00e9xico <\/figcaption><\/figure>\n\n\n\n<p>CNN contact\u00f3 a la Fiscal\u00eda General de la Rep\u00fablica (FGR) \u2014tambi\u00e9n parte del Gabinete de Seguridad federal\u2014 para saber si los tres detenidos cuentan con representaci\u00f3n legal y espera respuesta.<\/p>\n\n\n\n<p>Al ser inspeccionados tras su detenci\u00f3n, \u201cles hallaron 92 dosis de marihuana, 44 dosis de cristal, 18 dosis de piedra, dos tel\u00e9fonos celulares y dinero en efectivo\u201d, se\u00f1al\u00f3 el Gabinete de Seguridad en el comunicado.<\/p>\n\n\n\n<p>Seg\u00fan Garc\u00eda Harfuch, los tres detenidos operaban en las entidades de Puebla, Morelos, Estado de M\u00e9xico y diversas alcald\u00edas de la Ciudad de M\u00e9xico, es decir, pr\u00e1cticamente se concentraban en la zona centro del pa\u00eds.<\/p>\n\n\n\n<p>El Tren de Aragua es una banda criminal transnacional que se origin\u00f3 en una prisi\u00f3n de Venezuela y que lentamente se ha abierto camino hacia el sur y el norte del continente en los \u00faltimos a\u00f1os. En 2023, una investigaci\u00f3n de CNN revel\u00f3 la presencia de sus miembros en Estados Unidos.<\/p>\n\n\n\n<p>La Fiscal\u00eda General de Venezuela afirm\u00f3 en enero de 2025 haber desmantelado al Tren de Aragua, pero no se ha reportado la detenci\u00f3n de H\u00e9ctor \u201cNi\u00f1o\u201d Guerrero, quien es considerado el l\u00edder de la organizaci\u00f3n criminal y cuyo paradero a\u00fan se desconoce.<\/p>\n\n\n\n<p>El Tren de Aragua es catalogado como la banda criminal m\u00e1s grande y poderosa de Venezuela, de acuerdo con informes de la organizaci\u00f3n Insight Crime y el Gobierno de Estados Unidos.<\/p>\n\n\n\n<p>Previamente esta semana, se anunci\u00f3 otra detenci\u00f3n de un presunto l\u00edder del Tren de Aragua, en este caso en Colombia. Se trata de Jos\u00e9 Antonio M\u00e1rquez Morales, alias \u201cCaracas\u201d, quien es se\u00f1alado por la Polic\u00eda Nacional colombiana como \u201cel principal articulador log\u00edstico y financiero\u201d de la organizaci\u00f3n criminal Tren de Aragua.<\/p>\n\n\n\n<p>Fuente: <a href=\"https:\/\/cnnespanol.cnn.com\/2025\/10\/04\/mexico\/detienen-cdmx-presunto-lider-principal-operador-tren-aragua-mexico-orix\" target=\"_blank\" rel=\"noreferrer noopener\">CNN<\/a><\/p>\n\n\n\n<p><\/p>\n","protected":false},"excerpt":{"rendered":"<p>Uriel Blanco \/ CNN Las autoridades de seguridad del Gobierno de M\u00e9xico informaron este s\u00e1bado en un comunicado que detuvieron [&hellip;]<\/p>\n","protected":false},"author":1,"featured_media":108265,"comment_status":"open","ping_status":"open","sticky":false,"template":"","format":"standard","meta":{"site-sidebar-layout":"default","site-content-layout":"","ast-site-content-layout":"default","site-content-style":"default","site-sidebar-style":"default","ast-global-header-display":"","ast-banner-title-visibility":"","ast-main-header-display":"","ast-hfb-above-header-display":"","ast-hfb-below-header-display":"","ast-hfb-mobile-header-display":"","site-post-title":"","ast-breadcrumbs-content":"","ast-featured-img":"","footer-sml-layout":"","theme-transparent-header-meta":"","adv-header-id-meta":"","stick-header-meta":"","header-above-stick-meta":"","header-main-stick-meta":"","header-below-stick-meta":"","astra-migrate-meta-layouts":"default","ast-page-background-enabled":"default","ast-page-background-meta":{"desktop":{"background-color":"var(--ast-global-color-4)","background-image":"","background-repeat":"repeat","background-position":"center center","background-size":"auto","background-attachment":"scroll","background-type":"","background-media":"","overlay-type":"","overlay-color":"","overlay-opacity":"","overlay-gradient":""},"tablet":{"background-color":"","background-image":"","background-repeat":"repeat","background-position":"center center","background-size":"auto","background-attachment":"scroll","background-type":"","background-media":"","overlay-type":"","overlay-color":"","overlay-opacity":"","overlay-gradient":""},"mobile":{"background-color":"","background-image":"","background-repeat":"repeat","background-position":"center center","background-size":"auto","background-attachment":"scroll","background-type":"","background-media":"","overlay-type":"","overlay-color":"","overlay-opacity":"","overlay-gradient":""}},"ast-content-background-meta":{"desktop":{"background-color":"var(--ast-global-color-5)","background-image":"","background-repeat":"repeat","background-position":"center center","background-size":"auto","background-attachment":"scroll","background-type":"","background-media":"","overlay-type":"","overlay-color":"","overlay-opacity":"","overlay-gradient":""},"tablet":{"background-color":"var(--ast-global-color-5)","background-image":"","background-repeat":"repeat","background-position":"center center","background-size":"auto","background-attachment":"scroll","background-type":"","background-media":"","overlay-type":"","overlay-color":"","overlay-opacity":"","overlay-gradient":""},"mobile":{"background-color":"var(--ast-global-color-5)","background-image":"","background-repeat":"repeat","background-position":"center center","background-size":"auto","background-attachment":"scroll","background-type":"","background-media":"","overlay-type":"","overlay-color":"","overlay-opacity":"","overlay-gradient":""}},"footnotes":""},"categories":[8],"tags":[31550,42382,42381,12105,4110,41397],"class_list":["post-108264","post","type-post","status-publish","format-standard","has-post-thumbnail","hentry","category-noticias","tag-gabinete-de-seguridad","tag-lider-y-principla-operador","tag-nelson-arturo-echezuria","tag-omar-garcia-harfuch","tag-sspc","tag-tren-de-aragua"],"_links":{"self":[{"href":"https:\/\/losperiodistas.com.mx\/portal\/wp-json\/wp\/v2\/posts\/108264","targetHints":{"allow":["GET"]}}],"collection":[{"href":"https:\/\/losperiodistas.com.mx\/portal\/wp-json\/wp\/v2\/posts"}],"about":[{"href":"https:\/\/losperiodistas.com.mx\/portal\/wp-json\/wp\/v2\/types\/post"}],"author":[{"embeddable":true,"href":"https:\/\/losperiodistas.com.mx\/portal\/wp-json\/wp\/v2\/users\/1"}],"replies":[{"embeddable":true,"href":"https:\/\/losperiodistas.com.mx\/portal\/wp-json\/wp\/v2\/comments?post=108264"}],"version-history":[{"count":1,"href":"https:\/\/losperiodistas.com.mx\/portal\/wp-json\/wp\/v2\/posts\/108264\/revisions"}],"predecessor-version":[{"id":108268,"href":"https:\/\/losperiodistas.com.mx\/portal\/wp-json\/wp\/v2\/posts\/108264\/revisions\/108268"}],"wp:featuredmedia":[{"embeddable":true,"href":"https:\/\/losperiodistas.com.mx\/portal\/wp-json\/wp\/v2\/media\/108265"}],"wp:attachment":[{"href":"https:\/\/losperiodistas.com.mx\/portal\/wp-json\/wp\/v2\/media?parent=108264"}],"wp:term":[{"taxonomy":"category","embeddable":true,"href":"https:\/\/losperiodistas.com.mx\/portal\/wp-json\/wp\/v2\/categories?post=108264"},{"taxonomy":"post_tag","embeddable":true,"href":"https:\/\/losperiodistas.com.mx\/portal\/wp-json\/wp\/v2\/tags?post=108264"}],"curies":[{"name":"wp","href":"https:\/\/api.w.org\/{rel}","templated":true}]}}