{"id":108258,"date":"2025-10-04T18:52:57","date_gmt":"2025-10-05T00:52:57","guid":{"rendered":"https:\/\/losperiodistas.com.mx\/portal\/?p=108258"},"modified":"2025-10-04T18:52:58","modified_gmt":"2025-10-05T00:52:58","slug":"tormenta-tropical-priscila-ocasionara-lluvias-intensas-en-costas-del-pacifico-la-jornada","status":"publish","type":"post","link":"https:\/\/losperiodistas.com.mx\/portal\/tormenta-tropical-priscila-ocasionara-lluvias-intensas-en-costas-del-pacifico-la-jornada\/","title":{"rendered":"Tormenta tropical &#8216;Priscila&#8217; ocasionar\u00e1 lluvias intensas en costas del Pac\u00edfico | La Jornada"},"content":{"rendered":"\n<p>El SMN en coordinaci\u00f3n con el Centro Nacional de Huracanes, de EU establece una zona de vigilancia por efectos de tormenta tropical desde Punta San Telmo, Michoac\u00e1n, hasta Punta Mita, Nayarit.<\/p>\n\n\n\n<figure class=\"wp-block-image size-large\"><img fetchpriority=\"high\" decoding=\"async\" width=\"1024\" height=\"643\" src=\"https:\/\/losperiodistas.com.mx\/portal\/wp-content\/uploads\/2025\/10\/tormenta-tropical-priscila-1024x643.png\" alt=\"\" class=\"wp-image-108259\" srcset=\"https:\/\/losperiodistas.com.mx\/portal\/wp-content\/uploads\/2025\/10\/tormenta-tropical-priscila-1024x643.png 1024w, https:\/\/losperiodistas.com.mx\/portal\/wp-content\/uploads\/2025\/10\/tormenta-tropical-priscila-300x188.png 300w, https:\/\/losperiodistas.com.mx\/portal\/wp-content\/uploads\/2025\/10\/tormenta-tropical-priscila-768x482.png 768w, https:\/\/losperiodistas.com.mx\/portal\/wp-content\/uploads\/2025\/10\/tormenta-tropical-priscila.png 1193w\" sizes=\"(max-width: 1024px) 100vw, 1024px\" \/><figcaption class=\"wp-element-caption\">Foto: @conagua_clima<\/figcaption><\/figure>\n\n\n\n<p class=\"has-vivid-red-color has-text-color has-link-color wp-elements-d8ace0577df33144c006bfd7901140d9\">Redacci\u00f3n \/ La Jornada<\/p>\n\n\n\n<p>La tormenta tropical<em> Priscilla<\/em> se form\u00f3 la tarde de este s\u00e1bado y ocasionar\u00e1 lluvias de intensas a fuertes en entidades costeras del Pac\u00edfico, entre ellas Michoac\u00e1n, Guerrero, Jalisco y Colima, inform\u00f3 el Servicio Meteorol\u00f3gico Nacional (SMN).<\/p>\n\n\n\n<p>La trayectoria indica que, en los pr\u00f3ximos d\u00edas, el cicl\u00f3n recorrer\u00e1 paralelamente las costas del occidente del pa\u00eds, puntualiz\u00f3.<\/p>\n\n\n\n<p>No obstante, sus amplias bandas nubosas, ocasionar\u00e1n precipitaciones que podr\u00edan ocasionar descargas el\u00e9ctricas y propiciar encharcamientos, deslaves e inundaciones en zonas bajas de los estados mencionados.<\/p>\n\n\n\n<p>Asimismo, los vientos previstos podr\u00edan derribar \u00e1rboles y anuncios publicitarios, por lo que se exhort\u00f3 a la poblaci\u00f3n a atender los avisos del SMN, seguir las recomendaciones de Protecci\u00f3n Civil, y extremar precauciones ante el viento y oleaje elevado.<\/p>\n\n\n\n<p>A las 15:00 horas, tiempo del centro de M\u00e9xico, <em>Priscilla<\/em> se localiz\u00f3 a 460 kil\u00f3metros al sur-suroeste de Manzanillo, Colima; presenta vientos m\u00e1ximos sostenidos de 75 kil\u00f3metros por hora y rachas de 95.<\/p>\n\n\n\n<p>El SMN, de la Comisi\u00f3n Nacional del Agua (Conagua), en coordinaci\u00f3n con el Centro Nacional de Huracanes, de Estados Unidos de Am\u00e9rica, establece una zona de vigilancia por efectos de tormenta tropical desde Punta San Telmo, Michoac\u00e1n, hasta Punta Mita, Nayarit.<\/p>\n\n\n\n<p>Fuente: <a href=\"https:\/\/www.jornada.com.mx\/noticia\/2025\/10\/04\/sociedad\/tormenta-tropical-priscila-ocasionara-lluvias-intensas-en-costas-del-pacifico\" target=\"_blank\" rel=\"noreferrer noopener\">La Jornada<\/a><\/p>\n\n\n\n<p><\/p>\n","protected":false},"excerpt":{"rendered":"<p>El SMN en coordinaci\u00f3n con el Centro Nacional de Huracanes, de EU establece una zona de vigilancia por efectos de tormenta tropical desde Punta San Telmo, Michoac\u00e1n, hasta Punta Mita, Nayarit.<\/p>\n","protected":false},"author":1,"featured_media":108259,"comment_status":"open","ping_status":"open","sticky":false,"template":"","format":"standard","meta":{"site-sidebar-layout":"default","site-content-layout":"","ast-site-content-layout":"default","site-content-style":"default","site-sidebar-style":"default","ast-global-header-display":"","ast-banner-title-visibility":"","ast-main-header-display":"","ast-hfb-above-header-display":"","ast-hfb-below-header-display":"","ast-hfb-mobile-header-display":"","site-post-title":"","ast-breadcrumbs-content":"","ast-featured-img":"","footer-sml-layout":"","theme-transparent-header-meta":"","adv-header-id-meta":"","stick-header-meta":"","header-above-stick-meta":"","header-main-stick-meta":"","header-below-stick-meta":"","astra-migrate-meta-layouts":"default","ast-page-background-enabled":"default","ast-page-background-meta":{"desktop":{"background-color":"var(--ast-global-color-4)","background-image":"","background-repeat":"repeat","background-position":"center center","background-size":"auto","background-attachment":"scroll","background-type":"","background-media":"","overlay-type":"","overlay-color":"","overlay-opacity":"","overlay-gradient":""},"tablet":{"background-color":"","background-image":"","background-repeat":"repeat","background-position":"center center","background-size":"auto","background-attachment":"scroll","background-type":"","background-media":"","overlay-type":"","overlay-color":"","overlay-opacity":"","overlay-gradient":""},"mobile":{"background-color":"","background-image":"","background-repeat":"repeat","background-position":"center center","background-size":"auto","background-attachment":"scroll","background-type":"","background-media":"","overlay-type":"","overlay-color":"","overlay-opacity":"","overlay-gradient":""}},"ast-content-background-meta":{"desktop":{"background-color":"var(--ast-global-color-5)","background-image":"","background-repeat":"repeat","background-position":"center center","background-size":"auto","background-attachment":"scroll","background-type":"","background-media":"","overlay-type":"","overlay-color":"","overlay-opacity":"","overlay-gradient":""},"tablet":{"background-color":"var(--ast-global-color-5)","background-image":"","background-repeat":"repeat","background-position":"center center","background-size":"auto","background-attachment":"scroll","background-type":"","background-media":"","overlay-type":"","overlay-color":"","overlay-opacity":"","overlay-gradient":""},"mobile":{"background-color":"var(--ast-global-color-5)","background-image":"","background-repeat":"repeat","background-position":"center center","background-size":"auto","background-attachment":"scroll","background-type":"","background-media":"","overlay-type":"","overlay-color":"","overlay-opacity":"","overlay-gradient":""}},"footnotes":""},"categories":[8],"tags":[11350,42326,11563,42376,42327,10277],"class_list":["post-108258","post","type-post","status-publish","format-standard","has-post-thumbnail","hentry","category-noticias","tag-jalisco","tag-lluvias-intensas","tag-michoacan","tag-pacifico","tag-priscilla","tag-smn"],"_links":{"self":[{"href":"https:\/\/losperiodistas.com.mx\/portal\/wp-json\/wp\/v2\/posts\/108258","targetHints":{"allow":["GET"]}}],"collection":[{"href":"https:\/\/losperiodistas.com.mx\/portal\/wp-json\/wp\/v2\/posts"}],"about":[{"href":"https:\/\/losperiodistas.com.mx\/portal\/wp-json\/wp\/v2\/types\/post"}],"author":[{"embeddable":true,"href":"https:\/\/losperiodistas.com.mx\/portal\/wp-json\/wp\/v2\/users\/1"}],"replies":[{"embeddable":true,"href":"https:\/\/losperiodistas.com.mx\/portal\/wp-json\/wp\/v2\/comments?post=108258"}],"version-history":[{"count":1,"href":"https:\/\/losperiodistas.com.mx\/portal\/wp-json\/wp\/v2\/posts\/108258\/revisions"}],"predecessor-version":[{"id":108260,"href":"https:\/\/losperiodistas.com.mx\/portal\/wp-json\/wp\/v2\/posts\/108258\/revisions\/108260"}],"wp:featuredmedia":[{"embeddable":true,"href":"https:\/\/losperiodistas.com.mx\/portal\/wp-json\/wp\/v2\/media\/108259"}],"wp:attachment":[{"href":"https:\/\/losperiodistas.com.mx\/portal\/wp-json\/wp\/v2\/media?parent=108258"}],"wp:term":[{"taxonomy":"category","embeddable":true,"href":"https:\/\/losperiodistas.com.mx\/portal\/wp-json\/wp\/v2\/categories?post=108258"},{"taxonomy":"post_tag","embeddable":true,"href":"https:\/\/losperiodistas.com.mx\/portal\/wp-json\/wp\/v2\/tags?post=108258"}],"curies":[{"name":"wp","href":"https:\/\/api.w.org\/{rel}","templated":true}]}}