{"id":108088,"date":"2025-10-02T05:55:55","date_gmt":"2025-10-02T11:55:55","guid":{"rendered":"https:\/\/losperiodistas.com.mx\/portal\/?p=108088"},"modified":"2025-10-02T05:55:56","modified_gmt":"2025-10-02T11:55:56","slug":"francia-asegura-haber-creado-un-ladrillo-de-lino-que-aisla-mejor-del-frio-y-permite-ahorrar-un-30-en-calefaccion-el-confidencial","status":"publish","type":"post","link":"https:\/\/losperiodistas.com.mx\/portal\/francia-asegura-haber-creado-un-ladrillo-de-lino-que-aisla-mejor-del-frio-y-permite-ahorrar-un-30-en-calefaccion-el-confidencial\/","title":{"rendered":"Francia asegura haber creado un ladrillo de lino que a\u00edsla mejor del fr\u00edo y permite ahorrar un 30% en calefacci\u00f3n | El Confidencial"},"content":{"rendered":"\n<h2 class=\"wp-block-heading\">El ladrillo destaca por su capacidad aislante del fr\u00edo y el ruido. Podr\u00eda convertirse en un elemento clave en la construcci\u00f3n de viviendas sostenibles y eficientes<\/h2>\n\n\n\n<figure class=\"wp-block-image\"><img decoding=\"async\" src=\"https:\/\/images.ecestaticos.com\/G_wshZcumr0eRqTOG8pYSUX1G60=\/64x0:1127x797\/1200x900\/filters:fill(white):format(jpg)\/f.elconfidencial.com%2Foriginal%2Fd76%2Fa47%2F090%2Fd76a4709087546ce9be82376ab17c670.jpg\" alt=\"Foto: Un ladrillo de lino (Batilin)\"\/><figcaption class=\"wp-element-caption\">Un ladrillo de lino (Batilin)<\/figcaption><\/figure>\n\n\n\n<p>Por\u00a0<a href=\"https:\/\/www.elconfidencial.com\/autores\/r-badillo-5628\/\">R. B.<\/a> \/ El Confidencial<\/p>\n\n\n\n<p><\/p>\n\n\n\n<p>Un innovador ladrillo fabricado con lino podr\u00eda marcar un antes y un despu\u00e9s en la construcci\u00f3n sostenible. Este material,&nbsp;<a href=\"https:\/\/batilin.fr\/\" target=\"_blank\" rel=\"noreferrer noopener\">denominado Batilin<\/a>, ha sido creado en Francia y combina propiedades t\u00e9rmicas y ac\u00fasticas que lo convierten en una<strong>&nbsp;soluci\u00f3n eficiente para reducir el consumo de calefacci\u00f3n<\/strong>&nbsp;y mejorar el aislamiento en las viviendas.&nbsp;<\/p>\n\n\n\n<p>El ladrillo procede de las agramizas de lino, la<strong>&nbsp;parte central del tallo que normalmente se descarta en la industria textil<\/strong>. En lugar de ser desechadas, estas fibras se mezclan con un aglutinante natural, como la cal hidr\u00e1ulica, dando lugar a un bloque ligero, resistente y f\u00e1cil de manejar en&nbsp;<a href=\"https:\/\/www.elconfidencial.com\/economia\/2025-03-30\/por-que-invertimos-mal-en-espana_4095138\/\">obras de edificaci\u00f3n<\/a>.<\/p>\n\n\n\n<figure class=\"wp-block-image size-large\"><img fetchpriority=\"high\" decoding=\"async\" width=\"1024\" height=\"768\" src=\"https:\/\/losperiodistas.com.mx\/portal\/wp-content\/uploads\/2025\/10\/f.elconfidencial.com_original_ef3_f0f_2e1_ef3f0f2e15a2205435994f312bbd4bce-1024x768.jpg\" alt=\"\" class=\"wp-image-108089\" srcset=\"https:\/\/losperiodistas.com.mx\/portal\/wp-content\/uploads\/2025\/10\/f.elconfidencial.com_original_ef3_f0f_2e1_ef3f0f2e15a2205435994f312bbd4bce-1024x768.jpg 1024w, https:\/\/losperiodistas.com.mx\/portal\/wp-content\/uploads\/2025\/10\/f.elconfidencial.com_original_ef3_f0f_2e1_ef3f0f2e15a2205435994f312bbd4bce-300x225.jpg 300w, https:\/\/losperiodistas.com.mx\/portal\/wp-content\/uploads\/2025\/10\/f.elconfidencial.com_original_ef3_f0f_2e1_ef3f0f2e15a2205435994f312bbd4bce-768x576.jpg 768w, https:\/\/losperiodistas.com.mx\/portal\/wp-content\/uploads\/2025\/10\/f.elconfidencial.com_original_ef3_f0f_2e1_ef3f0f2e15a2205435994f312bbd4bce.jpg 1440w\" sizes=\"(max-width: 1024px) 100vw, 1024px\" \/><figcaption class=\"wp-element-caption\">Un bloque de ladrillos Batilin (Batilin)<\/figcaption><\/figure>\n\n\n\n<p>Su fabricaci\u00f3n aprovecha residuos locales y contribuye a la absorci\u00f3n de di\u00f3xido de carbono,&nbsp;<strong>lo que le otorga una huella de carbono negativa<\/strong>. Este modelo productivo apoya la&nbsp;<a href=\"https:\/\/blogs.elconfidencial.com\/medioambiente\/ecogallego\/2025-09-19\/economia-circular-crecimiento-desarrollo-negocio_4211560\/\">econom\u00eda circular<\/a>&nbsp;y refuerza el papel de los productores de lino de la regi\u00f3n de Hauts-de-France, donde se desarrolla este material.<\/p>\n\n\n\n<h2 class=\"wp-block-heading\">Aislamiento t\u00e9rmico y ac\u00fastico<\/h2>\n\n\n\n<p>La conductividad t\u00e9rmica de Batilin es de 0,07 W\/(mK), posicion\u00e1ndolo como&nbsp;<strong>uno de los aislantes naturales m\u00e1s eficientes disponibles<\/strong>. Este rendimiento permite&nbsp;<a href=\"https:\/\/www.elconfidencial.com\/tecnologia\/2024-09-26\/calefaccion-invento-calienta-casa-hidrogeno_3969900\/\">mantener el calor en invierno<\/a>&nbsp;y retrasar la entrada de&nbsp;<a href=\"https:\/\/www.elconfidencial.com\/tecnologia\/2025-06-07\/nuevo-sistema-refrigeracion-sin-electricidad-1qrt_4144341\/\">calor en verano<\/a>, asegurando un confort interior constante durante todo el a\u00f1o.<\/p>\n\n\n\n<figure class=\"wp-block-image\"><img decoding=\"async\" src=\"https:\/\/images.ecestaticos.com\/GiZmL8xZXy1dYR7EwJgKsgWQo-g=\/0x0:1944x1132\/1200x900\/filters:fill(white):format(jpg)\/f.elconfidencial.com%2Foriginal%2Fa22%2Fd68%2F63a%2Fa22d6863a3e6740e32575b77cfeed368.jpg\" alt=\"Foto: cuchillo-futuro-casa-ultrasonido-1qrt\"\/><\/figure>\n\n\n\n<p>TE PUEDE INTERESAR<a href=\"https:\/\/www.elconfidencial.com\/tecnologia\/2025-09-30\/cuchillo-futuro-casa-ultrasonido-1qrt_4218999\/\">Ni acero al carbono ni cer\u00e1mica: el cuchillo del futuro que querr\u00e1s tener en casa funciona con ultrasonidos<\/a><\/p>\n\n\n\n<p>R. Badillo<\/p>\n\n\n\n<p>El bloque tambi\u00e9n destaca por su permeabilidad al vapor de agua,&nbsp;<strong>regulando la humedad y mejorando la sensaci\u00f3n de bienestar<\/strong>. A ello se suma un notable&nbsp;<a href=\"https:\/\/www.elconfidencial.com\/tecnologia\/novaceno\/2024-10-03\/invento-tornillo-sonido-decibelios-ingenieria_3177179\/\">aislamiento ac\u00fastico<\/a>, que reduce el ruido en el interior de las viviendas y aporta mayor calidad de vida en entornos urbanos.<\/p>\n\n\n\n<h2 class=\"wp-block-heading\">Aplicaciones en obra nueva y rehabilitaci\u00f3n<\/h2>\n\n\n\n<p>Gracias a su versatilidad, Batilin puede utilizarse en muros&nbsp;<strong>exteriores, fachadas o tabiques interiores<\/strong>. Es compatible con diversos revestimientos y se adapta a la instalaci\u00f3n de carpinter\u00edas y conducciones el\u00e9ctricas, lo que facilita su uso en proyectos de rehabilitaci\u00f3n o en&nbsp;<a href=\"https:\/\/www.elconfidencial.com\/tecnologia\/novaceno\/2025-09-12\/murabba-rascacielos-cubico-20-empire-states_3989089\/\">construcciones<\/a>&nbsp;de hasta tres plantas.<\/p>\n\n\n\n<figure class=\"wp-block-embed is-type-video is-provider-youtube wp-block-embed-youtube wp-embed-aspect-16-9 wp-has-aspect-ratio\"><div class=\"wp-block-embed__wrapper\">\n<iframe title=\"Le BATILIN pour le B\u00e2timent - &quot;Du Biosourc\u00e9 pour le B\u00e2timent en Hauts-de-France&quot;\" width=\"500\" height=\"281\" src=\"https:\/\/www.youtube.com\/embed\/D5YmZWjLI3E?feature=oembed\" frameborder=\"0\" allow=\"accelerometer; autoplay; clipboard-write; encrypted-media; gyroscope; picture-in-picture; web-share\" referrerpolicy=\"strict-origin-when-cross-origin\" allowfullscreen><\/iframe>\n<\/div><\/figure>\n\n\n\n<p>Este ladrillo ecol\u00f3gico ya ha sido probado en proyectos piloto en Lille y Par\u00eds. Seg\u00fan los resultados obtenidos, los hogares construidos con este sistema registraron un&nbsp;<strong>ahorro energ\u00e9tico medio superior al 30%<\/strong>, lo que confirma su potencial como alternativa sostenible frente a los materiales convencionales.&nbsp;<\/p>\n\n\n\n<p>En la actualidad, Batilin se encuentra en fase de evaluaci\u00f3n por parte del&nbsp;<a href=\"https:\/\/www.cstb.fr\/\" target=\"_blank\" rel=\"noreferrer noopener\">Centre Scientifique et Technique du B\u00e2timent<\/a>&nbsp;(CSTB), que analiza su comportamiento frente al fuego y otras caracter\u00edsticas t\u00e9cnicas. La empresa espera obtener la certificaci\u00f3n oficial que le permita<strong>&nbsp;extender su uso en toda Francia&nbsp;<\/strong>y consolidar su expansi\u00f3n industrial.<\/p>\n\n\n\n<p>Fuente: <a href=\"https:\/\/www.elconfidencial.com\/tecnologia\/2025-10-01\/francia-ladrillo-lino-ahorro-calefaccion-1qrt_4219734\/\">https:\/\/www.elconfidencial.com\/tecnologia\/2025-10-01\/francia-ladrillo-lino-ahorro-calefaccion-1qrt_4219734\/<\/a><\/p>\n","protected":false},"excerpt":{"rendered":"<p>El ladrillo destaca por su capacidad aislante del fr\u00edo y el ruido. Podr\u00eda convertirse en un elemento clave en la [&hellip;]<\/p>\n","protected":false},"author":1,"featured_media":108090,"comment_status":"open","ping_status":"open","sticky":false,"template":"","format":"standard","meta":{"site-sidebar-layout":"default","site-content-layout":"","ast-site-content-layout":"default","site-content-style":"default","site-sidebar-style":"default","ast-global-header-display":"","ast-banner-title-visibility":"","ast-main-header-display":"","ast-hfb-above-header-display":"","ast-hfb-below-header-display":"","ast-hfb-mobile-header-display":"","site-post-title":"","ast-breadcrumbs-content":"","ast-featured-img":"","footer-sml-layout":"","theme-transparent-header-meta":"","adv-header-id-meta":"","stick-header-meta":"","header-above-stick-meta":"","header-main-stick-meta":"","header-below-stick-meta":"","astra-migrate-meta-layouts":"default","ast-page-background-enabled":"default","ast-page-background-meta":{"desktop":{"background-color":"var(--ast-global-color-4)","background-image":"","background-repeat":"repeat","background-position":"center center","background-size":"auto","background-attachment":"scroll","background-type":"","background-media":"","overlay-type":"","overlay-color":"","overlay-opacity":"","overlay-gradient":""},"tablet":{"background-color":"","background-image":"","background-repeat":"repeat","background-position":"center center","background-size":"auto","background-attachment":"scroll","background-type":"","background-media":"","overlay-type":"","overlay-color":"","overlay-opacity":"","overlay-gradient":""},"mobile":{"background-color":"","background-image":"","background-repeat":"repeat","background-position":"center center","background-size":"auto","background-attachment":"scroll","background-type":"","background-media":"","overlay-type":"","overlay-color":"","overlay-opacity":"","overlay-gradient":""}},"ast-content-background-meta":{"desktop":{"background-color":"var(--ast-global-color-5)","background-image":"","background-repeat":"repeat","background-position":"center center","background-size":"auto","background-attachment":"scroll","background-type":"","background-media":"","overlay-type":"","overlay-color":"","overlay-opacity":"","overlay-gradient":""},"tablet":{"background-color":"var(--ast-global-color-5)","background-image":"","background-repeat":"repeat","background-position":"center center","background-size":"auto","background-attachment":"scroll","background-type":"","background-media":"","overlay-type":"","overlay-color":"","overlay-opacity":"","overlay-gradient":""},"mobile":{"background-color":"var(--ast-global-color-5)","background-image":"","background-repeat":"repeat","background-position":"center center","background-size":"auto","background-attachment":"scroll","background-type":"","background-media":"","overlay-type":"","overlay-color":"","overlay-opacity":"","overlay-gradient":""}},"footnotes":""},"categories":[8],"tags":[42292,42291,42293,42294],"class_list":["post-108088","post","type-post","status-publish","format-standard","has-post-thumbnail","hentry","category-noticias","tag-batilin","tag-ladrillo-de-lino","tag-ladrillo-termico","tag-novedad-construccion"],"_links":{"self":[{"href":"https:\/\/losperiodistas.com.mx\/portal\/wp-json\/wp\/v2\/posts\/108088","targetHints":{"allow":["GET"]}}],"collection":[{"href":"https:\/\/losperiodistas.com.mx\/portal\/wp-json\/wp\/v2\/posts"}],"about":[{"href":"https:\/\/losperiodistas.com.mx\/portal\/wp-json\/wp\/v2\/types\/post"}],"author":[{"embeddable":true,"href":"https:\/\/losperiodistas.com.mx\/portal\/wp-json\/wp\/v2\/users\/1"}],"replies":[{"embeddable":true,"href":"https:\/\/losperiodistas.com.mx\/portal\/wp-json\/wp\/v2\/comments?post=108088"}],"version-history":[{"count":1,"href":"https:\/\/losperiodistas.com.mx\/portal\/wp-json\/wp\/v2\/posts\/108088\/revisions"}],"predecessor-version":[{"id":108091,"href":"https:\/\/losperiodistas.com.mx\/portal\/wp-json\/wp\/v2\/posts\/108088\/revisions\/108091"}],"wp:featuredmedia":[{"embeddable":true,"href":"https:\/\/losperiodistas.com.mx\/portal\/wp-json\/wp\/v2\/media\/108090"}],"wp:attachment":[{"href":"https:\/\/losperiodistas.com.mx\/portal\/wp-json\/wp\/v2\/media?parent=108088"}],"wp:term":[{"taxonomy":"category","embeddable":true,"href":"https:\/\/losperiodistas.com.mx\/portal\/wp-json\/wp\/v2\/categories?post=108088"},{"taxonomy":"post_tag","embeddable":true,"href":"https:\/\/losperiodistas.com.mx\/portal\/wp-json\/wp\/v2\/tags?post=108088"}],"curies":[{"name":"wp","href":"https:\/\/api.w.org\/{rel}","templated":true}]}}