{"id":108085,"date":"2025-10-01T22:00:17","date_gmt":"2025-10-02T04:00:17","guid":{"rendered":"https:\/\/losperiodistas.com.mx\/portal\/?p=108085"},"modified":"2025-10-01T22:00:18","modified_gmt":"2025-10-02T04:00:18","slug":"diputados-aprueban-ley-de-libre-acceso-a-playas-revierte-privatizacion-aseguran-la-jornada","status":"publish","type":"post","link":"https:\/\/losperiodistas.com.mx\/portal\/diputados-aprueban-ley-de-libre-acceso-a-playas-revierte-privatizacion-aseguran-la-jornada\/","title":{"rendered":"Diputados aprueban ley de libre acceso a playas; revierte privatizaci\u00f3n, aseguran | La Jornada"},"content":{"rendered":"\n<figure class=\"wp-block-image size-large\"><img fetchpriority=\"high\" decoding=\"async\" width=\"1024\" height=\"684\" src=\"https:\/\/losperiodistas.com.mx\/portal\/wp-content\/uploads\/2025\/10\/libre-acceso-a-playas-1024x684.png\" alt=\"\" class=\"wp-image-108086\" srcset=\"https:\/\/losperiodistas.com.mx\/portal\/wp-content\/uploads\/2025\/10\/libre-acceso-a-playas-1024x684.png 1024w, https:\/\/losperiodistas.com.mx\/portal\/wp-content\/uploads\/2025\/10\/libre-acceso-a-playas-300x200.png 300w, https:\/\/losperiodistas.com.mx\/portal\/wp-content\/uploads\/2025\/10\/libre-acceso-a-playas-768x513.png 768w, https:\/\/losperiodistas.com.mx\/portal\/wp-content\/uploads\/2025\/10\/libre-acceso-a-playas.png 1190w\" sizes=\"(max-width: 1024px) 100vw, 1024px\" \/><figcaption class=\"wp-element-caption\">C\u00e1mara de Diputados aprob\u00f3 una reforma para garantizar el ingreso p\u00fablico a las playas del pa\u00eds. Foto Cuartoscuro \/ Archivo<\/figcaption><\/figure>\n\n\n\n<p class=\"has-vivid-red-color has-text-color has-link-color wp-elements-b3b2d5749efa8bbea59bedcd831406f8\">Enrique M\u00e9ndez \/ Fernando Camacho \/ La Jornada<\/p>\n\n\n\n<p>Con el voto de todas las bancadas, el pleno de la C\u00e1mara de Diputados aprob\u00f3 una reforma para que quienes posean concesiones o permisos en zonas federales mar\u00edtimo terrestres est\u00e9n obligadas a garantizar el ingreso p\u00fablico a las playas, y para que la Secretar\u00eda del Medio Ambiente garantice el paso gratuito a las \u00e1reas naturales protegidas de su competencia, al menos un d\u00eda a la semana.<\/p>\n\n\n\n<p>Con la modificaci\u00f3n a la Ley General del Equilibrio Ecol\u00f3gico y la Protecci\u00f3n al Ambiente, se da un paso m\u00e1s a \u201crevertir el proceso privatizador\u201d de los bienes y las empresas nacionales, se\u00f1al\u00f3 la bancada de Morena al explicar el alcance del cambio.<\/p>\n\n\n\n<p>Para hacer efectivo el cambio, se incluy\u00f3 en una reserva al dictamen de la Comisi\u00f3n de Turismo que la Secretar\u00eda de Medio Ambiente, en coordinaci\u00f3n con los municipios, constituir\u00e1 un registro nacional de ingreso a playas, a partir de la identificaci\u00f3n y validaci\u00f3n conjunta de la traza urbana, semiurbana y rural.<\/p>\n\n\n\n<p>En la tribuna, el diputado Enrique V\u00e1zquez Navarro (Morena), se\u00f1al\u00f3 que, durante d\u00e9cadas, el pa\u00eds vivi\u00f3 \u201cuna privatizaci\u00f3n silenciosa, y a veces descaradamente abierta, de las costas del pa\u00eds, con la excusa del desarrollo tur\u00edstico\u201d.<\/p>\n\n\n\n<p>Bajo ese esquema, resalt\u00f3, \u201cse levantaron muros no solo de concreto, sino tambi\u00e9n de intimidaciones. Hoteles, fraccionamientos de lujo y clubes de playa exclusivos han cerrado el ingreso p\u00fablico a las playas y convirtieron el patrimonio de todos en el privilegio de unos pocos\u201d.<br>Esta apropiaci\u00f3n de lo p\u00fablico, indic\u00f3, no solo afecta a los turistas, tambi\u00e9n se ha traducido en el despojo de los espacios para vendedores locales.<\/p>\n\n\n\n<p>A su vez, el coordinador de la bancada, Ricardo Monreal \u00c1vila, record\u00f3 que, desde la d\u00e9cada de los ochenta del siglo pasado, en el pa\u00eds se impuso un modelo que deriv\u00f3 en un proceso de \u201cprivatizaci\u00f3n salvaje\u201d, que comenz\u00f3 a frenarse desde 2018.<\/p>\n\n\n\n<p>\u201cYa lo logramos con Petr\u00f3leos Mexicanos y la Comisi\u00f3n Federal de Electricidad, los ferrocarriles y con Mexicana; ya las recuperamos. Es decir, revertir todo aquel proceso privatizador que gener\u00f3 un modelo econ\u00f3mico equivocado, y ahora lo hacemos con las playas, donde cada vez m\u00e1s, los ciudadanos se ve\u00edan impedidos a disfrutar de ellas por concesiones, desarrollos inmobiliarios que no ten\u00edan justificaci\u00f3n, y no la tienen, de impedir el uso y el goce de bienes nacionales\u201d, expuso.<\/p>\n\n\n\n<p>Tambi\u00e9n, el panista David Azuara Z\u00fa\u00f1iga resalt\u00f3 que la reforma no enfrenta la conservaci\u00f3n de los derechos, sino que los reconcilia, porque un ingreso bien ordenado a playas y zonas naturales protegidas significa m\u00e1s ingresos para las familias e incentivos para el cuidado del medio ambiente.<\/p>\n\n\n\n<p>\u201cLa naturaleza no es un peaje, es patrimonio p\u00fablico que cuidamos con reglas, no con barreras. M\u00e1s ingresos s\u00ed, pero ordenados, con control de visitantes y horarios que eviten saturaci\u00f3n. M\u00e1s puertas abiertas, m\u00e1s ingresos locales. Cuando la gente entra la econom\u00eda de los pueblos se mueve\u201d, se\u00f1al\u00f3.<\/p>\n\n\n\n<p>El pri\u00edsta Miguel Alonso Reyes plante\u00f3 que se puede alcanzar un equilibrio entre el libre ingreso a playas y \u00e1reas naturales protegidas, con un turismo que respete protocolos de seguridad, de protecci\u00f3n civil, limpieza y recolecci\u00f3n de residuos, y al mismo tiempo garantizar un entorno que no desaliente la inversi\u00f3n privada en los destinos tur\u00edsticos.<\/p>\n\n\n\n<p>La reforma, que se vot\u00f3 por unanimidad de 465 votos, se enviar\u00e1 como minuta al Senado.<\/p>\n\n\n\n<p>Fuente: <a href=\"https:\/\/www.jornada.com.mx\/noticia\/2025\/10\/01\/politica\/diputados-aprueban-ley-de-libre-acceso-a-playas-revierte-privatizacion-aseguran\" target=\"_blank\" rel=\"noreferrer noopener\">La Jornada<\/a><\/p>\n","protected":false},"excerpt":{"rendered":"<p>Enrique M\u00e9ndez \/ Fernando Camacho \/ La Jornada Con el voto de todas las bancadas, el pleno de la C\u00e1mara [&hellip;]<\/p>\n","protected":false},"author":1,"featured_media":108086,"comment_status":"open","ping_status":"open","sticky":false,"template":"","format":"standard","meta":{"site-sidebar-layout":"default","site-content-layout":"","ast-site-content-layout":"default","site-content-style":"default","site-sidebar-style":"default","ast-global-header-display":"","ast-banner-title-visibility":"","ast-main-header-display":"","ast-hfb-above-header-display":"","ast-hfb-below-header-display":"","ast-hfb-mobile-header-display":"","site-post-title":"","ast-breadcrumbs-content":"","ast-featured-img":"","footer-sml-layout":"","theme-transparent-header-meta":"","adv-header-id-meta":"","stick-header-meta":"","header-above-stick-meta":"","header-main-stick-meta":"","header-below-stick-meta":"","astra-migrate-meta-layouts":"default","ast-page-background-enabled":"default","ast-page-background-meta":{"desktop":{"background-color":"var(--ast-global-color-4)","background-image":"","background-repeat":"repeat","background-position":"center center","background-size":"auto","background-attachment":"scroll","background-type":"","background-media":"","overlay-type":"","overlay-color":"","overlay-opacity":"","overlay-gradient":""},"tablet":{"background-color":"","background-image":"","background-repeat":"repeat","background-position":"center center","background-size":"auto","background-attachment":"scroll","background-type":"","background-media":"","overlay-type":"","overlay-color":"","overlay-opacity":"","overlay-gradient":""},"mobile":{"background-color":"","background-image":"","background-repeat":"repeat","background-position":"center center","background-size":"auto","background-attachment":"scroll","background-type":"","background-media":"","overlay-type":"","overlay-color":"","overlay-opacity":"","overlay-gradient":""}},"ast-content-background-meta":{"desktop":{"background-color":"var(--ast-global-color-5)","background-image":"","background-repeat":"repeat","background-position":"center center","background-size":"auto","background-attachment":"scroll","background-type":"","background-media":"","overlay-type":"","overlay-color":"","overlay-opacity":"","overlay-gradient":""},"tablet":{"background-color":"var(--ast-global-color-5)","background-image":"","background-repeat":"repeat","background-position":"center center","background-size":"auto","background-attachment":"scroll","background-type":"","background-media":"","overlay-type":"","overlay-color":"","overlay-opacity":"","overlay-gradient":""},"mobile":{"background-color":"var(--ast-global-color-5)","background-image":"","background-repeat":"repeat","background-position":"center center","background-size":"auto","background-attachment":"scroll","background-type":"","background-media":"","overlay-type":"","overlay-color":"","overlay-opacity":"","overlay-gradient":""}},"footnotes":""},"categories":[8],"tags":[12327,42289,6877,42290,4292],"class_list":["post-108085","post","type-post","status-publish","format-standard","has-post-thumbnail","hentry","category-noticias","tag-camara-de-diputados","tag-ley-de-libre-acceso-a-playas","tag-medio-ambiente","tag-privatizacion-de-playas","tag-turismo"],"_links":{"self":[{"href":"https:\/\/losperiodistas.com.mx\/portal\/wp-json\/wp\/v2\/posts\/108085","targetHints":{"allow":["GET"]}}],"collection":[{"href":"https:\/\/losperiodistas.com.mx\/portal\/wp-json\/wp\/v2\/posts"}],"about":[{"href":"https:\/\/losperiodistas.com.mx\/portal\/wp-json\/wp\/v2\/types\/post"}],"author":[{"embeddable":true,"href":"https:\/\/losperiodistas.com.mx\/portal\/wp-json\/wp\/v2\/users\/1"}],"replies":[{"embeddable":true,"href":"https:\/\/losperiodistas.com.mx\/portal\/wp-json\/wp\/v2\/comments?post=108085"}],"version-history":[{"count":1,"href":"https:\/\/losperiodistas.com.mx\/portal\/wp-json\/wp\/v2\/posts\/108085\/revisions"}],"predecessor-version":[{"id":108087,"href":"https:\/\/losperiodistas.com.mx\/portal\/wp-json\/wp\/v2\/posts\/108085\/revisions\/108087"}],"wp:featuredmedia":[{"embeddable":true,"href":"https:\/\/losperiodistas.com.mx\/portal\/wp-json\/wp\/v2\/media\/108086"}],"wp:attachment":[{"href":"https:\/\/losperiodistas.com.mx\/portal\/wp-json\/wp\/v2\/media?parent=108085"}],"wp:term":[{"taxonomy":"category","embeddable":true,"href":"https:\/\/losperiodistas.com.mx\/portal\/wp-json\/wp\/v2\/categories?post=108085"},{"taxonomy":"post_tag","embeddable":true,"href":"https:\/\/losperiodistas.com.mx\/portal\/wp-json\/wp\/v2\/tags?post=108085"}],"curies":[{"name":"wp","href":"https:\/\/api.w.org\/{rel}","templated":true}]}}