{"id":108076,"date":"2025-10-01T21:57:14","date_gmt":"2025-10-02T03:57:14","guid":{"rendered":"https:\/\/losperiodistas.com.mx\/portal\/?p=108076"},"modified":"2025-10-01T21:57:16","modified_gmt":"2025-10-02T03:57:16","slug":"todos-los-vestidos-de-novia-que-uso-selena-gomez-para-su-sonada-boda-con-benny-blanco-hola","status":"publish","type":"post","link":"https:\/\/losperiodistas.com.mx\/portal\/todos-los-vestidos-de-novia-que-uso-selena-gomez-para-su-sonada-boda-con-benny-blanco-hola\/","title":{"rendered":"Todos los vestidos de novia que us\u00f3 Selena G\u00f3mez para su so\u00f1ada boda con Benny Blanco | Hola"},"content":{"rendered":"\n<p>La cantante y actriz ha compartido nuevas fotos de su gran enlace, y ha dejado ver que us\u00f3 dos vestidos m\u00e1s<\/p>\n\n\n\n<figure class=\"wp-block-image size-large\"><img fetchpriority=\"high\" decoding=\"async\" width=\"1024\" height=\"576\" src=\"https:\/\/losperiodistas.com.mx\/portal\/wp-content\/uploads\/2025\/10\/SelenaGomez-1024x576.png\" alt=\"\" class=\"wp-image-108077\" srcset=\"https:\/\/losperiodistas.com.mx\/portal\/wp-content\/uploads\/2025\/10\/SelenaGomez-1024x576.png 1024w, https:\/\/losperiodistas.com.mx\/portal\/wp-content\/uploads\/2025\/10\/SelenaGomez-300x169.png 300w, https:\/\/losperiodistas.com.mx\/portal\/wp-content\/uploads\/2025\/10\/SelenaGomez-768x432.png 768w, https:\/\/losperiodistas.com.mx\/portal\/wp-content\/uploads\/2025\/10\/SelenaGomez.png 1200w\" sizes=\"(max-width: 1024px) 100vw, 1024px\" \/><figcaption class=\"wp-element-caption\"> @selenagomez<\/figcaption><\/figure>\n\n\n\n<p class=\"has-vivid-red-color has-text-color has-link-color wp-elements-d29835bcfac45ba6d06cd8acb5e827bd\">Monica Tirado \/ Hola<\/p>\n\n\n\n<p>S<strong>elena Gomez<\/strong> se cas\u00f3 el pasado fin de semana con Benny Blanco en la boda de sus sue\u00f1os. Para el gran d\u00eda, la cantante y actriz luci\u00f3 nada m\u00e1s y nada menos que tres hermosos vestidos. El s\u00e1bado 28 de septiembre, poco despu\u00e9s de haber dado el \u00abs\u00ed, acepto\u00bb al productor, &#8216;Sel&#8217; mostr\u00f3 a sus seguidores su primer vestido. D\u00edas despu\u00e9s de la celebraci\u00f3n, la creadora de Rare Beauty ha mostrado nuevas im\u00e1genes de los otros dos looks nupciales que luci\u00f3 en su gran d\u00eda.<\/p>\n\n\n\n<figure class=\"wp-block-image size-full\"><img decoding=\"async\" width=\"960\" height=\"889\" src=\"https:\/\/losperiodistas.com.mx\/portal\/wp-content\/uploads\/2025\/10\/fc9e52283a1c-554356250186287461780197241448940122183605835n.jpg\" alt=\"\" class=\"wp-image-108078\" srcset=\"https:\/\/losperiodistas.com.mx\/portal\/wp-content\/uploads\/2025\/10\/fc9e52283a1c-554356250186287461780197241448940122183605835n.jpg 960w, https:\/\/losperiodistas.com.mx\/portal\/wp-content\/uploads\/2025\/10\/fc9e52283a1c-554356250186287461780197241448940122183605835n-300x278.jpg 300w, https:\/\/losperiodistas.com.mx\/portal\/wp-content\/uploads\/2025\/10\/fc9e52283a1c-554356250186287461780197241448940122183605835n-768x711.jpg 768w\" sizes=\"(max-width: 960px) 100vw, 960px\" \/><figcaption class=\"wp-element-caption\">Selena Gomez y Benny Blanco se casaron el pasado 27 de septiembre en California.<\/figcaption><\/figure>\n\n\n\n<h3 class=\"wp-block-heading\" id=\"h3-gfdd4mg8umlzb\">Primer vestido<\/h3>\n\n\n\n<p id=\"eOiPST3Zl8\">Selena, de 33 a\u00f1os, dio un vistazo de su primer vestido de novia el pasado fin de semana; se trat\u00f3 de un vestido Ralph Lauren, al estilo Old Hollywood de escote halter con un dise\u00f1o floral en sat\u00e9n de seda.<\/p>\n\n\n\n<figure class=\"wp-block-image size-full\"><img decoding=\"async\" width=\"960\" height=\"822\" src=\"https:\/\/losperiodistas.com.mx\/portal\/wp-content\/uploads\/2025\/10\/8b9b16f6eb97-selena-vestido1.avif\" alt=\"\" class=\"wp-image-108079\" srcset=\"https:\/\/losperiodistas.com.mx\/portal\/wp-content\/uploads\/2025\/10\/8b9b16f6eb97-selena-vestido1.avif 960w, https:\/\/losperiodistas.com.mx\/portal\/wp-content\/uploads\/2025\/10\/8b9b16f6eb97-selena-vestido1-300x257.avif 300w, https:\/\/losperiodistas.com.mx\/portal\/wp-content\/uploads\/2025\/10\/8b9b16f6eb97-selena-vestido1-768x658.avif 768w\" sizes=\"(max-width: 960px) 100vw, 960px\" \/><figcaption class=\"wp-element-caption\">Este fue el primer vestido que Selena Gomez mostr\u00f3 en sus redes sociales.<\/figcaption><\/figure>\n\n\n\n<p id=\"e6RcBX04Sq\">En esa ocasi\u00f3n, tambi\u00e9n mostr\u00f3 parte de su maquillaje, el cual fue realizado con la l\u00ednea de belleza de su marca Rare Beauty. Tambi\u00e9n comparti\u00f3 las joyas que us\u00f3, como un par de pendientes de diamantes de Tiffany &amp; Co.&nbsp;<\/p>\n\n\n\n<h3 class=\"wp-block-heading\" id=\"h3-gfdd4mg8umlzc\">Segundo vestido<\/h3>\n\n\n\n<p id=\"eAAGs5x31l\">El segundo dise\u00f1o fue creado por la misma firma, con una l\u00ednea elegante, pero con detalles a\u00fan m\u00e1s artesanales, pues ten\u00eda un delicado encaje con 300 flores de encaje, aplicadas a mano, seg\u00fan <em>Vogue.<\/em><\/p>\n\n\n\n<figure class=\"wp-block-image size-full\"><img loading=\"lazy\" decoding=\"async\" width=\"768\" height=\"1024\" src=\"https:\/\/losperiodistas.com.mx\/portal\/wp-content\/uploads\/2025\/10\/08e4776a72ec-557745551186293409190197245193520758140030292n.avif\" alt=\"\" class=\"wp-image-108080\" srcset=\"https:\/\/losperiodistas.com.mx\/portal\/wp-content\/uploads\/2025\/10\/08e4776a72ec-557745551186293409190197245193520758140030292n.avif 768w, https:\/\/losperiodistas.com.mx\/portal\/wp-content\/uploads\/2025\/10\/08e4776a72ec-557745551186293409190197245193520758140030292n-225x300.avif 225w\" sizes=\"(max-width: 768px) 100vw, 768px\" \/><figcaption class=\"wp-element-caption\">Algunos creen que fue con este delicado vestido con flores bordadas, que Selena Gomez camin\u00f3 al altar.<\/figcaption><\/figure>\n\n\n\n<p id=\"e8ulMWGjeNa\">Parece que fue con este vestido que Selena llev\u00f3 a cabo la ceremonia de su boda, pues en las im\u00e1genes aparece con un gran velo de novia. As\u00ed que, podr\u00eda decirse que Selena fue una novia cl\u00e1sica, siguiendo los protocolos usuales de las novias, al llegar al altar con su velo y su ramo, este \u00faltimo formado por flores de lirios del valle, que simbolizan la felicidad y los nuevos comienzos.&nbsp;<\/p>\n\n\n\n<h3 class=\"wp-block-heading\" id=\"h3-gfdd4mg8umlzd\">El detalle de coraz\u00f3n con las iniciales de &#8216;S+B&#8217;<\/h3>\n\n\n\n<p id=\"esukBbIu62\">Con un cuello halter, este look Nupcial ten\u00eda adem\u00e1s adornos de cristal y un cors\u00e9 pintado a mano. Adem\u00e1s de esto, el vestido guardaba un peque\u00f1o detalle, el cual la novia quiso destacar en su reciente post en Instagram. El vestido ten\u00eda bordado un coraz\u00f3n con las iniciales &#8216;S+B&#8217;.<\/p>\n\n\n\n<figure class=\"wp-block-image size-full\"><img loading=\"lazy\" decoding=\"async\" width=\"768\" height=\"1024\" src=\"https:\/\/losperiodistas.com.mx\/portal\/wp-content\/uploads\/2025\/10\/2afbeadcc8a4-558369725186293409280197241896714646749695858n.avif\" alt=\"\" class=\"wp-image-108081\" srcset=\"https:\/\/losperiodistas.com.mx\/portal\/wp-content\/uploads\/2025\/10\/2afbeadcc8a4-558369725186293409280197241896714646749695858n.avif 768w, https:\/\/losperiodistas.com.mx\/portal\/wp-content\/uploads\/2025\/10\/2afbeadcc8a4-558369725186293409280197241896714646749695858n-225x300.avif 225w\" sizes=\"(max-width: 768px) 100vw, 768px\" \/><\/figure>\n\n\n\n<h3 class=\"wp-block-heading\" id=\"h3-gfdd4mg8umlze\">El tercer vestido&nbsp;<\/h3>\n\n\n\n<p id=\"e6fScT-5ww\">Para la fiesta, ya entrada la noches y despu\u00e9s de la ceremonia, la int\u00e9rprete de Love song luci\u00f3 un vestido con ca\u00edda fluida y un cors\u00e9 que marcaba a la perfecci\u00f3n su figura, adem\u00e1s de que le daba protagonismo a su delicada figura, enmarcado sus hombros.<\/p>\n\n\n\n<figure class=\"wp-block-image size-full\"><img loading=\"lazy\" decoding=\"async\" width=\"768\" height=\"1024\" src=\"https:\/\/losperiodistas.com.mx\/portal\/wp-content\/uploads\/2025\/10\/4430f0d87376-557615772186293409730197248657558108209016663n.avif\" alt=\"\" class=\"wp-image-108082\" srcset=\"https:\/\/losperiodistas.com.mx\/portal\/wp-content\/uploads\/2025\/10\/4430f0d87376-557615772186293409730197248657558108209016663n.avif 768w, https:\/\/losperiodistas.com.mx\/portal\/wp-content\/uploads\/2025\/10\/4430f0d87376-557615772186293409730197248657558108209016663n-225x300.avif 225w\" sizes=\"(max-width: 768px) 100vw, 768px\" \/><\/figure>\n\n\n\n<p>De acuerdo con informantes, la boda sigui\u00f3 hasta altas horas de la noche, en las que Selena y Benny no dejaron de disfrutar con sus seres queridos.<\/p>\n\n\n\n<figure class=\"wp-block-image size-full\"><img loading=\"lazy\" decoding=\"async\" width=\"768\" height=\"1024\" src=\"https:\/\/losperiodistas.com.mx\/portal\/wp-content\/uploads\/2025\/10\/c8ed4e218be4-556646650186293409910197244661488569166283675n.avif\" alt=\"\" class=\"wp-image-108083\" srcset=\"https:\/\/losperiodistas.com.mx\/portal\/wp-content\/uploads\/2025\/10\/c8ed4e218be4-556646650186293409910197244661488569166283675n.avif 768w, https:\/\/losperiodistas.com.mx\/portal\/wp-content\/uploads\/2025\/10\/c8ed4e218be4-556646650186293409910197244661488569166283675n-225x300.avif 225w\" sizes=\"(max-width: 768px) 100vw, 768px\" \/><\/figure>\n\n\n\n<p>En estas nuevas im\u00e1genes, Selena tambi\u00e9n ha dado un vistazo a su pastel de bodas: una delicada tarta en forma de coraz\u00f3n con bet\u00fan blanco y la leyenda &#8216;Just married&#8217; (reci\u00e9n casados) en letra cursiva. Para darle un toque retro, el repostero a\u00f1adi\u00f3 un par de mu\u00f1ecos en forma de novios.<\/p>\n\n\n\n<p>Fuente: <a href=\"https:\/\/www.hola.com\/us-es\/celebrities\/20251001859063\/selena-gomez-todos-los-vestidos-de-novia-que-uso-para-su-sonada-boda-con-benny-blanco\/\" target=\"_blank\" rel=\"noreferrer noopener\">Hola<\/a><\/p>\n","protected":false},"excerpt":{"rendered":"<p>La cantante y actriz ha compartido nuevas fotos de su gran enlace, y ha dejado ver que us\u00f3 dos vestidos m\u00e1s<\/p>\n","protected":false},"author":1,"featured_media":108077,"comment_status":"open","ping_status":"open","sticky":false,"template":"","format":"standard","meta":{"site-sidebar-layout":"default","site-content-layout":"","ast-site-content-layout":"default","site-content-style":"default","site-sidebar-style":"default","ast-global-header-display":"","ast-banner-title-visibility":"","ast-main-header-display":"","ast-hfb-above-header-display":"","ast-hfb-below-header-display":"","ast-hfb-mobile-header-display":"","site-post-title":"","ast-breadcrumbs-content":"","ast-featured-img":"","footer-sml-layout":"","theme-transparent-header-meta":"","adv-header-id-meta":"","stick-header-meta":"","header-above-stick-meta":"","header-main-stick-meta":"","header-below-stick-meta":"","astra-migrate-meta-layouts":"default","ast-page-background-enabled":"default","ast-page-background-meta":{"desktop":{"background-color":"var(--ast-global-color-4)","background-image":"","background-repeat":"repeat","background-position":"center center","background-size":"auto","background-attachment":"scroll","background-type":"","background-media":"","overlay-type":"","overlay-color":"","overlay-opacity":"","overlay-gradient":""},"tablet":{"background-color":"","background-image":"","background-repeat":"repeat","background-position":"center center","background-size":"auto","background-attachment":"scroll","background-type":"","background-media":"","overlay-type":"","overlay-color":"","overlay-opacity":"","overlay-gradient":""},"mobile":{"background-color":"","background-image":"","background-repeat":"repeat","background-position":"center center","background-size":"auto","background-attachment":"scroll","background-type":"","background-media":"","overlay-type":"","overlay-color":"","overlay-opacity":"","overlay-gradient":""}},"ast-content-background-meta":{"desktop":{"background-color":"var(--ast-global-color-5)","background-image":"","background-repeat":"repeat","background-position":"center center","background-size":"auto","background-attachment":"scroll","background-type":"","background-media":"","overlay-type":"","overlay-color":"","overlay-opacity":"","overlay-gradient":""},"tablet":{"background-color":"var(--ast-global-color-5)","background-image":"","background-repeat":"repeat","background-position":"center center","background-size":"auto","background-attachment":"scroll","background-type":"","background-media":"","overlay-type":"","overlay-color":"","overlay-opacity":"","overlay-gradient":""},"mobile":{"background-color":"var(--ast-global-color-5)","background-image":"","background-repeat":"repeat","background-position":"center center","background-size":"auto","background-attachment":"scroll","background-type":"","background-media":"","overlay-type":"","overlay-color":"","overlay-opacity":"","overlay-gradient":""}},"footnotes":""},"categories":[8],"tags":[42163,28035,41288,42288],"class_list":["post-108076","post","type-post","status-publish","format-standard","has-post-thumbnail","hentry","category-noticias","tag-benny-blanco","tag-boda","tag-selena-gomez","tag-vestidos-de-novia"],"_links":{"self":[{"href":"https:\/\/losperiodistas.com.mx\/portal\/wp-json\/wp\/v2\/posts\/108076","targetHints":{"allow":["GET"]}}],"collection":[{"href":"https:\/\/losperiodistas.com.mx\/portal\/wp-json\/wp\/v2\/posts"}],"about":[{"href":"https:\/\/losperiodistas.com.mx\/portal\/wp-json\/wp\/v2\/types\/post"}],"author":[{"embeddable":true,"href":"https:\/\/losperiodistas.com.mx\/portal\/wp-json\/wp\/v2\/users\/1"}],"replies":[{"embeddable":true,"href":"https:\/\/losperiodistas.com.mx\/portal\/wp-json\/wp\/v2\/comments?post=108076"}],"version-history":[{"count":1,"href":"https:\/\/losperiodistas.com.mx\/portal\/wp-json\/wp\/v2\/posts\/108076\/revisions"}],"predecessor-version":[{"id":108084,"href":"https:\/\/losperiodistas.com.mx\/portal\/wp-json\/wp\/v2\/posts\/108076\/revisions\/108084"}],"wp:featuredmedia":[{"embeddable":true,"href":"https:\/\/losperiodistas.com.mx\/portal\/wp-json\/wp\/v2\/media\/108077"}],"wp:attachment":[{"href":"https:\/\/losperiodistas.com.mx\/portal\/wp-json\/wp\/v2\/media?parent=108076"}],"wp:term":[{"taxonomy":"category","embeddable":true,"href":"https:\/\/losperiodistas.com.mx\/portal\/wp-json\/wp\/v2\/categories?post=108076"},{"taxonomy":"post_tag","embeddable":true,"href":"https:\/\/losperiodistas.com.mx\/portal\/wp-json\/wp\/v2\/tags?post=108076"}],"curies":[{"name":"wp","href":"https:\/\/api.w.org\/{rel}","templated":true}]}}