{"id":108072,"date":"2025-10-01T21:45:42","date_gmt":"2025-10-02T03:45:42","guid":{"rendered":"https:\/\/losperiodistas.com.mx\/portal\/?p=108072"},"modified":"2025-10-01T21:45:43","modified_gmt":"2025-10-02T03:45:43","slug":"protestas-en-varias-ciudades-de-mexico-exigen-la-liberacion-de-los-connacionales-interceptados-por-israel-en-la-global-sumud-flotilla-el-pais","status":"publish","type":"post","link":"https:\/\/losperiodistas.com.mx\/portal\/protestas-en-varias-ciudades-de-mexico-exigen-la-liberacion-de-los-connacionales-interceptados-por-israel-en-la-global-sumud-flotilla-el-pais\/","title":{"rendered":"Protestas en varias ciudades de M\u00e9xico exigen la liberaci\u00f3n de los connacionales interceptados por Israel en la Global Sumud Flotilla | El Pa\u00eds"},"content":{"rendered":"\n<p>Los manifestantes cierran calles en la capital, Monterrey, Guadalajara y San Crist\u00f3bal de las Casas mientras la Secretar\u00eda de Relaciones Exteriores pide acceso consular a las autoridades israel\u00edes<\/p>\n\n\n\n<figure class=\"wp-block-image size-large\"><img fetchpriority=\"high\" decoding=\"async\" width=\"1024\" height=\"682\" src=\"https:\/\/losperiodistas.com.mx\/portal\/wp-content\/uploads\/2025\/10\/ProtestasMxPalestina-1024x682.png\" alt=\"\" class=\"wp-image-108073\" srcset=\"https:\/\/losperiodistas.com.mx\/portal\/wp-content\/uploads\/2025\/10\/ProtestasMxPalestina-1024x682.png 1024w, https:\/\/losperiodistas.com.mx\/portal\/wp-content\/uploads\/2025\/10\/ProtestasMxPalestina-300x200.png 300w, https:\/\/losperiodistas.com.mx\/portal\/wp-content\/uploads\/2025\/10\/ProtestasMxPalestina-768x512.png 768w, https:\/\/losperiodistas.com.mx\/portal\/wp-content\/uploads\/2025\/10\/ProtestasMxPalestina.png 1193w\" sizes=\"(max-width: 1024px) 100vw, 1024px\" \/><figcaption class=\"wp-element-caption\">Manifestaci\u00f3n en apoyo a Palestina, en Ciudad de M\u00e9xico, este mi\u00e9rcoles.CARLO ECHEGOYEN<\/figcaption><\/figure>\n\n\n\n<p class=\"has-vivid-red-color has-text-color has-link-color wp-elements-0ca8259775ac41aacee3812ff50ea422\">Micaela Varela \/ El Pa\u00eds<\/p>\n\n\n\n<p>M\u00e9xico ha salido a mostrar su apoyo a los compatriotas a bordo de la Global Sumud Flotilla, que pretend\u00eda llevar ayuda humanitaria a Gaza por mar antes de ser detenida este mi\u00e9rcoles por barcos de las Fuerzas Armadas de Israel en aguas internacionales. <\/p>\n\n\n\n<p>Protestas en las principales ciudades del pa\u00eds han cerrado calles al final de la tarde para pedir la liberaci\u00f3n de Sol Gonz\u00e1lez, Arl\u00edn Medrano, Ernesto Ledesma, los mexicanos confirmados que han sido detenidos por las autoridades israel\u00edes. La Secretar\u00eda de Relaciones Exteriores ha informado en un comunicado que ha solicitado el acceso consular a las autoridades de Israel y que les ha pedido \u201cgarantizar que sus derechos e integridad sean respetados en todo momento\u201d.<\/p>\n\n\n\n<p>Las banderas palestinas han ondeado en las principales arterias de Ciudad de M\u00e9xico, Monterrey, Guadalajara, San Crist\u00f3bal de las Casas, Oaxaca y otros puntos del pa\u00eds. \u201cNetanyahu asesina, y Trump patrocina\u201d, han coreado los manifestantes a las puertas de la Embajada de Estados Unidos de la capital. Las consignas para detener el genocidio en M\u00e9xico se unen a los ecos de las protestas de varias ciudades del mundo, que han tomado las calles para denunciar que Israel haya detenido la misi\u00f3n que buscaba llevar ayuda humanitaria a Gaza a 70 millas n\u00e1uticas de su destino.<\/p>\n\n\n\n<p>Organizaciones civiles y de periodistas mexicanos han emitido comunicados para exigir la liberaci\u00f3n de los detenidos y el respeto al derecho internacional. Adem\u00e1s, han hecho la petici\u00f3n al Gobierno de Claudia Sheinbaum para que rompa relaciones con el Estado de Israel.<\/p>\n\n\n\n<p>Los otros ciudadanos que viajaban en los barcos y de los que todav\u00eda se desconoce si han sido interceptados son Carlos P\u00e9rez Osorio, Laura Alejandra V\u00e9lez Ruiz Gait\u00e1n, Miriam Moreno S\u00e1nchez y Diego V\u00e1zquez Galindo. David Pe\u00f1a, quien acompa\u00f1a legalmente a las familias de la delegaci\u00f3n mexicana con destino a Gaza, ha informado desde las protestas que los detenidos estar\u00e1n incomunicados por 12 horas. \u201cNo se tiene informaci\u00f3n de los lugares de traslado, de las condiciones f\u00edsicas de ellos ni de las condiciones de su detenci\u00f3n\u201d, ha asegurado frente al Palacio Nacional.<\/p>\n\n\n\n<figure class=\"wp-block-image size-large\"><img decoding=\"async\" width=\"1024\" height=\"683\" src=\"https:\/\/losperiodistas.com.mx\/portal\/wp-content\/uploads\/2025\/10\/TH5LSTNOXJEPBOBJ3CNP7VW5RE-1024x683.avif\" alt=\"\" class=\"wp-image-108074\" srcset=\"https:\/\/losperiodistas.com.mx\/portal\/wp-content\/uploads\/2025\/10\/TH5LSTNOXJEPBOBJ3CNP7VW5RE-1024x683.avif 1024w, https:\/\/losperiodistas.com.mx\/portal\/wp-content\/uploads\/2025\/10\/TH5LSTNOXJEPBOBJ3CNP7VW5RE-300x200.avif 300w, https:\/\/losperiodistas.com.mx\/portal\/wp-content\/uploads\/2025\/10\/TH5LSTNOXJEPBOBJ3CNP7VW5RE-768x512.avif 768w, https:\/\/losperiodistas.com.mx\/portal\/wp-content\/uploads\/2025\/10\/TH5LSTNOXJEPBOBJ3CNP7VW5RE-1536x1024.avif 1536w, https:\/\/losperiodistas.com.mx\/portal\/wp-content\/uploads\/2025\/10\/TH5LSTNOXJEPBOBJ3CNP7VW5RE.avif 1960w\" sizes=\"(max-width: 1024px) 100vw, 1024px\" \/><figcaption class=\"wp-element-caption\">Protesta a las afueras del INAH, al sur de la Ciudad de M\u00e9xico, bloquearon carriles laterales y centrales de perif\u00e9rico con direcci\u00f3n al Oriente.\nRogelio Morales (CUARTOSCURO)<\/figcaption><\/figure>\n\n\n\n<p>\u201cEl Gobierno israel\u00ed ha adoptado el protocolo de deportaci\u00f3n inmediata\u201d, ha informado Pe\u00f1a, quien asegura que hay una mesa de trabajo con la Secretar\u00eda de Relaciones exteriores y los allegados de los mexicanos a bordo de la flotilla, adem\u00e1s de una comunicaci\u00f3n con la embajada de M\u00e9xico en Israel. \u201cNo hay, seg\u00fan la informaci\u00f3n que nos dijeron, la intenci\u00f3n de una acusaci\u00f3n de car\u00e1cter penal. La acusaci\u00f3n ser\u00eda el ingreso ilegal, entre comillas, al territorio israel\u00ed porque desde luego las embarcaciones no estaban en territorio israel\u00ed. Estaban en aguas internacionales y en todo caso esa franja territorial de mar es de Gaza\u201d, ha se\u00f1alado.<\/p>\n\n\n\n<p>Sobre el comunicado de Canciller\u00eda, que se ha mantenido en contacto con las embajadas de la regi\u00f3n desde que el grupo mexicano zarp\u00f3 de Barcelona el 2 de septiembre, las familias se muestran decepcionadas. Pe\u00f1a ha calificado el mensaje como \u201cbastante simple\u201d y ha recalcado que los allegados quer\u00edan un pronunciamiento pol\u00edtico \u201csobre la dimensi\u00f3n, los alcances de la detenci\u00f3n y las implicaciones legales\u201d que emprender\u00e1 M\u00e9xico ante \u201cla agresi\u00f3n, el traslado arbitrario y la detenci\u00f3n ilegal\u201d de los ciudadanos mexicanos.<\/p>\n\n\n\n<p>Un d\u00eda antes, mientras los barcos se acercaban a la Franja y crec\u00eda la tensi\u00f3n por un posible ataque israel\u00ed, la Canciller\u00eda hab\u00eda vuelto a hacer un llamado en un comunicado para que se garantizara la seguridad de los connacionales. \u201cSu prop\u00f3sito no es otro que ofrecer ayuda humanitaria. Son personas solidarias, pac\u00edficas y comprometidas con la paz, sin vinculaci\u00f3n con grupos violentos\u201d, han subrayado. La semana pasada Sheinbaum se pronunci\u00f3 abiertamente sobre la situaci\u00f3n en Gaza al llamarlo \u201cgenocidio\u201d, pero evit\u00f3 condenar la ofensiva de Netanyahu sobre Palestina. En la carta que envi\u00f3 la organizaci\u00f3n mexicana Palestina MX a Laura Itzel Castillo Ju\u00e1rez, presidenta del Senado, se ped\u00eda adem\u00e1s que se emitieran sanciones contra Israel, el embargo de armas y la cancelaci\u00f3n de acuerdos militares.<\/p>\n\n\n\n<p>Fuente: <a href=\"https:\/\/elpais.com\/mexico\/2025-10-02\/protestas-en-varias-ciudades-de-mexico-exigen-la-liberacion-de-los-connacionales-interceptados-por-israel-en-la-global-sumud-flotilla.html\" target=\"_blank\" rel=\"noreferrer noopener\">El Pa\u00eds<\/a><\/p>\n","protected":false},"excerpt":{"rendered":"<p>Los manifestantes cierran calles en la capital, Monterrey, Guadalajara y San Crist\u00f3bal de las Casas mientras la Secretar\u00eda de Relaciones Exteriores pide acceso consular a las autoridades israel\u00edes<\/p>\n","protected":false},"author":1,"featured_media":108073,"comment_status":"open","ping_status":"open","sticky":false,"template":"","format":"standard","meta":{"site-sidebar-layout":"default","site-content-layout":"","ast-site-content-layout":"default","site-content-style":"default","site-sidebar-style":"default","ast-global-header-display":"","ast-banner-title-visibility":"","ast-main-header-display":"","ast-hfb-above-header-display":"","ast-hfb-below-header-display":"","ast-hfb-mobile-header-display":"","site-post-title":"","ast-breadcrumbs-content":"","ast-featured-img":"","footer-sml-layout":"","theme-transparent-header-meta":"","adv-header-id-meta":"","stick-header-meta":"","header-above-stick-meta":"","header-main-stick-meta":"","header-below-stick-meta":"","astra-migrate-meta-layouts":"default","ast-page-background-enabled":"default","ast-page-background-meta":{"desktop":{"background-color":"var(--ast-global-color-4)","background-image":"","background-repeat":"repeat","background-position":"center center","background-size":"auto","background-attachment":"scroll","background-type":"","background-media":"","overlay-type":"","overlay-color":"","overlay-opacity":"","overlay-gradient":""},"tablet":{"background-color":"","background-image":"","background-repeat":"repeat","background-position":"center center","background-size":"auto","background-attachment":"scroll","background-type":"","background-media":"","overlay-type":"","overlay-color":"","overlay-opacity":"","overlay-gradient":""},"mobile":{"background-color":"","background-image":"","background-repeat":"repeat","background-position":"center center","background-size":"auto","background-attachment":"scroll","background-type":"","background-media":"","overlay-type":"","overlay-color":"","overlay-opacity":"","overlay-gradient":""}},"ast-content-background-meta":{"desktop":{"background-color":"var(--ast-global-color-5)","background-image":"","background-repeat":"repeat","background-position":"center center","background-size":"auto","background-attachment":"scroll","background-type":"","background-media":"","overlay-type":"","overlay-color":"","overlay-opacity":"","overlay-gradient":""},"tablet":{"background-color":"var(--ast-global-color-5)","background-image":"","background-repeat":"repeat","background-position":"center center","background-size":"auto","background-attachment":"scroll","background-type":"","background-media":"","overlay-type":"","overlay-color":"","overlay-opacity":"","overlay-gradient":""},"mobile":{"background-color":"var(--ast-global-color-5)","background-image":"","background-repeat":"repeat","background-position":"center center","background-size":"auto","background-attachment":"scroll","background-type":"","background-media":"","overlay-type":"","overlay-color":"","overlay-opacity":"","overlay-gradient":""}},"footnotes":""},"categories":[8],"tags":[42283,42285,8943,42287,42284,28580,2319,10779,42286],"class_list":["post-108072","post","type-post","status-publish","format-standard","has-post-thumbnail","hentry","category-noticias","tag-apoyo-a-palestina","tag-arlin-medrano-2","tag-cdmx","tag-ernesto-ledesma","tag-global-sumud-flotilla","tag-guadalajara","tag-monterrey","tag-san-cristobal-de-las-casas","tag-sol-gonzalez"],"_links":{"self":[{"href":"https:\/\/losperiodistas.com.mx\/portal\/wp-json\/wp\/v2\/posts\/108072","targetHints":{"allow":["GET"]}}],"collection":[{"href":"https:\/\/losperiodistas.com.mx\/portal\/wp-json\/wp\/v2\/posts"}],"about":[{"href":"https:\/\/losperiodistas.com.mx\/portal\/wp-json\/wp\/v2\/types\/post"}],"author":[{"embeddable":true,"href":"https:\/\/losperiodistas.com.mx\/portal\/wp-json\/wp\/v2\/users\/1"}],"replies":[{"embeddable":true,"href":"https:\/\/losperiodistas.com.mx\/portal\/wp-json\/wp\/v2\/comments?post=108072"}],"version-history":[{"count":1,"href":"https:\/\/losperiodistas.com.mx\/portal\/wp-json\/wp\/v2\/posts\/108072\/revisions"}],"predecessor-version":[{"id":108075,"href":"https:\/\/losperiodistas.com.mx\/portal\/wp-json\/wp\/v2\/posts\/108072\/revisions\/108075"}],"wp:featuredmedia":[{"embeddable":true,"href":"https:\/\/losperiodistas.com.mx\/portal\/wp-json\/wp\/v2\/media\/108073"}],"wp:attachment":[{"href":"https:\/\/losperiodistas.com.mx\/portal\/wp-json\/wp\/v2\/media?parent=108072"}],"wp:term":[{"taxonomy":"category","embeddable":true,"href":"https:\/\/losperiodistas.com.mx\/portal\/wp-json\/wp\/v2\/categories?post=108072"},{"taxonomy":"post_tag","embeddable":true,"href":"https:\/\/losperiodistas.com.mx\/portal\/wp-json\/wp\/v2\/tags?post=108072"}],"curies":[{"name":"wp","href":"https:\/\/api.w.org\/{rel}","templated":true}]}}