{"id":108066,"date":"2025-10-01T21:27:20","date_gmt":"2025-10-02T03:27:20","guid":{"rendered":"https:\/\/losperiodistas.com.mx\/portal\/?p=108066"},"modified":"2025-10-01T21:27:36","modified_gmt":"2025-10-02T03:27:36","slug":"eu-en-pausa-trump-provoca-otro-cierre-de-gobierno-y-revive-la-crisis-mas-larga-de-su-primer-mandato-ef","status":"publish","type":"post","link":"https:\/\/losperiodistas.com.mx\/portal\/eu-en-pausa-trump-provoca-otro-cierre-de-gobierno-y-revive-la-crisis-mas-larga-de-su-primer-mandato-ef\/","title":{"rendered":"\u00a1EU en pausa! Trump provoca otro cierre de Gobierno y revive la \u2018crisis\u2019 m\u00e1s larga de su primer mandato | EF"},"content":{"rendered":"\n<p>Ante la falta de un acuerdo en el Congreso para el presupuesto fiscal, se lleg\u00f3 a un nuevo cierre parcial del Gobierno de EU, que afecta servicios y revive la crisis m\u00e1s larga en el primer mandato de Trump.<\/p>\n\n\n\n<figure class=\"wp-block-image size-large\"><img fetchpriority=\"high\" decoding=\"async\" width=\"1024\" height=\"576\" src=\"https:\/\/losperiodistas.com.mx\/portal\/wp-content\/uploads\/2025\/10\/TrumpPresupuestoFiscal-1024x576.png\" alt=\"\" class=\"wp-image-108067\" srcset=\"https:\/\/losperiodistas.com.mx\/portal\/wp-content\/uploads\/2025\/10\/TrumpPresupuestoFiscal-1024x576.png 1024w, https:\/\/losperiodistas.com.mx\/portal\/wp-content\/uploads\/2025\/10\/TrumpPresupuestoFiscal-300x169.png 300w, https:\/\/losperiodistas.com.mx\/portal\/wp-content\/uploads\/2025\/10\/TrumpPresupuestoFiscal-768x432.png 768w, https:\/\/losperiodistas.com.mx\/portal\/wp-content\/uploads\/2025\/10\/TrumpPresupuestoFiscal.png 1358w\" sizes=\"(max-width: 1024px) 100vw, 1024px\" \/><figcaption class=\"wp-element-caption\">Ante la falta de acuerdo en el Congreso sobre el presupuesto de Donald Trump, el Gobierno de EU &#8216;entra en pausa&#8217; y declara un cierre parcial. (EFE) <\/figcaption><\/figure>\n\n\n\n<p class=\"has-vivid-red-color has-text-color has-link-color wp-elements-ec1aec68ec65d673574e7f68ac157d9a\">Redacci\u00f3n \/ EF<\/p>\n\n\n\n<p>El cierre parcial del Gobierno Federal de Estados Unidos, que por el momento afecta a servicios no esenciales y que comenz\u00f3 la pasada medianoche, es el <strong>cuarto que afronta el presidente<\/strong>, Donald Trump, que ya vivi\u00f3 tres durante su primer mandato (<strong>2017-2020<\/strong>), entre ellos el m\u00e1s largo de la historia.<\/p>\n\n\n\n<p>Aquel cierre fue tambi\u00e9n el \u00faltimo hasta el de ahora. Comenz\u00f3 el 20 de diciembre de 2018, despu\u00e9s de que <strong>republicanos y dem\u00f3cratas no consiguieran un acuerdo<\/strong> para destinar 5 mil 700 millones de d\u00f3lares a la construcci\u00f3n del muro en la frontera con M\u00e9xico prometido por Trump durante su campa\u00f1a electoral.<\/p>\n\n\n\n<h2 class=\"wp-block-heading\">\u00bfCu\u00e1nto duraron los cierres parciales gubernamentales que enfrent\u00f3 Trump?<\/h2>\n\n\n\n<p>La clausura se prolong\u00f3 durante 35 d\u00edas y provoc\u00f3 que <strong>800 mil funcionarios no cobrasen sus n\u00f3minas<\/strong>. Concluy\u00f3 el 25 de enero de 2019 tras alcanzarse un acuerdo temporal -sin fondos para el muro- para reabrir el Gobierno, y continuar las negociaciones presupuestarias. Finalmente, Trump declar\u00f3 en marzo una emergencia nacional para financiar la construcci\u00f3n de la valla fronteriza.<\/p>\n\n\n\n<p>El mandatario republicano ya hab\u00eda sufrido otros dos cierres ese mismo a\u00f1o. El primero dur\u00f3 tres d\u00edas, entre el 20 y el 22 de enero, y fue motivado por la decisi\u00f3n dem\u00f3crata de <strong>incluir en el presupuesto ayudas a los inmigrantes<\/strong>, especialmente a los que hab\u00edan llegado al pa\u00eds siendo ni\u00f1os, conocidos como \u201cdreamers\u201d.<\/p>\n\n\n\n<p>El tercer cierre, en febrero de 2018, originado por una maniobra del senador Rand Paul, muy <strong>beligerante contra el gasto p\u00fablico<\/strong>, dur\u00f3 apenas unas horas, tras las que los congresistas aprobaron el plan presupuestario.<\/p>\n\n\n\n<p>Despu\u00e9s del primer mandato de Donald Trump, su sucesor en la Casa Blanca, el dem\u00f3crata <strong>Joe Biden<\/strong>, se enfrent\u00f3 a la amenaza<strong> del cierre gubernamental<\/strong> en noviembre de 2023 y en marzo de 2024, pero <strong>logr\u00f3 evitarlo<\/strong>, y ya con Trump elegido para su segundo mandato, en diciembre de 2024, un acuerdo para extender el presupuesto federal fren\u00f3 \u2018in extremis\u2019 el cierre.<\/p>\n\n\n\n<h2 class=\"wp-block-heading\">\u00bfQui\u00e9nes fueron los otros presidentes que vivieron esta crisis?<\/h2>\n\n\n\n<p>Aunque desde 1980 se han producido una quincena de crisis, incluida la actual, que han afectado a la aplicaci\u00f3n de los presupuestos gubernamentales, las que han provocado<strong> el cierre de algunas de las actividades del Gobierno<\/strong> han sido una docena.<\/p>\n\n\n\n<p>La diferente visi\u00f3n en materia fiscal entre dem\u00f3cratas y republicanos ha estado en el origen de la mayor parte de estos cierres, casi siempre con la presidencia del pa\u00eds en manos de un partido y la mayor\u00eda de alguna de las dos c\u00e1maras legislativas en manos del otro -no fue as\u00ed en el caso de Trump en 2018-.<\/p>\n\n\n\n<p>El 1 de mayo de 1980, durante el mandato del dem\u00f3crata Jimmy Carter, la imposibilidad de alcanzar un acuerdo en el Congreso sobre el presupuesto de la Comisi\u00f3n Federal de Comercio, llev\u00f3 al cierre de la Agencia durante un d\u00eda.<\/p>\n\n\n\n<p>El 23 de noviembre de 1981 el veto por parte del presidente republicano, <strong>Ronald Reagan<\/strong>, sobre un presupuesto que no conten\u00eda todos los recortes de gasto que \u00e9l propon\u00eda <strong>hizo que 241 mil empleados federales fueran despedidos<\/strong> el 23 de noviembre de 1981, aunque al d\u00eda siguiente volvieron a sus trabajos.<\/p>\n\n\n\n<p>Nuevamente la oposici\u00f3n de Reagan a un presupuesto que inclu\u00eda medidas a favor de los derechos civiles y varios proyectos de agua provoc\u00f3 que medio mill\u00f3n de empleados federales volvieran a sus hogares durante la tarde del 4 de octubre de 1984.<\/p>\n\n\n\n<p>Un cierre federal que se repiti\u00f3 con la misma duraci\u00f3n y con el mismo n\u00famero de funcionarios afectados el 17 de octubre de 1986 tambi\u00e9n con Reagan en la Casa Blanca.<\/p>\n\n\n\n<p>El siguiente cierre ocurri\u00f3 entre el 6 de octubre y el 8 de octubre de 1990 con <strong>George W. Bush<\/strong> en la presidencia, al vetar un presupuesto que <strong>no conten\u00eda las <\/strong>rebajas fiscales que hab\u00eda prometido durante la campa\u00f1a que le llev\u00f3 a la Casa Blanca. El cierre se produjo en un fin de semana y tuvo poca influencia para los trabajadores federales.<\/p>\n\n\n\n<p>El enfrentamiento entre el presidente dem\u00f3crata Bill Clinton y el Congreso, controlado por los republicanos, provoc\u00f3 dos cierres del Gobierno durante sus ocho a\u00f1os de presidencia. El primero dur\u00f3 entre el 14 y el 19 de noviembre de 1995 y el segundo durante 21 d\u00edas entre el 16 de diciembre de 1995 y el 6 de enero de 1996.<\/p>\n\n\n\n<p>Alrededor de <strong>un mill\u00f3n de trabajadores federales fueron despedidos<\/strong> temporalmente y la mayor\u00eda de servicios no esenciales fueron suspendidos.<\/p>\n\n\n\n<p>El primer cierre gubernamental del siglo XXI lo sufri\u00f3 el dem\u00f3crata Barack Obama y se extendi\u00f3 por un total de 17 d\u00edas entre el 1 y el 17 de octubre de 2013, originado por la negativa de la mayor\u00eda republicana en el Congreso a <strong>subir los impuestos a las rentas altas<\/strong> y a implementar la reforma sanitaria de Obama, conocida como \u201cObamacare\u201d.<\/p>\n\n\n\n<p>Fuente: <a href=\"https:\/\/www.elfinanciero.com.mx\/mundo\/2025\/10\/01\/eu-en-pausa-trump-provoca-otro-cierre-de-gobierno-y-revive-la-crisis-mas-larga-de-su-primer-mandato\/\" target=\"_blank\" rel=\"noreferrer noopener\">El Financiero<\/a><\/p>\n","protected":false},"excerpt":{"rendered":"<p>Ante la falta de un acuerdo en el Congreso para el presupuesto fiscal, se lleg\u00f3 a un nuevo cierre parcial del Gobierno de EU, que afecta servicios y revive la crisis m\u00e1s larga en el primer mandato de Trump.<\/p>\n","protected":false},"author":1,"featured_media":108067,"comment_status":"open","ping_status":"open","sticky":false,"template":"","format":"standard","meta":{"site-sidebar-layout":"default","site-content-layout":"","ast-site-content-layout":"default","site-content-style":"default","site-sidebar-style":"default","ast-global-header-display":"","ast-banner-title-visibility":"","ast-main-header-display":"","ast-hfb-above-header-display":"","ast-hfb-below-header-display":"","ast-hfb-mobile-header-display":"","site-post-title":"","ast-breadcrumbs-content":"","ast-featured-img":"","footer-sml-layout":"","theme-transparent-header-meta":"","adv-header-id-meta":"","stick-header-meta":"","header-above-stick-meta":"","header-main-stick-meta":"","header-below-stick-meta":"","astra-migrate-meta-layouts":"default","ast-page-background-enabled":"default","ast-page-background-meta":{"desktop":{"background-color":"var(--ast-global-color-4)","background-image":"","background-repeat":"repeat","background-position":"center center","background-size":"auto","background-attachment":"scroll","background-type":"","background-media":"","overlay-type":"","overlay-color":"","overlay-opacity":"","overlay-gradient":""},"tablet":{"background-color":"","background-image":"","background-repeat":"repeat","background-position":"center center","background-size":"auto","background-attachment":"scroll","background-type":"","background-media":"","overlay-type":"","overlay-color":"","overlay-opacity":"","overlay-gradient":""},"mobile":{"background-color":"","background-image":"","background-repeat":"repeat","background-position":"center center","background-size":"auto","background-attachment":"scroll","background-type":"","background-media":"","overlay-type":"","overlay-color":"","overlay-opacity":"","overlay-gradient":""}},"ast-content-background-meta":{"desktop":{"background-color":"var(--ast-global-color-5)","background-image":"","background-repeat":"repeat","background-position":"center center","background-size":"auto","background-attachment":"scroll","background-type":"","background-media":"","overlay-type":"","overlay-color":"","overlay-opacity":"","overlay-gradient":""},"tablet":{"background-color":"var(--ast-global-color-5)","background-image":"","background-repeat":"repeat","background-position":"center center","background-size":"auto","background-attachment":"scroll","background-type":"","background-media":"","overlay-type":"","overlay-color":"","overlay-opacity":"","overlay-gradient":""},"mobile":{"background-color":"var(--ast-global-color-5)","background-image":"","background-repeat":"repeat","background-position":"center center","background-size":"auto","background-attachment":"scroll","background-type":"","background-media":"","overlay-type":"","overlay-color":"","overlay-opacity":"","overlay-gradient":""}},"footnotes":""},"categories":[8],"tags":[42274,42276,42277,42275,10989],"class_list":["post-108066","post","type-post","status-publish","format-standard","has-post-thumbnail","hentry","category-noticias","tag-cierre-de-gobierno","tag-congreso-de-eu","tag-eu-en-pausa","tag-presupuesto-fiscal","tag-trump"],"_links":{"self":[{"href":"https:\/\/losperiodistas.com.mx\/portal\/wp-json\/wp\/v2\/posts\/108066","targetHints":{"allow":["GET"]}}],"collection":[{"href":"https:\/\/losperiodistas.com.mx\/portal\/wp-json\/wp\/v2\/posts"}],"about":[{"href":"https:\/\/losperiodistas.com.mx\/portal\/wp-json\/wp\/v2\/types\/post"}],"author":[{"embeddable":true,"href":"https:\/\/losperiodistas.com.mx\/portal\/wp-json\/wp\/v2\/users\/1"}],"replies":[{"embeddable":true,"href":"https:\/\/losperiodistas.com.mx\/portal\/wp-json\/wp\/v2\/comments?post=108066"}],"version-history":[{"count":1,"href":"https:\/\/losperiodistas.com.mx\/portal\/wp-json\/wp\/v2\/posts\/108066\/revisions"}],"predecessor-version":[{"id":108068,"href":"https:\/\/losperiodistas.com.mx\/portal\/wp-json\/wp\/v2\/posts\/108066\/revisions\/108068"}],"wp:featuredmedia":[{"embeddable":true,"href":"https:\/\/losperiodistas.com.mx\/portal\/wp-json\/wp\/v2\/media\/108067"}],"wp:attachment":[{"href":"https:\/\/losperiodistas.com.mx\/portal\/wp-json\/wp\/v2\/media?parent=108066"}],"wp:term":[{"taxonomy":"category","embeddable":true,"href":"https:\/\/losperiodistas.com.mx\/portal\/wp-json\/wp\/v2\/categories?post=108066"},{"taxonomy":"post_tag","embeddable":true,"href":"https:\/\/losperiodistas.com.mx\/portal\/wp-json\/wp\/v2\/tags?post=108066"}],"curies":[{"name":"wp","href":"https:\/\/api.w.org\/{rel}","templated":true}]}}