{"id":108060,"date":"2025-10-01T18:46:56","date_gmt":"2025-10-02T00:46:56","guid":{"rendered":"https:\/\/losperiodistas.com.mx\/portal\/?p=108060"},"modified":"2025-10-01T18:46:58","modified_gmt":"2025-10-02T00:46:58","slug":"israel-intercepta-varios-barcos-de-la-global-sumud-flotilla-para-gaza-tripulante-mexicana-pide-ayuda-a-sheinbaum-animal-politico","status":"publish","type":"post","link":"https:\/\/losperiodistas.com.mx\/portal\/israel-intercepta-varios-barcos-de-la-global-sumud-flotilla-para-gaza-tripulante-mexicana-pide-ayuda-a-sheinbaum-animal-politico\/","title":{"rendered":"Israel intercepta \u201cvarios barcos\u201d de la Global Sumud Flotilla para Gaza; tripulante mexicana pide ayuda a Sheinbaum | Animal Pol\u00edtico"},"content":{"rendered":"\n<p>\u00abGreta y sus amigos est\u00e1n sanos y salvos\u00bb, declar\u00f3 este mi\u00e9rcoles el Ministerio israel\u00ed de Relaciones Exteriores.<\/p>\n\n\n\n<figure class=\"wp-block-image size-large\"><img fetchpriority=\"high\" decoding=\"async\" width=\"1024\" height=\"682\" src=\"https:\/\/losperiodistas.com.mx\/portal\/wp-content\/uploads\/2025\/10\/flotilla-de-ayuda-para-Gaza-1024x682.png\" alt=\"\" class=\"wp-image-108061\" srcset=\"https:\/\/losperiodistas.com.mx\/portal\/wp-content\/uploads\/2025\/10\/flotilla-de-ayuda-para-Gaza-1024x682.png 1024w, https:\/\/losperiodistas.com.mx\/portal\/wp-content\/uploads\/2025\/10\/flotilla-de-ayuda-para-Gaza-300x200.png 300w, https:\/\/losperiodistas.com.mx\/portal\/wp-content\/uploads\/2025\/10\/flotilla-de-ayuda-para-Gaza-768x512.png 768w, https:\/\/losperiodistas.com.mx\/portal\/wp-content\/uploads\/2025\/10\/flotilla-de-ayuda-para-Gaza.png 1193w\" sizes=\"(max-width: 1024px) 100vw, 1024px\" \/><\/figure>\n\n\n\n<p class=\"has-vivid-red-color has-text-color has-link-color wp-elements-d5f054b8031e82888155f69a196de471\">Redacci\u00f3n \/ Animal Pol\u00edtico \/ AFP<\/p>\n\n\n\n<p>srael detuvo \u201cvarios barcos\u201d de la flotilla para Gaza sin incidentes, declar\u00f3 este mi\u00e9rcoles el Ministerio israel\u00ed de Relaciones Exteriores, despu\u00e9s de que los organizadores de la iniciativa humanitaria anunciaran que <strong>el grupo de nav\u00edos hab\u00eda sido interceptado por las fuerzas israel\u00edes.<\/strong><\/p>\n\n\n\n<p>\u201cVarios barcos de la flotilla (\u2026) fueron detenidos con total seguridad y sus pasajeros est\u00e1n siendo transferidos a un puerto israel\u00ed\u201d, indic\u00f3 el ministerio en X.<\/p>\n\n\n\n<p>\u201cGreta y sus amigos est\u00e1n sanos y salvos\u201d, agreg\u00f3 la canciller\u00eda, que incluy\u00f3 en la publicaci\u00f3n un breve video de la activista sueca Greta Thunberg recogiendo sus efectos personales, rodeada de hombres armados.<\/p>\n\n\n\n<figure class=\"wp-block-embed is-type-rich is-provider-twitter wp-block-embed-twitter\"><div class=\"wp-block-embed__wrapper\">\n<blockquote class=\"twitter-tweet\" data-width=\"500\" data-dnt=\"true\"><p lang=\"en\" dir=\"ltr\">Already several vessels of the Hamas-Sumud flotilla have been safely stopped and their passengers are being transferred to an Israeli port. <br>Greta and her friends are safe and healthy. <a href=\"https:\/\/t.co\/PA1ezier9s\">pic.twitter.com\/PA1ezier9s<\/a><\/p>&mdash; Israel Foreign Ministry (@IsraelMFA) <a href=\"https:\/\/twitter.com\/IsraelMFA\/status\/1973479557622899030?ref_src=twsrc%5Etfw\">October 1, 2025<\/a><\/blockquote><script async src=\"https:\/\/platform.twitter.com\/widgets.js\" charset=\"utf-8\"><\/script>\n<\/div><\/figure>\n\n\n\n<p>En un mensaje previo, el Ministerio de Israel acus\u00f3 que el \u201c\u00fanico prop\u00f3sito\u201d de la flotilla es la provocaci\u00f3n y se\u00f1al\u00f3 que hab\u00eda ofrecido entregar de forma pac\u00edfica cualquier tipo de ayuda.<\/p>\n\n\n\n<p>\u201cLa flotilla se neg\u00f3 porque no les interesa la ayuda, sino la provocaci\u00f3n\u201d, sostuvo en una publicaci\u00f3n en redes sociales. Adem\u00e1s, indic\u00f3 que se estaban acercando a una zona de combate activa.<\/p>\n\n\n\n<h2 class=\"wp-block-heading\">Mexicana pide ayuda a Sheinbaum<\/h2>\n\n\n\n<p>Arlin Medrano, una de las tripulantes mexicanas que iba en la flotilla para gaza, pidi\u00f3 ayuda a la presidenta Claudia Sheinbaum y al canciller Juan Ram\u00f3n de la Fuente tras ser interceptados por autoridades israel\u00eds.<\/p>\n\n\n\n<p>\u201cSolicito al gobierno mexicano, a la presidenta Claudia Sheinbaum, al secretario de Relaciones Exteriores, Juan Ram\u00f3n de la Fuente, que pueda regresar segura a casa\u201d, sentenci\u00f3.<\/p>\n\n\n\n<p>Asimismo, Arlin denunci\u00f3 en un video publicado en X que fueron interceptados en aguas internacionales de forma ilegal por Israel y que fueron trasladados sin su consentimiento a su territorio.<\/p>\n\n\n\n<figure class=\"wp-block-embed is-type-rich is-provider-twitter wp-block-embed-twitter\"><div class=\"wp-block-embed__wrapper\">\n<blockquote class=\"twitter-tweet\" data-width=\"500\" data-dnt=\"true\"><p lang=\"es\" dir=\"ltr\">La historia no somos nosotros. Recuerden en jam\u00e1s dejar de gritar por G*aza y cualquier injusticia del mundo, la verdad nos har\u00e1 libres. La revoluci\u00f3n de los pueblos del mundo es latente. <br><br>Venceremos AM. Regresar\u00e9. <a href=\"https:\/\/t.co\/AM2qOWETWt\">pic.twitter.com\/AM2qOWETWt<\/a><\/p>&mdash; Arlin Medrano (@arlinmedrano_) <a href=\"https:\/\/twitter.com\/arlinmedrano_\/status\/1973467175676792954?ref_src=twsrc%5Etfw\">October 1, 2025<\/a><\/blockquote><script async src=\"https:\/\/platform.twitter.com\/widgets.js\" charset=\"utf-8\"><\/script>\n<\/div><\/figure>\n\n\n\n<h1 class=\"wp-block-heading\">Petro expulsa a diplom\u00e1ticos de Israel en Colombia por detenci\u00f3n de flotilla<\/h1>\n\n\n\n<p>El presidente de Colombia, Gustavo Petro, expuls\u00f3 este mi\u00e9rcoles a la delegaci\u00f3n diplom\u00e1tica de Israel en Bogot\u00e1 despu\u00e9s de que la flotilla con ayuda humanitaria que viajaba rumbo a Gaza fuera interceptada por las fuerzas israel\u00edes.<\/p>\n\n\n\n<p>El mandatario izquierdista rompi\u00f3 las relaciones con Israel en 2024. Una fuente afirm\u00f3 a la AFP que la embajada se convirti\u00f3 en consulado tras esa medida y en la actualidad ten\u00eda 40 empleados, entre ellos cuatro israel\u00edes con estatus diplom\u00e1tico.<\/p>\n\n\n\n<p>Petro calific\u00f3 la detenci\u00f3n de la flotilla como <strong>un \u201ccrimen internacional\u201d y denunci\u00f3 que dos colombianas fueron \u201cdetenidas\u201d<\/strong>. La presidencia exigi\u00f3 a Israel su \u201cinmediata liberaci\u00f3n\u201d.<\/p>\n\n\n\n<p>Fuente: <a href=\"https:\/\/animalpolitico.com\/internacional\/israel-intercepta-global-sumud-flotilla-gaza-mexicana-ayuda-sheinbaum\" target=\"_blank\" rel=\"noreferrer noopener\">Animal Pol\u00edtico<\/a><\/p>\n","protected":false},"excerpt":{"rendered":"<p>\u00abGreta y sus amigos est\u00e1n sanos y salvos\u00bb, declar\u00f3 este mi\u00e9rcoles el Ministerio israel\u00ed de Relaciones Exteriores.<\/p>\n","protected":false},"author":1,"featured_media":108061,"comment_status":"open","ping_status":"open","sticky":false,"template":"","format":"standard","meta":{"site-sidebar-layout":"default","site-content-layout":"","ast-site-content-layout":"default","site-content-style":"default","site-sidebar-style":"default","ast-global-header-display":"","ast-banner-title-visibility":"","ast-main-header-display":"","ast-hfb-above-header-display":"","ast-hfb-below-header-display":"","ast-hfb-mobile-header-display":"","site-post-title":"","ast-breadcrumbs-content":"","ast-featured-img":"","footer-sml-layout":"","theme-transparent-header-meta":"","adv-header-id-meta":"","stick-header-meta":"","header-above-stick-meta":"","header-main-stick-meta":"","header-below-stick-meta":"","astra-migrate-meta-layouts":"default","ast-page-background-enabled":"default","ast-page-background-meta":{"desktop":{"background-color":"var(--ast-global-color-4)","background-image":"","background-repeat":"repeat","background-position":"center center","background-size":"auto","background-attachment":"scroll","background-type":"","background-media":"","overlay-type":"","overlay-color":"","overlay-opacity":"","overlay-gradient":""},"tablet":{"background-color":"","background-image":"","background-repeat":"repeat","background-position":"center center","background-size":"auto","background-attachment":"scroll","background-type":"","background-media":"","overlay-type":"","overlay-color":"","overlay-opacity":"","overlay-gradient":""},"mobile":{"background-color":"","background-image":"","background-repeat":"repeat","background-position":"center center","background-size":"auto","background-attachment":"scroll","background-type":"","background-media":"","overlay-type":"","overlay-color":"","overlay-opacity":"","overlay-gradient":""}},"ast-content-background-meta":{"desktop":{"background-color":"var(--ast-global-color-5)","background-image":"","background-repeat":"repeat","background-position":"center center","background-size":"auto","background-attachment":"scroll","background-type":"","background-media":"","overlay-type":"","overlay-color":"","overlay-opacity":"","overlay-gradient":""},"tablet":{"background-color":"var(--ast-global-color-5)","background-image":"","background-repeat":"repeat","background-position":"center center","background-size":"auto","background-attachment":"scroll","background-type":"","background-media":"","overlay-type":"","overlay-color":"","overlay-opacity":"","overlay-gradient":""},"mobile":{"background-color":"var(--ast-global-color-5)","background-image":"","background-repeat":"repeat","background-position":"center center","background-size":"auto","background-attachment":"scroll","background-type":"","background-media":"","overlay-type":"","overlay-color":"","overlay-opacity":"","overlay-gradient":""}},"footnotes":""},"categories":[8],"tags":[42271,42269,1171,25217,42270],"class_list":["post-108060","post","type-post","status-publish","format-standard","has-post-thumbnail","hentry","category-noticias","tag-arlin-medrano","tag-global-sumud","tag-greta-thunberg","tag-hamas-2","tag-ministerio-israeli"],"_links":{"self":[{"href":"https:\/\/losperiodistas.com.mx\/portal\/wp-json\/wp\/v2\/posts\/108060","targetHints":{"allow":["GET"]}}],"collection":[{"href":"https:\/\/losperiodistas.com.mx\/portal\/wp-json\/wp\/v2\/posts"}],"about":[{"href":"https:\/\/losperiodistas.com.mx\/portal\/wp-json\/wp\/v2\/types\/post"}],"author":[{"embeddable":true,"href":"https:\/\/losperiodistas.com.mx\/portal\/wp-json\/wp\/v2\/users\/1"}],"replies":[{"embeddable":true,"href":"https:\/\/losperiodistas.com.mx\/portal\/wp-json\/wp\/v2\/comments?post=108060"}],"version-history":[{"count":1,"href":"https:\/\/losperiodistas.com.mx\/portal\/wp-json\/wp\/v2\/posts\/108060\/revisions"}],"predecessor-version":[{"id":108062,"href":"https:\/\/losperiodistas.com.mx\/portal\/wp-json\/wp\/v2\/posts\/108060\/revisions\/108062"}],"wp:featuredmedia":[{"embeddable":true,"href":"https:\/\/losperiodistas.com.mx\/portal\/wp-json\/wp\/v2\/media\/108061"}],"wp:attachment":[{"href":"https:\/\/losperiodistas.com.mx\/portal\/wp-json\/wp\/v2\/media?parent=108060"}],"wp:term":[{"taxonomy":"category","embeddable":true,"href":"https:\/\/losperiodistas.com.mx\/portal\/wp-json\/wp\/v2\/categories?post=108060"},{"taxonomy":"post_tag","embeddable":true,"href":"https:\/\/losperiodistas.com.mx\/portal\/wp-json\/wp\/v2\/tags?post=108060"}],"curies":[{"name":"wp","href":"https:\/\/api.w.org\/{rel}","templated":true}]}}