{"id":107722,"date":"2025-09-26T09:00:28","date_gmt":"2025-09-26T15:00:28","guid":{"rendered":"https:\/\/losperiodistas.com.mx\/portal\/?p=107722"},"modified":"2025-09-26T09:00:30","modified_gmt":"2025-09-26T15:00:30","slug":"los-reyes-de-inglaterra-no-se-plegaron-a-trump-en-la-cena-de-gala-de-windsor-sino-a-los-visionarios-de-la-ia-no-es-la-mejor-de-las-noticias-vanity-fair","status":"publish","type":"post","link":"https:\/\/losperiodistas.com.mx\/portal\/los-reyes-de-inglaterra-no-se-plegaron-a-trump-en-la-cena-de-gala-de-windsor-sino-a-los-visionarios-de-la-ia-no-es-la-mejor-de-las-noticias-vanity-fair\/","title":{"rendered":"Los reyes de Inglaterra no se plegaron a Trump en la cena de gala de Windsor, sino a los visionarios de la IA. No es la mejor de las noticias | Vanity Fair"},"content":{"rendered":"\n<p class=\"has-background has-medium-font-size\" style=\"background-color:#d48df79e\">El viaje de Trump a Windsor en busca de pompa y circunstancia fue el pen\u00faltimo paso antes de un acuerdo comercial de 35.000 millones de euros con la IA como protagonista. Una tecnolog\u00eda que incluso su mayor profeta, Sam Altman, empieza a sospechar que no es buena para la gente o los inversores.<\/p>\n\n\n\n<figure class=\"wp-block-image size-large\"><img fetchpriority=\"high\" decoding=\"async\" width=\"1024\" height=\"576\" src=\"https:\/\/losperiodistas.com.mx\/portal\/wp-content\/uploads\/2025\/09\/GettyImages-2235418369-1024x576.jpeg\" alt=\"\" class=\"wp-image-107723\" srcset=\"https:\/\/losperiodistas.com.mx\/portal\/wp-content\/uploads\/2025\/09\/GettyImages-2235418369-1024x576.jpeg 1024w, https:\/\/losperiodistas.com.mx\/portal\/wp-content\/uploads\/2025\/09\/GettyImages-2235418369-300x169.jpeg 300w, https:\/\/losperiodistas.com.mx\/portal\/wp-content\/uploads\/2025\/09\/GettyImages-2235418369-768x432.jpeg 768w, https:\/\/losperiodistas.com.mx\/portal\/wp-content\/uploads\/2025\/09\/GettyImages-2235418369-1536x864.jpeg 1536w, https:\/\/losperiodistas.com.mx\/portal\/wp-content\/uploads\/2025\/09\/GettyImages-2235418369-2048x1152.jpeg 2048w\" sizes=\"(max-width: 1024px) 100vw, 1024px\" \/><figcaption class=\"wp-element-caption\">Sam Altman, de gala en WindsorPool\/Getty Images<\/figcaption><\/figure>\n\n\n\n<p class=\"has-vivid-red-color has-text-color has-link-color has-medium-font-size wp-elements-d45267204a9ff0f4cb39cca4c5765085\"><strong>Por\u00a0<a href=\"https:\/\/www.revistavanityfair.es\/autor\/JAVI-S-NCHEZ\">JAVI S\u00c1NCHEZ<\/a> \/ Vanity Fair<\/strong><\/p>\n\n\n\n<p>Entre toda la pompa y circunstancia con la que la realeza inglesa sepult\u00f3 a los Trump en su visita a Windsor \u2013y s\u00f3lo a Windsor, con Londres tomada por las protestas\u2013 hubo un aspecto que pas\u00f3 un tanto desapercibido. Y no hablamos&nbsp;<a href=\"https:\/\/www.revistavanityfair.es\/articulos\/kate-middleton-looks-belleza-visita-trump-ojos-ahumados-ondas-manicura\">del despliegue de Kate Middleton<\/a>&nbsp;o de&nbsp;<a href=\"https:\/\/www.revistavanityfair.es\/articulos\/kate-middleton-reina-camilla-melania-cena-gala-trump-windsor\">la tiara de la princesa Ana de Inglaterra<\/a>&nbsp;Sino de los invitados del sector tecnol\u00f3gico presentes en la noche de gala: un qui\u00e9n es qui\u00e9n de la inteligencia artificial (IA), que demuestra hasta qu\u00e9 punto el nuevo\/viejo Silicon Valley est\u00e1 embebido en las estructuras de poder.<\/p>\n\n\n\n<p>All\u00ed estaba&nbsp;<a href=\"https:\/\/www.newstatesman.com\/culture\/books\/book-of-the-day\/2025\/04\/jensen-huang-man-who-powers-ai-nvidia\" rel=\"noreferrer noopener\" target=\"_blank\"><strong>Jensen Huang<\/strong>, el CEO de Nvidia<\/a>, que hoy es la mayor empresa del planeta con sus chips para IA.&nbsp;<strong>Satya Nadella<\/strong>, el responsable de una Microsoft que, adem\u00e1s de haber sostenido a OpenAI y su ChatGPT,&nbsp;<a href=\"https:\/\/www.vanityfair.com\/style\/story\/microsoft-ceo-satya-nadella-explains-how-hes-making-himself-obsolete-with-ai?srsltid=AfmBOoqdnIE4J6wMw-_1s_pg5gtajlAO2BQ9q3Jy4nH0xywqfwIUqgRX\">ha apostado todo al desarrollo (y empleo) de su propia IA<\/a>.&nbsp;<strong>Tim Cook<\/strong>, Mr. Apple, que este verano promet\u00eda a inversores y analistas que su empresa ten\u00eda previstas importantes inversiones&nbsp;<a href=\"https:\/\/techcrunch.com\/2025\/08\/02\/tim-cook-reportedly-tells-employees-apple-must-win-in-ai\/\" rel=\"noreferrer noopener\" target=\"_blank\">para \u201cganar\u201d la carrera de la inteligencia artificial<\/a>.&nbsp;<a href=\"https:\/\/www.vanityfair.com\/video\/watch\/google-new-cfo-ruth-porat-shares-her-vision?srsltid=AfmBOooGksZ-EyCZwj1OuLw0oee0LL0f1u57-47RWQnIzj4-wufn5BwO\"><strong>Ruth Porat<\/strong>, presidenta de Alphabet<\/a>, la matriz de Google, que ya no quiere ser un buscador de webs sino un motor de inteligencia artificial presente en cada aspecto de nuestras vidas, acompa\u00f1ada del principal encargado de realizar esa visi\u00f3n,&nbsp;<strong>Demis Hassabis<\/strong>, responsable de Google DeepMind.<\/p>\n\n\n\n<p>Dicho de otro modo:&nbsp;<strong>los cuatro responsables de las cuatro mayores empresas del planeta<\/strong>, todas enfocadas hoy de un modo u otro a que la inteligencia artificial sea para el mundo lo que en sus respectivos d\u00edas fueron los ordenadores personales, Internet y los m\u00f3viles inteligentes. Junto a ellos,&nbsp;<a href=\"https:\/\/www.revistavanityfair.es\/articulos\/sam-altman-el-hombre-que-tiene-en-sus-manos-el-futuro-de-la-humanidad-obsesionado-con-el-apocalipsis-discipulo-de-un-ciberbudista-y-con-nada-que-ganar-economicamente-con-openai\">Sam Altman<\/a>, el hombre que hace dos a\u00f1os ya ten\u00eda a&nbsp;<a href=\"https:\/\/www.newtral.es\/cuantos-usuarios-chatgpt-espana-generacion-z\/20231205\/#:~:text=Un%20estudio%20realizado%20por%20la,antes%2C%20en%20diciembre%20de%202022.\" rel=\"noreferrer noopener\" target=\"_blank\">cuatro millones de espa\u00f1oles trasteando con ChatGPT<\/a>&nbsp;(los \u00faltimos datos del Gobierno estimaban que&nbsp;<a href=\"https:\/\/www.ontsi.es\/es\/publicaciones\/indicadores-de-uso-de-inteligencia-artificial-en-espana-2024\" rel=\"noreferrer noopener\" target=\"_blank\">cerca del 42% de nuestra poblaci\u00f3n ha usado alguna forma de IA<\/a>) y que hoy anda asociado al hombre m\u00e1s rico del mundo,&nbsp;<strong>Larry Ellison<\/strong>, ausente en Windsor. O&nbsp;<strong>Marc Benioff<\/strong>, responsable de Salesforce, otro gigante entregado a la IA, que estaba en Inglaterra para firmar un contrato milmillonario. Todos bajo la atenta mirada del \u201ccriptozar\u201d de Trump. Los reyes de Inglaterra, los pr\u00edncipes de Gales, el despliegue de nobleza y boato, eran la guinda en uno de los mayores despliegues empresariales entre el Reino Unido y Estados Unidos,&nbsp;<a href=\"https:\/\/www.gov.uk\/government\/news\/us-uk-pact-will-boost-advances-in-drug-discovery-create-tens-of-thousands-of-jobs-and-transform-lives\" rel=\"noreferrer noopener\" target=\"_blank\">valorado en m\u00e1s de 35.000 millones de euros<\/a>, y centrado en un \u00fanico aspecto:&nbsp;<a href=\"https:\/\/news.sky.com\/story\/trump-to-sign-us-uk-tech-partnership-in-drive-for-ai-13432253\" rel=\"noreferrer noopener\" target=\"_blank\">la IA, sus infraestructuras y servicios<\/a>.<\/p>\n\n\n\n<p>Todos esos gigantes tecnol\u00f3gicos, adem\u00e1s de otros como el fundador de Meta&nbsp;<strong>Mark Zuckerberg<\/strong>, el CEO de Amazon&nbsp;<strong>Andy Jassy<\/strong>&nbsp;y el propio Ellison hab\u00edan estado en una cena en la Casa Blanca a principios de septiembre en una alianza que&nbsp;<strong>Katie Drummond<\/strong>, la directora global de&nbsp;<em>Wired<\/em>,&nbsp;<a href=\"https:\/\/www.wired.com\/politics-issue\/\">ha denominado<\/a>&nbsp;\u201cel cortocircuito de la democracia\u201d.&nbsp;<strong>Elon Musk<\/strong>, alejado hoy de su examigo Trump pero con grandes intereses propios en la IA desde&nbsp;<a href=\"https:\/\/www.vanityfair.com\/news\/story\/elon-musk-sam-altman-ai-fight?srsltid=AfmBOoqFOL9Ntsn6pLWNHfgb399Un8UNUp8fPojiY0IIoE7k-xi2Y6Lr\">su separaci\u00f3n de Sam Altman<\/a>, fue el \u00fanico gran CEO ausente de la ceremonia.<\/p>\n\n\n\n<p class=\"has-ast-global-color-4-background-color has-background\">Lo m\u00e1s visto<\/p>\n\n\n\n<ul class=\"wp-block-list\">\n<li><a href=\"https:\/\/www.revistavanityfair.es\/articulos\/maxima-holanda-princesa-amalia-encuentro-bill-gates-nueva-york#intcid=_vanity-fair-es-right-rail_dac6189b-a61b-4441-88d7-aa7a2c008c56_popular4-2\"><\/a><a href=\"https:\/\/www.revistavanityfair.es\/articulos\/maxima-holanda-princesa-amalia-encuentro-bill-gates-nueva-york#intcid=_vanity-fair-es-right-rail_dac6189b-a61b-4441-88d7-aa7a2c008c56_popular4-2\"><\/a><a href=\"https:\/\/www.revistavanityfair.es\/articulos\/maxima-holanda-princesa-amalia-encuentro-bill-gates-nueva-york#intcid=_vanity-fair-es-right-rail_dac6189b-a61b-4441-88d7-aa7a2c008c56_popular4-2\"><\/a>Realeza<a href=\"https:\/\/www.revistavanityfair.es\/articulos\/maxima-holanda-princesa-amalia-encuentro-bill-gates-nueva-york#intcid=_vanity-fair-es-right-rail_dac6189b-a61b-4441-88d7-aa7a2c008c56_popular4-2\"><\/a><a href=\"https:\/\/www.revistavanityfair.es\/articulos\/maxima-holanda-princesa-amalia-encuentro-bill-gates-nueva-york#intcid=_vanity-fair-es-right-rail_dac6189b-a61b-4441-88d7-aa7a2c008c56_popular4-2\">M\u00e1xima de Holanda (con mono de tweed y maxipendientes) y la princesa Amalia (con look neoyorquino): paseo por Times Square y reuni\u00f3n con Bill Gates<\/a>Por\u00a0Marta Mart\u00ednez Tato<\/li>\n\n\n\n<li><a href=\"https:\/\/www.revistavanityfair.es\/articulos\/supe-que-estabas-destinado-a-la-grandeza-madonna-felicita-a-su-hijo-por-su-20-cumpleanos#intcid=_vanity-fair-es-right-rail_dac6189b-a61b-4441-88d7-aa7a2c008c56_popular4-2\"><\/a><a href=\"https:\/\/www.revistavanityfair.es\/articulos\/supe-que-estabas-destinado-a-la-grandeza-madonna-felicita-a-su-hijo-por-su-20-cumpleanos#intcid=_vanity-fair-es-right-rail_dac6189b-a61b-4441-88d7-aa7a2c008c56_popular4-2\"><\/a><a href=\"https:\/\/www.revistavanityfair.es\/articulos\/supe-que-estabas-destinado-a-la-grandeza-madonna-felicita-a-su-hijo-por-su-20-cumpleanos#intcid=_vanity-fair-es-right-rail_dac6189b-a61b-4441-88d7-aa7a2c008c56_popular4-2\"><\/a>Celebrities<a href=\"https:\/\/www.revistavanityfair.es\/articulos\/supe-que-estabas-destinado-a-la-grandeza-madonna-felicita-a-su-hijo-por-su-20-cumpleanos#intcid=_vanity-fair-es-right-rail_dac6189b-a61b-4441-88d7-aa7a2c008c56_popular4-2\"><\/a><a href=\"https:\/\/www.revistavanityfair.es\/articulos\/supe-que-estabas-destinado-a-la-grandeza-madonna-felicita-a-su-hijo-por-su-20-cumpleanos#intcid=_vanity-fair-es-right-rail_dac6189b-a61b-4441-88d7-aa7a2c008c56_popular4-2\">\u201cSupe que estabas destinado a la grandeza\u201d: Madonna felicita a su hijo por su 20\u00ba cumplea\u00f1os<\/a>Por\u00a0Marita Alonso<\/li>\n\n\n\n<li><a href=\"https:\/\/www.revistavanityfair.es\/articulos\/sarah-ferguson-esquivo-lo-peor-del-escandalo-epstein-pero-un-correo-electronico#intcid=_vanity-fair-es-right-rail_dac6189b-a61b-4441-88d7-aa7a2c008c56_popular4-2\"><\/a><a href=\"https:\/\/www.revistavanityfair.es\/articulos\/sarah-ferguson-esquivo-lo-peor-del-escandalo-epstein-pero-un-correo-electronico#intcid=_vanity-fair-es-right-rail_dac6189b-a61b-4441-88d7-aa7a2c008c56_popular4-2\"><\/a><a href=\"https:\/\/www.revistavanityfair.es\/articulos\/sarah-ferguson-esquivo-lo-peor-del-escandalo-epstein-pero-un-correo-electronico#intcid=_vanity-fair-es-right-rail_dac6189b-a61b-4441-88d7-aa7a2c008c56_popular4-2\"><\/a>Realeza<a href=\"https:\/\/www.revistavanityfair.es\/articulos\/sarah-ferguson-esquivo-lo-peor-del-escandalo-epstein-pero-un-correo-electronico#intcid=_vanity-fair-es-right-rail_dac6189b-a61b-4441-88d7-aa7a2c008c56_popular4-2\"><\/a><a href=\"https:\/\/www.revistavanityfair.es\/articulos\/sarah-ferguson-esquivo-lo-peor-del-escandalo-epstein-pero-un-correo-electronico#intcid=_vanity-fair-es-right-rail_dac6189b-a61b-4441-88d7-aa7a2c008c56_popular4-2\">Sarah Ferguson esquiv\u00f3 lo peor del esc\u00e1ndalo Epstein, pero un correo electr\u00f3nico le est\u00e1 pasando factura<\/a>Por\u00a0Erin Vanderhoof<\/li>\n<\/ul>\n\n\n\n<p><\/p>\n\n\n\n<p>El resto de Europa, incluyendo Espa\u00f1a (que tiene comprometidos varios centros de datos e&nbsp;<a href=\"https:\/\/emprendedores.es\/inteligencia-artificial\/inversion-ia-espana\/#:~:text=Espa%C3%B1a%20ocupa%20la%20quinta%20posici%C3%B3n,de%202%20billones%20de%20euros.\" rel=\"noreferrer noopener\" target=\"_blank\">inversiones por valor de 2.000 millones de euros<\/a>&nbsp;para el desarrollo de la tecnolog\u00eda) tambi\u00e9n est\u00e1n en la carrera para no quedar descolgados de una tecnolog\u00eda de la que todav\u00eda no est\u00e1n muy claros sus beneficios generales. Un reciente informe del MIT se\u00f1alaba que el 95% de las empresas que estaban apostando por la IA no estaban obteniendo los retornos esperados. Los inversores muestran se\u00f1ales desde este verano de algo llamado&nbsp;<a href=\"https:\/\/www.nasdaq.com\/articles\/ai-fatigue-hits-tech-biggies-inverse-etfs-focus\" rel=\"noreferrer noopener\" target=\"_blank\">\u201cfatiga de IA\u201d<\/a>&nbsp;\u2013producida al no cumplirse las promesas ni los beneficios esperados\u2013 y el mayor gur\u00fa del mundo de esta tecnolog\u00eda, Sam Altman, no ha contribuido precisamente a mantener la calma.<\/p>\n\n\n\n<p>\u201cSi te fijas en la mayor parte de las burbujas [econ\u00f3micas], como la tecnol\u00f3gica [<a href=\"https:\/\/www.expansion.com\/especiales\/20aniversario\/20economicos\/burbuja.html\" rel=\"noreferrer noopener\" target=\"_blank\">la burbuja puntocom<\/a>] siempre hay algo real ah\u00ed\u201d, aseveraba Altman&nbsp;<a href=\"https:\/\/www.theverge.com\/command-line-newsletter\/759897\/sam-altman-chatgpt-openai-social-media-google-chrome-interview\" rel=\"noreferrer noopener\" target=\"_blank\">a&nbsp;<em>The Verge<\/em><\/a>&nbsp;a principios de agosto. \u201cLa tecnolog\u00eda era de verdad importante. Internet era algo muy importante. La gente se sobreexcit\u00f3\u201d, explicaba el l\u00edder de OpenAI, reconociendo que lo que hay alrededor de la IA es, posiblemente, una burbuja. El 4 de septiembre, horas antes de la cena en la Casa Blanca, su empresa publicaba un estudio en el que reconoc\u00eda que las \u201calucinaciones\u201d \u2013esas cosas que se inventan las inteligencias artificiales actuales, desde la b\u00fasqueda de Google hasta ChatGPT\u2013&nbsp;<a href=\"https:\/\/cdn.openai.com\/pdf\/d04913be-3f6f-4d2b-b283-ff432ef4aaa5\/why-language-models-hallucinate.pdf\" rel=\"noreferrer noopener\" target=\"_blank\">no eran un fallo de dise\u00f1o, sino \u201cuna inevitabilidad matem\u00e1tica\u201d<\/a>. El 14 de septiembre,&nbsp;<a href=\"https:\/\/elpais.com\/tecnologia\/2025-09-14\/la-conspiracion-de-la-internet-muerta-cobra-fuerza-con-la-irrupcion-de-contenidos-generados-por-la-ia.html\" rel=\"noreferrer noopener\" target=\"_blank\">Altman daba por buena en parte la teor\u00eda de \u00abla Internet muerta\u00bb<\/a>, donde las inteligencias artificiales producen contenido incesante de calidad como m\u00ednimo cuestionable, sepultando la Internet humana en un vertido de basura binaria.<\/p>\n\n\n\n<p>\u00bfLos \u00fanicos beneficiados del estado actual de la IA? Los timadores, los desinformadores, los Gobiernos y actores que ven en la IA la herramienta perfecta de desinformaci\u00f3n: barata, ubicua, cada vez m\u00e1s indistinguible de lo real. Uno de los&nbsp;<a href=\"https:\/\/iberifier.eu\/2025\/07\/31\/spain-portugal-fact-checking-brief-q2-march-may-2025\/\" rel=\"noreferrer noopener\" target=\"_blank\">\u00faltimos informes del verificador Iberifier<\/a>&nbsp;se\u00f1alaba estos y m\u00e1s problemas: \u00abinjerencias electorales\u00bb, \u201cfalsas pol\u00e9micas pol\u00edticas\u201d, y un largo etc\u00e9tera donde el ciudadano es el menos beneficiado de este avance tecnol\u00f3gico. Cuando Trump promueve la inteligencia artificial y se rodea de los mandamases de una burbuja en ciernes, ha llevado a muchos observadores del panorama tecnol\u00f3gico a preguntarse lo mismo que Drummond: \u201c\u00bfQu\u00e9 demonios ha pasado en Silicon Valley? (\u2026) La \u00fanica pregunta ahora es si esta apuesta [de los CEO] para apaciguar a Trump es s\u00f3lo una t\u00e1ctica empresarial, o si implica un giro ideol\u00f3gico mucho m\u00e1s siniestro\u201d. Iluminado, eso s\u00ed, por el brillo de las tiaras y las joyas en Windsor. Y en el resto de centros de poder, rendidos al hechizo de esa tecnolog\u00eda que supuestamente, alg\u00fan d\u00eda, ma\u00f1ana, en cinco a\u00f1os \u2013el plazo favorito de los empresarios tecnol\u00f3gicos cuando hay dinero y promesas por cumplir en juego: cinco a\u00f1os. Como en la URSS\u2013 lo va a cambiar todo para bien. Pero para bien de qui\u00e9n.<\/p>\n\n\n\n<p>Fuente: <a href=\"https:\/\/www.revistavanityfair.es\/articulos\/visionarios-de-la-ia-poder-influencia-sam-altman-larry-ellison-opinion\">https:\/\/www.revistavanityfair.es\/articulos\/visionarios-de-la-ia-poder-influencia-sam-altman-larry-ellison-opinion<\/a><\/p>\n","protected":false},"excerpt":{"rendered":"<p>El viaje de Trump a Windsor en busca de pompa y circunstancia fue el pen\u00faltimo paso antes de un acuerdo [&hellip;]<\/p>\n","protected":false},"author":1,"featured_media":107723,"comment_status":"open","ping_status":"open","sticky":false,"template":"","format":"standard","meta":{"site-sidebar-layout":"default","site-content-layout":"","ast-site-content-layout":"default","site-content-style":"default","site-sidebar-style":"default","ast-global-header-display":"","ast-banner-title-visibility":"","ast-main-header-display":"","ast-hfb-above-header-display":"","ast-hfb-below-header-display":"","ast-hfb-mobile-header-display":"","site-post-title":"","ast-breadcrumbs-content":"","ast-featured-img":"","footer-sml-layout":"","theme-transparent-header-meta":"","adv-header-id-meta":"","stick-header-meta":"","header-above-stick-meta":"","header-main-stick-meta":"","header-below-stick-meta":"","astra-migrate-meta-layouts":"default","ast-page-background-enabled":"default","ast-page-background-meta":{"desktop":{"background-color":"var(--ast-global-color-4)","background-image":"","background-repeat":"repeat","background-position":"center center","background-size":"auto","background-attachment":"scroll","background-type":"","background-media":"","overlay-type":"","overlay-color":"","overlay-opacity":"","overlay-gradient":""},"tablet":{"background-color":"","background-image":"","background-repeat":"repeat","background-position":"center center","background-size":"auto","background-attachment":"scroll","background-type":"","background-media":"","overlay-type":"","overlay-color":"","overlay-opacity":"","overlay-gradient":""},"mobile":{"background-color":"","background-image":"","background-repeat":"repeat","background-position":"center center","background-size":"auto","background-attachment":"scroll","background-type":"","background-media":"","overlay-type":"","overlay-color":"","overlay-opacity":"","overlay-gradient":""}},"ast-content-background-meta":{"desktop":{"background-color":"var(--ast-global-color-5)","background-image":"","background-repeat":"repeat","background-position":"center center","background-size":"auto","background-attachment":"scroll","background-type":"","background-media":"","overlay-type":"","overlay-color":"","overlay-opacity":"","overlay-gradient":""},"tablet":{"background-color":"var(--ast-global-color-5)","background-image":"","background-repeat":"repeat","background-position":"center center","background-size":"auto","background-attachment":"scroll","background-type":"","background-media":"","overlay-type":"","overlay-color":"","overlay-opacity":"","overlay-gradient":""},"mobile":{"background-color":"var(--ast-global-color-5)","background-image":"","background-repeat":"repeat","background-position":"center center","background-size":"auto","background-attachment":"scroll","background-type":"","background-media":"","overlay-type":"","overlay-color":"","overlay-opacity":"","overlay-gradient":""}},"footnotes":""},"categories":[8],"tags":[20553,42133],"class_list":["post-107722","post","type-post","status-publish","format-standard","has-post-thumbnail","hentry","category-noticias","tag-sam-altman","tag-trump-en-windsor"],"_links":{"self":[{"href":"https:\/\/losperiodistas.com.mx\/portal\/wp-json\/wp\/v2\/posts\/107722","targetHints":{"allow":["GET"]}}],"collection":[{"href":"https:\/\/losperiodistas.com.mx\/portal\/wp-json\/wp\/v2\/posts"}],"about":[{"href":"https:\/\/losperiodistas.com.mx\/portal\/wp-json\/wp\/v2\/types\/post"}],"author":[{"embeddable":true,"href":"https:\/\/losperiodistas.com.mx\/portal\/wp-json\/wp\/v2\/users\/1"}],"replies":[{"embeddable":true,"href":"https:\/\/losperiodistas.com.mx\/portal\/wp-json\/wp\/v2\/comments?post=107722"}],"version-history":[{"count":1,"href":"https:\/\/losperiodistas.com.mx\/portal\/wp-json\/wp\/v2\/posts\/107722\/revisions"}],"predecessor-version":[{"id":107724,"href":"https:\/\/losperiodistas.com.mx\/portal\/wp-json\/wp\/v2\/posts\/107722\/revisions\/107724"}],"wp:featuredmedia":[{"embeddable":true,"href":"https:\/\/losperiodistas.com.mx\/portal\/wp-json\/wp\/v2\/media\/107723"}],"wp:attachment":[{"href":"https:\/\/losperiodistas.com.mx\/portal\/wp-json\/wp\/v2\/media?parent=107722"}],"wp:term":[{"taxonomy":"category","embeddable":true,"href":"https:\/\/losperiodistas.com.mx\/portal\/wp-json\/wp\/v2\/categories?post=107722"},{"taxonomy":"post_tag","embeddable":true,"href":"https:\/\/losperiodistas.com.mx\/portal\/wp-json\/wp\/v2\/tags?post=107722"}],"curies":[{"name":"wp","href":"https:\/\/api.w.org\/{rel}","templated":true}]}}