{"id":107716,"date":"2025-09-26T08:42:33","date_gmt":"2025-09-26T14:42:33","guid":{"rendered":"https:\/\/losperiodistas.com.mx\/portal\/?p=107716"},"modified":"2025-09-26T08:42:34","modified_gmt":"2025-09-26T14:42:34","slug":"dea-revela-que-el-cartel-de-sinaloa-lavo-millones-en-bancos-de-eeuu-tras-acusar-a-26-de-sus-lideres-en-illinois-infobae","status":"publish","type":"post","link":"https:\/\/losperiodistas.com.mx\/portal\/dea-revela-que-el-cartel-de-sinaloa-lavo-millones-en-bancos-de-eeuu-tras-acusar-a-26-de-sus-lideres-en-illinois-infobae\/","title":{"rendered":"DEA revela que el C\u00e1rtel de Sinaloa \u201clav\u00f3 millones\u201d en bancos de EEUU tras acusar a 26 de sus l\u00edderes en Illinois | Infobae"},"content":{"rendered":"\n<h2 class=\"wp-block-heading\">El administrador Terrance Cole se\u00f1al\u00f3 que este modus operandi de los 26 narcotraficantes acusados en una corte federal ha llenado de ganancias il\u00edcitas el sistema financiero de la Uni\u00f3n Americana<\/h2>\n\n\n\n<figure class=\"wp-block-image size-full\"><img fetchpriority=\"high\" decoding=\"async\" width=\"992\" height=\"558\" src=\"https:\/\/losperiodistas.com.mx\/portal\/wp-content\/uploads\/2025\/09\/PLLTBADC3JFGVLUP3FPXRR46GQ-copia.jpg\" alt=\"\" class=\"wp-image-107717\" srcset=\"https:\/\/losperiodistas.com.mx\/portal\/wp-content\/uploads\/2025\/09\/PLLTBADC3JFGVLUP3FPXRR46GQ-copia.jpg 992w, https:\/\/losperiodistas.com.mx\/portal\/wp-content\/uploads\/2025\/09\/PLLTBADC3JFGVLUP3FPXRR46GQ-copia-300x169.jpg 300w, https:\/\/losperiodistas.com.mx\/portal\/wp-content\/uploads\/2025\/09\/PLLTBADC3JFGVLUP3FPXRR46GQ-copia-768x432.jpg 768w\" sizes=\"(max-width: 992px) 100vw, 992px\" \/><figcaption class=\"wp-element-caption\">El administrador de la DEA, Terrance Cole, se\u00f1al\u00f3 que el C\u00e1rtel de Sinaloa fue parte del tr\u00e1fico de distintas drogas y el manejo de dinero il\u00edcito en millones desde bancos en Estados Unidos | Infobae M\u00e9xico<\/figcaption><\/figure>\n\n\n\n<p class=\"has-vivid-red-color has-text-color has-link-color has-medium-font-size wp-elements-99941f5d7621c9815896617ae673410c\"><strong>Por Diego Mendoza L\u00f3pez \/ Infobae<\/strong><\/p>\n\n\n\n<p>El titular de la agencia para la&nbsp;<strong>Administraci\u00f3n y Control de Drogas&nbsp;<\/strong>de Estados Unidos(<strong>DEA<\/strong>&nbsp;por sus siglas en ingl\u00e9s),&nbsp;<strong>Terrance Cole<\/strong>, revel\u00f3 que los&nbsp;<strong>26 integrantes de alto perfil del C\u00e1rtel de Sinaloa acusados en Illinois<\/strong>&nbsp;no solo traficaban toneladas de fentanilo, metanfetamina y coca\u00edna hacia el Medio Oeste de Estados Unidos, sino tambi\u00e9n mov\u00edan millones de d\u00f3lares en ganancias il\u00edcitas a trav\u00e9s de bancos estadounidensesal utilizar complejos esquemas de<a rel=\"noreferrer noopener\" href=\"https:\/\/www.infobae.com\/mexico\/2025\/09\/24\/eeuu-acusa-a-26-miembros-del-cartel-de-sinaloa-de-alto-perfil-por-trafico-de-drogas-y-lavado-de-dinero-hacia-mexico\/\" target=\"_blank\"><strong>&nbsp;lavado de dinero<\/strong><\/a>.<\/p>\n\n\n\n<p><a href=\"https:\/\/www.infobae.com\/mexico\/2025\/10\/02\/cae-en-morelos-el-guero-familiar-de-los-lideres-del-cartel-de-santa-rosa-de-lima-ligado-a-50-extorsiones\/\" target=\"_blank\" rel=\"noreferrer noopener\"><\/a><\/p>\n\n\n\n<figure class=\"wp-block-image\"><a href=\"https:\/\/www.infobae.com\/mexico\/2025\/10\/02\/cae-en-morelos-el-guero-familiar-de-los-lideres-del-cartel-de-santa-rosa-de-lima-ligado-a-50-extorsiones\/\" target=\"_blank\" rel=\"noreferrer noopener\"><img decoding=\"async\" src=\"https:\/\/www.infobae.com\/resizer\/v2\/YGXD2TFWN5GFRMVD5JV2JY63FM.png?auth=fc7461597ee3eda80c6eafeb66b7fcc49de5b3a0062137b633ad3839952986a1&amp;smart=true&amp;width=256&amp;height=140&amp;quality=85\" alt=\"Cae en Morelos \u201cEl G\u00fcero\u201d, familiar de los l\u00edderes del C\u00e1rtel de Santa Rosa de Lima ligado a 50 extorsiones\"\/><\/a><\/figure>\n\n\n\n<p><a href=\"https:\/\/www.infobae.com\/mexico\/2025\/10\/02\/cae-en-morelos-el-guero-familiar-de-los-lideres-del-cartel-de-santa-rosa-de-lima-ligado-a-50-extorsiones\/\" target=\"_blank\" rel=\"noreferrer noopener\">Te puede interesar:<strong>Cae en Morelos \u201cEl G\u00fcero\u201d, familiar de los l\u00edderes del C\u00e1rtel de Santa Rosa de Lima ligado a 50 extorsiones<\/strong><\/a><a href=\"https:\/\/www.infobae.com\/mexico\/2025\/10\/02\/cae-en-morelos-el-guero-familiar-de-los-lideres-del-cartel-de-santa-rosa-de-lima-ligado-a-50-extorsiones\/\" target=\"_blank\" rel=\"noreferrer noopener\"><\/a><\/p>\n\n\n\n<p>\u201cEsto no es una operaci\u00f3n callejera. Se trata de una estructura criminal que ha inundado nuestras comunidades con drogas y ha penetrado el sistema financiero con millones en ganancias il\u00edcitas\u201d, advirti\u00f3 Cole al presentar los resultados de la investigaci\u00f3n.<\/p>\n\n\n\n<p>En ese contexto, el&nbsp;<strong>Departamento de Justicia de Estados Unidos<\/strong>&nbsp;confirm\u00f3 que la<a rel=\"noreferrer noopener\" href=\"https:\/\/www.infobae.com\/mexico\/2025\/09\/24\/actividades-del-cartel-sinaloa-son-para-financiar-terrorismo-en-eeuu-acusa-fiscal-pamela-bondi\/\" target=\"_blank\">&nbsp;<strong>Corte del Distrito Sur de Illinois<\/strong>&nbsp;<\/a>present\u00f3 cargos contra los 26 sujetos, acusados de narcotr\u00e1fico y lavado de dinero. La fiscal general Pamela Bondi asegur\u00f3 que esta acusaci\u00f3n representa \u201cun duro golpe a la infraestructura de esta organizaci\u00f3n terrorista\u201d, al vincular directamente al grupo con actos de \u201cnarcoterrorismo\u201d contra Estados Unidos.<\/p>\n\n\n\n<p><a href=\"https:\/\/www.infobae.com\/mexico\/2025\/09\/25\/decomisan-un-monstruo-todoterreno-con-arsenal-de-armas-largas-y-equipo-tactico-en-concordia-sinaloa\/\" target=\"_blank\" rel=\"noreferrer noopener\"><\/a><\/p>\n\n\n\n<figure class=\"wp-block-image\"><a href=\"https:\/\/www.infobae.com\/mexico\/2025\/09\/25\/decomisan-un-monstruo-todoterreno-con-arsenal-de-armas-largas-y-equipo-tactico-en-concordia-sinaloa\/\" target=\"_blank\" rel=\"noreferrer noopener\"><img decoding=\"async\" src=\"https:\/\/www.infobae.com\/resizer\/v2\/XBF3TNFDKFARVDVP6BLMFM4BB4.jpg?auth=f8c8a0d48763cb93910b733d0f6e99e0259077d17ae7ed53c4f00fc6b47d5937&amp;smart=true&amp;width=256&amp;height=140&amp;quality=85\" alt=\"Decomisan un \u201cmonstruo\u201d todoterreno con arsenal de armas largas y equipo t\u00e1ctico en Concordia, Sinaloa\"\/><\/a><\/figure>\n\n\n\n<p><a href=\"https:\/\/www.infobae.com\/mexico\/2025\/09\/25\/decomisan-un-monstruo-todoterreno-con-arsenal-de-armas-largas-y-equipo-tactico-en-concordia-sinaloa\/\" target=\"_blank\" rel=\"noreferrer noopener\">Te puede interesar:<strong>Decomisan un \u201cmonstruo\u201d todoterreno con arsenal de armas largas y equipo t\u00e1ctico en Concordia, Sinaloa<\/strong><\/a><a href=\"https:\/\/www.infobae.com\/mexico\/2025\/09\/25\/decomisan-un-monstruo-todoterreno-con-arsenal-de-armas-largas-y-equipo-tactico-en-concordia-sinaloa\/\" target=\"_blank\" rel=\"noreferrer noopener\"><\/a><img decoding=\"async\" alt=\"Cole se\u00f1al\u00f3 que estas transacciones\" height=\"3423\" src=\"https:\/\/www.infobae.com\/resizer\/v2\/3MLQ2YFO6NAIRLGLGKLOOZORH4.JPG?auth=9ba391e6249bafac602e68a3a13809ee189d762a93fa16edd724cc616a560fef&amp;smart=true&amp;width=350&amp;height=233&amp;quality=85\" width=\"5134\">Cole se\u00f1al\u00f3 que estas transacciones criminales del tambi\u00e9n llamado C\u00e1rtel del Pac\u00edfico llev\u00f3 a p\u00e9rdidas millonarias al sistema financiero norteamericano | Brendan McDermid \/ Reuters<\/p>\n\n\n\n<p>Steven D. Weinhoeft, fiscal federal del distrito, calific\u00f3 al c\u00e1rtel como \u201cuna organizaci\u00f3n criminal internacional despiadada\u201d y prometi\u00f3 que el gobierno \u201caplastar\u00e1 sus operaciones utilizando todas las herramientas disponibles para proteger a nuestras comunidades\u201d.<\/p>\n\n\n\n<h2 class=\"wp-block-heading\">Drogas incautadas y alcance de la red criminal: los informes de la fiscal Pamela Bondi<\/h2>\n\n\n\n<p>La investigaci\u00f3n permiti\u00f3 incautar m\u00e1s de 360 kilogramos de fentanilo, 80 kilos de metanfetamina y 50 kilos de coca\u00edna. Seg\u00fan las autoridades, estos cargamentos formaban parte de un flujo constante de narc\u00f3ticos enviado desde M\u00e9xico hacia Illinois, Missouri y estados vecinos, al tiempo que se mov\u00edan recursos il\u00edcitos mediante bancos, casas de cambio y empresas fachada.<\/p>\n\n\n\n<p><a href=\"https:\/\/www.infobae.com\/mexico\/2025\/09\/25\/detienen-a-ocho-personas-vinculadas-a-la-extorsion-tras-cateos-en-cdmx-morelos-y-jalisco\/\" target=\"_blank\" rel=\"noreferrer noopener\"><\/a><\/p>\n\n\n\n<figure class=\"wp-block-image\"><a href=\"https:\/\/www.infobae.com\/mexico\/2025\/09\/25\/detienen-a-ocho-personas-vinculadas-a-la-extorsion-tras-cateos-en-cdmx-morelos-y-jalisco\/\" target=\"_blank\" rel=\"noreferrer noopener\"><img decoding=\"async\" src=\"https:\/\/www.infobae.com\/resizer\/v2\/M3WNNX3Y4RHAHIIMJTC3AT2GTY.jpeg?auth=e2eb917e7ecf1c3bd54ee5cfa0daf7265a4a99ee59ac58ec8e3c27d780c2f155&amp;smart=true&amp;width=258&amp;height=140&amp;quality=85\" alt=\"Detienen a ocho personas vinculadas a la extorsi\u00f3n tras cateos en CDMX, Morelos y Jalisco\"\/><\/a><\/figure>\n\n\n\n<p><a href=\"https:\/\/www.infobae.com\/mexico\/2025\/09\/25\/detienen-a-ocho-personas-vinculadas-a-la-extorsion-tras-cateos-en-cdmx-morelos-y-jalisco\/\" target=\"_blank\" rel=\"noreferrer noopener\">Te puede interesar:<strong>Detienen a ocho personas vinculadas a la extorsi\u00f3n tras cateos en CDMX, Morelos y Jalisco<\/strong><\/a><a href=\"https:\/\/www.infobae.com\/mexico\/2025\/09\/25\/detienen-a-ocho-personas-vinculadas-a-la-extorsion-tras-cateos-en-cdmx-morelos-y-jalisco\/\" target=\"_blank\" rel=\"noreferrer noopener\"><\/a><\/p>\n\n\n\n<p>Cole subray\u00f3 que esta revelaci\u00f3n confirma el nivel de infiltraci\u00f3n financiera del c\u00e1rtel: \u201cEl Sinaloa Cartel no solo introduce drogas; infiltra nuestras instituciones financieras. Seguiremos usando todos los recursos del gobierno de Estados Unidos para destruirlo\u201d.<img decoding=\"async\" alt=\"El anuncio de la DEA\" height=\"512\" src=\"https:\/\/www.infobae.com\/resizer\/v2\/2NM3II53Y5DU5KPBIOPX2TSUYU.jpg?auth=4f384793c0153c841f7633a1133181130a0c7ad6aff7728978eee7a8c81f93a0&amp;smart=true&amp;width=350&amp;height=197&amp;quality=85\" width=\"910\">El anuncio de la DEA y su titular se dio a trav\u00e9s de un encuentro a medios despu\u00e9s de la captura de los 26 l\u00edderes criminales de alto perfil en Illinois | X \/ @DEAHQ<\/p>\n\n\n\n<h2 class=\"wp-block-heading\">Lista completa de los 26 acusados del C\u00e1rtel de Sinaloa en Illinois<\/h2>\n\n\n\n<p>Los imputados por el Departamento de Justicia y la DEA incluyen a<a rel=\"noreferrer noopener\" href=\"https:\/\/www.infobae.com\/mexico\/2025\/09\/25\/quien-es-el-mi-nino-miembro-de-alto-rango-del-cartel-de-sinaloa-y-uno-de-los-26-acusados-por-eeuu\/\" target=\"_blank\"><strong>&nbsp;operadores log\u00edsticos y financieros<\/strong><\/a>&nbsp;que, de acuerdo con las autoridades, eran responsables de coordinar tanto los env\u00edos de droga como el manejo de dinero il\u00edcito desde territorio norteamericano.<\/p>\n\n\n\n<p><strong>Primer bloque de acusados:<\/strong><\/p>\n\n\n\n<ul class=\"wp-block-list\">\n<li>Pr\u00f3spero Coronel-S\u00e1nchez (\u201cPro\u201d)<\/li>\n\n\n\n<li>Jos\u00e9 Luis Angulo-Soto (\u201cEl Mi Ni\u00f1o\u201d)<\/li>\n\n\n\n<li>\u00c1ngel Alem\u00e1n Alatorre-Monge<\/li>\n\n\n\n<li>Leobardo Alcaraz-Ibarra<\/li>\n\n\n\n<li>Miguel \u00c1ngel Aramburo Jr.<\/li>\n\n\n\n<li>Manuel Buenrostro<\/li>\n\n\n\n<li>\u00d3scar Bryan Castro<\/li>\n\n\n\n<li>Carlos D\u00edaz Jr.<\/li>\n\n\n\n<li>Alejandro Flores<\/li>\n\n\n\n<li>Armando Gallardo<\/li>\n\n\n\n<li>Karen L. Gandarillas-Carre\u00f1o<\/li>\n\n\n\n<li>Roberto J. Gonz\u00e1lez Jr.<\/li>\n\n\n\n<li>Sabrina Danielle Herrera<\/li>\n<\/ul>\n\n\n\n<p><strong>Segundo bloque de acusados:<\/strong><\/p>\n\n\n\n<ul class=\"wp-block-list\">\n<li>Mauro Armando Luna-Renter\u00eda<\/li>\n\n\n\n<li>Luc\u00eda Viridiana Montano<\/li>\n\n\n\n<li>David Alonso Pereda<\/li>\n\n\n\n<li>Memo P\u00e9rez (\u201cDemecia P\u00e9rez\u201d)<\/li>\n\n\n\n<li>Jaqueline Desiree Piikkila-Vigueras<\/li>\n\n\n\n<li>Miguel R\u00edos<\/li>\n\n\n\n<li>Richard Ruiz Jr.<\/li>\n\n\n\n<li>Evan S\u00e1nchez<\/li>\n\n\n\n<li>Julio Villa Morales<\/li>\n\n\n\n<li>Jos\u00e9 Espino Zavala<\/li>\n\n\n\n<li>Mart\u00edn Ismael Z\u00faniga-L\u00f3pez<\/li>\n\n\n\n<li>Conde Frank<\/li>\n\n\n\n<li>Michael Pennel<\/li>\n<\/ul>\n\n\n\n<p><img loading=\"lazy\" decoding=\"async\" alt=\"La fiscal Pamela Bondi se\u00f1al\u00f3\" height=\"1363\" src=\"https:\/\/www.infobae.com\/resizer\/v2\/YIGZMH5CSFC65NKPYOYJBTWUFY.JPG?auth=0e1267ea295f3b3fffa248dfba0224075304f2737ca324b704541421db0ece3a&amp;smart=true&amp;width=350&amp;height=233&amp;quality=85\" width=\"2044\">La fiscal Pamela Bondi se\u00f1al\u00f3 igualmente que estas acciones se enmarcan en el combate al \u00abnarcoterrorismo\u00bb por parte de la administraci\u00f3n del presidente Donald Trump | Brian Synder \/ Reuters<\/p>\n\n\n\n<h2 class=\"wp-block-heading\">Las acciones del operativo nacional \u201cRecuperemos Am\u00e9rica\u201d<\/h2>\n\n\n\n<p>La operaci\u00f3n forma parte de la estrategia \u201cRecuperemos Am\u00e9rica\u201d, lanzada bajo la administraci\u00f3n de Donald Trump. En este contexto, el expresidente republicano design\u00f3 al C\u00e1rtel de Sinaloa como&nbsp;<a rel=\"noreferrer noopener\" href=\"https:\/\/www.infobae.com\/mexico\/2025\/09\/25\/golpes-al-cjng-en-texas-dea-anuncia-decomisos-de-cocaina-metanfetamina-y-dolares-a-traficantes-en-eeuu\/\" target=\"_blank\"><strong>Organizaci\u00f3n Terrorista Extranjera<\/strong><\/a>(<strong>OTE<\/strong>&nbsp;en espa\u00f1ol), lo que permite endurecer sanciones y penas por narcotr\u00e1fico cuando se vincula con financiamiento al terrorismo.<\/p>\n\n\n\n<p>Durante la \u00faltima semana, la DEA y agencias aliadas arrestaron a 15 de los acusados en diferentes ciudades de Estados Unidos, mientras que los dem\u00e1s permanecen pr\u00f3fugos o bajo investigaci\u00f3n. El caso est\u00e1 en manos de los fiscales federales Karelia Rajagopal, Laura Reppert y Thomas Leggans, quienes coordinan los procesos judiciales.<\/p>\n\n\n\n<p>Fuente: <a href=\"https:\/\/www.infobae.com\/mexico\/2025\/09\/26\/dea-revela-que-el-cartel-de-sinaloa-lavo-millones-en-bancos-de-eeuu-tras-acusar-a-26-lideres-en-illinois\/\">https:\/\/www.infobae.com\/mexico\/2025\/09\/26\/dea-revela-que-el-cartel-de-sinaloa-lavo-millones-en-bancos-de-eeuu-tras-acusar-a-26-lideres-en-illinois\/<\/a><\/p>\n\n\n\n<p><\/p>\n","protected":false},"excerpt":{"rendered":"<p>El administrador Terrance Cole se\u00f1al\u00f3 que este modus operandi de los 26 narcotraficantes acusados en una corte federal ha llenado [&hellip;]<\/p>\n","protected":false},"author":1,"featured_media":107717,"comment_status":"open","ping_status":"open","sticky":false,"template":"","format":"standard","meta":{"site-sidebar-layout":"default","site-content-layout":"","ast-site-content-layout":"default","site-content-style":"default","site-sidebar-style":"default","ast-global-header-display":"","ast-banner-title-visibility":"","ast-main-header-display":"","ast-hfb-above-header-display":"","ast-hfb-below-header-display":"","ast-hfb-mobile-header-display":"","site-post-title":"","ast-breadcrumbs-content":"","ast-featured-img":"","footer-sml-layout":"","theme-transparent-header-meta":"","adv-header-id-meta":"","stick-header-meta":"","header-above-stick-meta":"","header-main-stick-meta":"","header-below-stick-meta":"","astra-migrate-meta-layouts":"default","ast-page-background-enabled":"default","ast-page-background-meta":{"desktop":{"background-color":"var(--ast-global-color-4)","background-image":"","background-repeat":"repeat","background-position":"center center","background-size":"auto","background-attachment":"scroll","background-type":"","background-media":"","overlay-type":"","overlay-color":"","overlay-opacity":"","overlay-gradient":""},"tablet":{"background-color":"","background-image":"","background-repeat":"repeat","background-position":"center center","background-size":"auto","background-attachment":"scroll","background-type":"","background-media":"","overlay-type":"","overlay-color":"","overlay-opacity":"","overlay-gradient":""},"mobile":{"background-color":"","background-image":"","background-repeat":"repeat","background-position":"center center","background-size":"auto","background-attachment":"scroll","background-type":"","background-media":"","overlay-type":"","overlay-color":"","overlay-opacity":"","overlay-gradient":""}},"ast-content-background-meta":{"desktop":{"background-color":"var(--ast-global-color-5)","background-image":"","background-repeat":"repeat","background-position":"center center","background-size":"auto","background-attachment":"scroll","background-type":"","background-media":"","overlay-type":"","overlay-color":"","overlay-opacity":"","overlay-gradient":""},"tablet":{"background-color":"var(--ast-global-color-5)","background-image":"","background-repeat":"repeat","background-position":"center center","background-size":"auto","background-attachment":"scroll","background-type":"","background-media":"","overlay-type":"","overlay-color":"","overlay-opacity":"","overlay-gradient":""},"mobile":{"background-color":"var(--ast-global-color-5)","background-image":"","background-repeat":"repeat","background-position":"center center","background-size":"auto","background-attachment":"scroll","background-type":"","background-media":"","overlay-type":"","overlay-color":"","overlay-opacity":"","overlay-gradient":""}},"footnotes":""},"categories":[8],"tags":[1278,2426,42132],"class_list":["post-107716","post","type-post","status-publish","format-standard","has-post-thumbnail","hentry","category-noticias","tag-cartel-de-sinaloa","tag-dea","tag-lavar-dinero"],"_links":{"self":[{"href":"https:\/\/losperiodistas.com.mx\/portal\/wp-json\/wp\/v2\/posts\/107716","targetHints":{"allow":["GET"]}}],"collection":[{"href":"https:\/\/losperiodistas.com.mx\/portal\/wp-json\/wp\/v2\/posts"}],"about":[{"href":"https:\/\/losperiodistas.com.mx\/portal\/wp-json\/wp\/v2\/types\/post"}],"author":[{"embeddable":true,"href":"https:\/\/losperiodistas.com.mx\/portal\/wp-json\/wp\/v2\/users\/1"}],"replies":[{"embeddable":true,"href":"https:\/\/losperiodistas.com.mx\/portal\/wp-json\/wp\/v2\/comments?post=107716"}],"version-history":[{"count":1,"href":"https:\/\/losperiodistas.com.mx\/portal\/wp-json\/wp\/v2\/posts\/107716\/revisions"}],"predecessor-version":[{"id":107718,"href":"https:\/\/losperiodistas.com.mx\/portal\/wp-json\/wp\/v2\/posts\/107716\/revisions\/107718"}],"wp:featuredmedia":[{"embeddable":true,"href":"https:\/\/losperiodistas.com.mx\/portal\/wp-json\/wp\/v2\/media\/107717"}],"wp:attachment":[{"href":"https:\/\/losperiodistas.com.mx\/portal\/wp-json\/wp\/v2\/media?parent=107716"}],"wp:term":[{"taxonomy":"category","embeddable":true,"href":"https:\/\/losperiodistas.com.mx\/portal\/wp-json\/wp\/v2\/categories?post=107716"},{"taxonomy":"post_tag","embeddable":true,"href":"https:\/\/losperiodistas.com.mx\/portal\/wp-json\/wp\/v2\/tags?post=107716"}],"curies":[{"name":"wp","href":"https:\/\/api.w.org\/{rel}","templated":true}]}}