{"id":107701,"date":"2025-09-26T08:08:28","date_gmt":"2025-09-26T14:08:28","guid":{"rendered":"https:\/\/losperiodistas.com.mx\/portal\/?p=107701"},"modified":"2025-09-26T08:08:29","modified_gmt":"2025-09-26T14:08:29","slug":"la-ardua-batalla-que-se-avecina-cuatro-lideres-diferentes-cuatro-visiones-diferentes-sobre-el-calentamiento-global-ap","status":"publish","type":"post","link":"https:\/\/losperiodistas.com.mx\/portal\/la-ardua-batalla-que-se-avecina-cuatro-lideres-diferentes-cuatro-visiones-diferentes-sobre-el-calentamiento-global-ap\/","title":{"rendered":"La ardua batalla que se avecina: Cuatro l\u00edderes diferentes, cuatro visiones diferentes sobre el calentamiento global | AP"},"content":{"rendered":"\n<figure class=\"wp-block-image size-large\"><img fetchpriority=\"high\" decoding=\"async\" width=\"1024\" height=\"683\" src=\"https:\/\/losperiodistas.com.mx\/portal\/wp-content\/uploads\/2025\/09\/descarga-6-1024x683.jpeg\" alt=\"\" class=\"wp-image-107702\" srcset=\"https:\/\/losperiodistas.com.mx\/portal\/wp-content\/uploads\/2025\/09\/descarga-6-1024x683.jpeg 1024w, https:\/\/losperiodistas.com.mx\/portal\/wp-content\/uploads\/2025\/09\/descarga-6-300x200.jpeg 300w, https:\/\/losperiodistas.com.mx\/portal\/wp-content\/uploads\/2025\/09\/descarga-6-768x512.jpeg 768w, https:\/\/losperiodistas.com.mx\/portal\/wp-content\/uploads\/2025\/09\/descarga-6.jpeg 1440w\" sizes=\"(max-width: 1024px) 100vw, 1024px\" \/><figcaption class=\"wp-element-caption\">Una mujer vestida como la Estatua de la Libertad marcha por Manhattan en la protesta clim\u00e1tica \u00abHagamos que los multimillonarios paguen\u00bb, el s\u00e1bado 20 de septiembre de 2025 en Nueva York. (Foto AP\/Angelina Katsanis)<\/figcaption><\/figure>\n\n\n\n<p class=\"has-vivid-red-color has-text-color has-link-color has-medium-font-size wp-elements-82f07d86aaada23210d5af76aa03956c\"><strong>Por\u00a0\u00a0<a href=\"https:\/\/apnews.com\/author\/seth-borenstein\">SETH BORENSTEIN<\/a>\u00a0y\u00a0<a href=\"https:\/\/apnews.com\/author\/melina-walling\">MELINA WALLING<\/a> \/ AP<\/strong><\/p>\n\n\n\n<p>NACIONES UNIDAS (AP) \u2014 Cuatro hombres. Cuatro puntos cardinales del planeta. Cuatro visiones y experiencias muy diferentes sobre el cambio clim\u00e1tico.<\/p>\n\n\n\n<p>Esta semana, en las Naciones Unidas, un cuarteto de l\u00edderes con estilos personales distintos y agendas nacionales decididamente diferentes demostraron por qu\u00e9 salvar el planeta no es algo sencillo, r\u00e1pido o algo en lo que siquiera puedan ponerse de acuerdo.<\/p>\n\n\n\n<p>El presidente estadounidense Donald Trump, magnate inmobiliario y personalidad televisiva, abord\u00f3 el tema un d\u00eda antes, haciendo el rid\u00edculo en una fiesta al aire libre. Les dijo a sus colegas l\u00edderes en las Naciones Unidas que no se preocuparan por el cambio clim\u00e1tico porque es una estafa, e insisti\u00f3 en que las energ\u00edas renovables, como la e\u00f3lica y la solar, arruinar\u00edan su econom\u00eda. Estaba pr\u00e1cticamente solo en eso.<\/p>\n\n\n\n<p>Luego, el mi\u00e9rcoles, cuando m\u00e1s de 100 l\u00edderes se reunieron espec\u00edficamente para trabajar sobre el clima, fue el ingeniero convertido en presidente, Xi Jinping de China, quien aprovech\u00f3 el momento, la atenci\u00f3n y los titulares en un video controlado. Anunci\u00f3 que, por primera vez, el mayor contaminante de carbono del mundo reducir\u00eda sus emisiones. Aunque los expertos lo calificaron de t\u00edmido, posicion\u00f3 a su pa\u00eds para acumular a\u00fan m\u00e1s poder econ\u00f3mico al acaparar el mercado de las mismas energ\u00edas renovables que Trump denigr\u00f3.<\/p>\n\n\n\n<p>Feleti Penitala Teo, el primer ministro de la peque\u00f1a naci\u00f3n insular de Tuvalu, de voz suave, habl\u00f3 de ver c\u00f3mo las playas de su infancia eran absorbidas por el aumento del nivel del mar provocado por el cambio clim\u00e1tico. Su funci\u00f3n, seg\u00fan declar\u00f3 en una entrevista el jueves, es ser la conciencia de sus colegas.<a><\/a>Historias relacionadas<\/p>\n\n\n\n<figure class=\"wp-block-image\"><img decoding=\"async\" src=\"https:\/\/dims.apnews.com\/dims4\/default\/d34016f\/2147483647\/strip\/false\/crop\/5149x3441+0+0\/resize\/1486x993!\/quality\/90\/?url=https%3A%2F%2Fassets.apnews.com%2F0f%2Fe2%2Fa2d29b5e7849cd78082c31217da1%2Fcbdb2c086f4c4fc88bb8f12d08635faa\" alt=\"China, el mayor contaminante de carbono del mundo, anuncia un nuevo objetivo clim\u00e1tico\"\/><\/figure>\n\n\n\n<p><a href=\"https:\/\/apnews.com\/article\/climate-change-plans-united-nations-urgency-131761a2089ac8a647ce40a56f1fea44\"><\/a><\/p>\n\n\n\n<p><a href=\"https:\/\/apnews.com\/article\/climate-change-plans-united-nations-urgency-131761a2089ac8a647ce40a56f1fea44\">China, el mayor contaminante de carbono del mundo, anuncia un nuevo objetivo clim\u00e1tico<\/a><\/p>\n\n\n\n<figure class=\"wp-block-image\"><img decoding=\"async\" src=\"https:\/\/dims.apnews.com\/dims4\/default\/2e3edc6\/2147483647\/strip\/false\/crop\/2871x1914+0+0\/resize\/1486x991!\/quality\/90\/?url=https%3A%2F%2Fassets.apnews.com%2Fea%2F96%2F3bbdb61719aec560380f90dee152%2Fee0587131cda476ab14c11679213f4cd\" alt=\"En la ONU, Trump ataca el esp\u00edritu del cambio clim\u00e1tico\"\/><\/figure>\n\n\n\n<p><a href=\"https:\/\/apnews.com\/article\/trump-un-climate-change-renewable-energy-5c033a24ec523a56f8244d85f3672eda\"><\/a><\/p>\n\n\n\n<p><a href=\"https:\/\/apnews.com\/article\/trump-un-climate-change-renewable-energy-5c033a24ec523a56f8244d85f3672eda\">En la ONU, Trump ataca el esp\u00edritu del cambio clim\u00e1tico<\/a><\/p>\n\n\n\n<figure class=\"wp-block-image\"><img decoding=\"async\" src=\"https:\/\/dims.apnews.com\/dims4\/default\/7809644\/2147483647\/strip\/false\/crop\/6000x4000+0+0\/resize\/1486x991!\/quality\/90\/?url=https%3A%2F%2Fassets.apnews.com%2F2b%2F50%2F7bee69912078f1a45666bfa773fe%2Fc77016db54974251ae2ad2948ecc0b4f\" alt=\"En la ONU se busca un renovado impulso en la lucha contra el cambio clim\u00e1tico\"\/><\/figure>\n\n\n\n<p><a href=\"https:\/\/apnews.com\/article\/climate-renewables-hope-despair-warming-4d70e4dda5fcdc054bc8d29476f6c760\"><\/a><\/p>\n\n\n\n<p><a href=\"https:\/\/apnews.com\/article\/climate-renewables-hope-despair-warming-4d70e4dda5fcdc054bc8d29476f6c760\">En la ONU se busca un renovado impulso en la lucha contra el cambio clim\u00e1tico<\/a><\/p>\n\n\n\n<p>Y finalmente, a pesar de vivir en el otro continente, el presidente brasile\u00f1o Luiz In\u00e1cio Lula da Silva, exnegociador comercial que representa a un pa\u00eds que act\u00faa como punto de encuentro com\u00fan para los problemas entre el Norte y el Sur, ricos y pobres, ejerci\u00f3 de anfitri\u00f3n en las negociaciones sobre el clima en Bel\u00e9m, Brasil, en noviembre.<\/p>\n\n\n\n<p>Sus diferencias sobre el tema cuentan una historia importante y compleja.<\/p>\n\n\n\n<h2 class=\"wp-block-heading\">Estados Unidos: Donald Trump da el puntapi\u00e9 inicial<\/h2>\n\n\n\n<figure class=\"wp-block-image\"><img decoding=\"async\" src=\"https:\/\/dims.apnews.com\/dims4\/default\/2e25ea1\/2147483647\/strip\/true\/crop\/4000x2667+0+0\/resize\/599x399!\/quality\/90\/?url=https%3A%2F%2Fassets.apnews.com%2Ff3%2Fd0%2Fddffe3491c4b49c209d48e75113f%2F2ef0aae0701d4c2b8ab25bf6f6d740a9\" alt=\"El presidente Donald Trump se dirige al 80.\u00ba periodo de sesiones de la Asamblea General de las Naciones Unidas, el martes 23 de septiembre de 2025, en la sede de la ONU. (Foto AP\/Angelina Katsanis)\"\/><figcaption class=\"wp-element-caption\">El presidente Donald Trump se dirige al 80.\u00ba periodo de sesiones de la Asamblea General de las Naciones Unidas, el martes 23 de septiembre de 2025, en la sede de la ONU. (Foto AP\/Angelina Katsanis)<\/figcaption><\/figure>\n\n\n\n<p>Esta semana incluy\u00f3 una cumbre clim\u00e1tica especial para m\u00e1s de 100 l\u00edderes mundiales el mi\u00e9rcoles. El secretario general de las Naciones Unidas, Ant\u00f3nio Guterres, y Lula organizaron esta cumbre con la idea de que los pa\u00edses presentaran planes nacionales s\u00f3lidos contra la contaminaci\u00f3n por carbono antes de las negociaciones clim\u00e1ticas de Brasil en noviembre.<\/p>\n\n\n\n<p>Estados Unidos no particip\u00f3 realmente.<\/p>\n\n\n\n<p>Pero el d\u00eda anterior, cuando los l\u00edderes mundiales pod\u00edan hablar de lo que quisieran, Donald Trump incluy\u00f3 una extensa secci\u00f3n sobre el cambio clim\u00e1tico. Hizo declaraciones que contradec\u00edan lo que dec\u00edan los cient\u00edficos, los registros de temperatura y otros l\u00edderes mundiales.<\/p>\n\n\n\n<p>\u201cEste cambio clim\u00e1tico es, en mi opini\u00f3n, la mayor estafa jam\u00e1s perpetrada contra el mundo\u201d, dijo Trump, reiterando una creencia arraigada. \u201cTodas estas predicciones de las Naciones Unidas y muchos otros, a menudo por malas razones, fueron err\u00f3neas. Fueron hechas por gente est\u00fapida que les ha costado fortunas a sus pa\u00edses y les ha dado cero posibilidades de \u00e9xito. Si no se libran de esta estafa ecol\u00f3gica, su pa\u00eds va a fracasar. Y soy muy bueno prediciendo cosas\u201d.<\/p>\n\n\n\n<p>Trump, quien se ha quejado frecuentemente de la est\u00e9tica de las turbinas e\u00f3licas, a las que err\u00f3neamente llama molinos de viento, dijo que la energ\u00eda renovable tiene un nombre \u201cfalso\u2026 una broma\u201d.<\/p>\n\n\n\n<p>\u00abNo funcionan\u00bb, dijo. \u00abSon demasiado caros. No son lo suficientemente resistentes\u00bb.<\/p>\n\n\n\n<h2 class=\"wp-block-heading\">China: captando la atenci\u00f3n y la cuota de mercado<\/h2>\n\n\n\n<figure class=\"wp-block-image\"><img decoding=\"async\" src=\"https:\/\/dims.apnews.com\/dims4\/default\/baac458\/2147483647\/strip\/true\/crop\/5545x3706+0+0\/resize\/599x400!\/quality\/90\/?url=https%3A%2F%2Fassets.apnews.com%2F26%2Fe2%2F5c9d613fc33bbaa88273ad649211%2Fa16b0fb1a08843a6ae9ce19f3bcfab9e\" alt=\"El presidente chino, Xi Jinping, se dirige virtualmente a una cumbre clim\u00e1tica el mi\u00e9rcoles 24 de septiembre de 2025 en la sede de la ONU. (Foto AP\/Yuki Iwamura)\"\/><figcaption class=\"wp-element-caption\">El presidente chino, Xi Jinping, se dirige virtualmente a una cumbre clim\u00e1tica el mi\u00e9rcoles 24 de septiembre de 2025 en la sede de la ONU. (Foto AP\/Yuki Iwamura)<\/figcaption><\/figure>\n\n\n\n<p>Mientras Trump hablaba de dudas, Xi, como muchos que le seguir\u00edan, habl\u00f3 de lo grande que es el problema del cambio clim\u00e1tico y de c\u00f3mo los pa\u00edses del mundo tienen que trabajar juntos.<\/p>\n\n\n\n<p>Aunque un pa\u00eds pueda actuar en contra de esto, \u00abla comunidad internacional debe mantenerse enfocada en la direcci\u00f3n correcta\u00bb, afirm\u00f3 Xi. Inst\u00f3 al mundo a \u00abmantener una confianza inquebrantable, acciones incansables e intensidad implacable\u00bb.<\/p>\n\n\n\n<p>Xi se form\u00f3 como ingeniero. El analista clim\u00e1tico Alden Meyer, del centro de estudios europeo E3G, afirm\u00f3 que el liderazgo chino tiene una base muy t\u00e9cnica, por lo que respeta y comprende la ciencia. China, por supuesto, sufre los impactos del cambio clim\u00e1tico: calor, inundaciones y tormentas. Y conocen la amenaza que esto representa.<\/p>\n\n\n\n<p>\u201cLa transici\u00f3n verde y baja en carbono es la tendencia de nuestro tiempo\u201d, afirm\u00f3 Xi.<\/p>\n\n\n\n<p>Si bien Trump ha desestimado las energ\u00edas renovables, China, durante el gobierno de Xi, se ha convertido en el principal actor mundial en tecnolog\u00eda de energ\u00edas renovables y ha utilizado su&nbsp;<a href=\"https:\/\/apnews.com\/article\/china-belt-road-initiative-a4b08290cf94e4f2dffe368a013c5129\">Iniciativa de la Franja y la Ruta<\/a>&nbsp;para facilitar su introducci\u00f3n a los pa\u00edses en desarrollo, a un precio. Prometi\u00f3 a\u00fan m\u00e1s inversiones verdes tanto para el mercado nacional como para el internacional.<\/p>\n\n\n\n<p>En comparaci\u00f3n con Trump, que es mayor, Xi apareci\u00f3 como \u00abel anciano sobrio que est\u00e1 por encima de la contienda\u00bb, dijo David Waskow, director de la Iniciativa Clim\u00e1tica Internacional del Instituto de Recursos Mundiales.<\/p>\n\n\n\n<h2 class=\"wp-block-heading\">Tuvalu: Vivir la experiencia clim\u00e1tica<\/h2>\n\n\n\n<figure class=\"wp-block-image\"><img decoding=\"async\" src=\"https:\/\/dims.apnews.com\/dims4\/default\/47b969b\/2147483647\/strip\/true\/crop\/4692x3128+0+0\/resize\/599x399!\/quality\/90\/?url=https%3A%2F%2Fassets.apnews.com%2F85%2F22%2F472d1f835129d683df26283e163b%2F74a019f044c74647bae4b1916532c6ff\" alt=\"El primer ministro de Tuvalu, Feleti Teo, habla durante una sesi\u00f3n plenaria de la COP29 de la Cumbre del Clima de la ONU, el mi\u00e9rcoles 13 de noviembre de 2024, en Bak\u00fa, Azerbaiy\u00e1n. (Foto AP\/Sergei Grits, Archivo)\"\/><figcaption class=\"wp-element-caption\">El primer ministro de Tuvalu, Feleti Teo, habla durante una sesi\u00f3n plenaria de la COP29 de la Cumbre del Clima de la ONU, el mi\u00e9rcoles 13 de noviembre de 2024, en Bak\u00fa, Azerbaiy\u00e1n. (Foto AP\/Sergei Grits, Archivo)<\/figcaption><\/figure>\n\n\n\n<p>Teo es el \u00fanico de los cuatro l\u00edderes que vive cerca del oc\u00e9ano y observa c\u00f3mo suben las aguas, siente su impacto y habla con cient\u00edficos sobre los problemas que han hecho del cambio clim\u00e1tico un problema abrumador que literalmente podr\u00eda acabar con su naci\u00f3n.<\/p>\n\n\n\n<p>\u201cApoyamos totalmente la ciencia. Y esta no es nuestra ciencia. Es ciencia internacional\u201d, dijo Teo. \u201cAs\u00ed que, como un peque\u00f1o pa\u00eds insular, no pod\u00eda imaginar c\u00f3mo una ciencia tan reconocida p\u00fablicamente podr\u00eda ser cuestionada por un pa\u00eds tan grande como Estados Unidos\u201d.<\/p>\n\n\n\n<p>\u201cPodemos ver f\u00edsicamente la diferencia en el nivel del mar\u201d, dijo Teo en una entrevista. \u201cEl cambio clim\u00e1tico es una experiencia que vivimos ahora mismo. Ya no es un escenario especulativo\u201d.<\/p>\n\n\n\n<p>Esta semana, al igual que China, Tuvalu present\u00f3 su plan de lucha contra el cambio clim\u00e1tico cuya clave es no producir emisiones de carbono dentro de una d\u00e9cada.<\/p>\n\n\n\n<p>\u201cLa mayor iron\u00eda para nosotros, y la frustraci\u00f3n que conlleva, es que no contribuimos al cambio clim\u00e1tico, pero estamos en primera l\u00ednea\u201d, dijo Teo. \u201cTenemos que hacer lo correcto. Espero que (Trump, Xi y Lula) tambi\u00e9n hagan lo que es moralmente correcto\u201d.<\/p>\n\n\n\n<p>Ralph Regenvanu, ministro de clima de la naci\u00f3n insular de Vanuatu, que enfrenta el cambio clim\u00e1tico como una amenaza existencial, ya esperaba discursos como el del martes de Trump. Sin embargo, a\u00f1adi\u00f3 que \u00aben muchos sentidos, esto ha impulsado a los pa\u00edses con grandes ambiciones a redoblar sus esfuerzos en la necesidad de una acci\u00f3n multilateral contundente y objetivos ambiciosos\u00bb.<\/p>\n\n\n\n<h2 class=\"wp-block-heading\">Brasil: Sintiendo la &#8216;qu\u00edmica&#8217;<\/h2>\n\n\n\n<figure class=\"wp-block-image\"><img decoding=\"async\" src=\"https:\/\/dims.apnews.com\/dims4\/default\/e8c3346\/2147483647\/strip\/true\/crop\/7414x4943+0+0\/resize\/599x399!\/quality\/90\/?url=https%3A%2F%2Fassets.apnews.com%2Ffb%2F87%2Fb4ecea4ec527b70577c1517ad2fb%2F98db63dc6748487a824b868a0642734f\" alt=\"El presidente de Brasil, Luiz In\u00e1cio Lula da Silva, se dirige a la 80.\u00aa sesi\u00f3n de la Asamblea General de las Naciones Unidas, el martes 23 de septiembre de 2025. (Foto AP\/Richard Drew)\"\/><figcaption class=\"wp-element-caption\">El presidente de Brasil, Luiz In\u00e1cio Lula da Silva, se dirige a la 80.\u00aa sesi\u00f3n de la Asamblea General de las Naciones Unidas, el martes 23 de septiembre de 2025. (Foto AP\/Richard Drew)<\/figcaption><\/figure>\n\n\n\n<p>Lula dijo que el cambio clim\u00e1tico es real y que la pr\u00f3xima conferencia clim\u00e1tica en Brasil debe ser un momento decisivo para evitar el riesgo de \u201cun c\u00edrculo vicioso de desconfianza y par\u00e1lisis\u201d.<\/p>\n\n\n\n<p>\u201cLos muros fronterizos no detendr\u00e1n las sequ\u00edas ni las tormentas\u201d, dijo Lula. \u201cLa naturaleza no se doblega ante las bombas ni los buques de guerra. Ning\u00fan pa\u00eds es superior a otro\u201d.<\/p>\n\n\n\n<p>\u201cTodos podemos perder porque el negacionismo puede, en realidad, ganar\u201d, advirti\u00f3.<\/p>\n\n\n\n<p>Pero una transici\u00f3n a las energ\u00edas renovables, afirm\u00f3, \u00ababre la puerta a una transformaci\u00f3n productiva y tecnol\u00f3gica comparable a la Revoluci\u00f3n Industrial\u00bb. A pesar de celebrar dicha transici\u00f3n, en su pa\u00eds, Lula, quien se presenta como ambientalista y pragm\u00e1tico, apoya el aumento de la extracci\u00f3n petrolera, incluso en la Amazonia.<\/p>\n\n\n\n<p>\u00abLula tiene muchas relaciones\u00bb, dijo Meyer de E3G. \u00abTiene mucha credibilidad, la cual ha construido a lo largo de los a\u00f1os. Y tengo la sensaci\u00f3n de que se da cuenta de que tendr\u00e1 que aprovecharla\u00bb.<\/p>\n\n\n\n<p>Tras el anuncio de Xi y&nbsp;<a href=\"https:\/\/apnews.com\/article\/un-us-brazil-lula-trump-relations-10487c92b31b0712efba3275c0b7aa4a\">un encuentro casual con Trump<\/a>&nbsp;, Lula coment\u00f3 que ambos se dieron la mano y se abrazaron. Dijo que ten\u00eda un buen presentimiento sobre la qu\u00edmica entre ellos, a pesar de sus antiguas diferencias pol\u00edticas.<\/p>\n\n\n\n<p>Lula, se\u00f1alando con humor que es unos meses mayor que Trump, pero que ambos cumplir\u00e1n 80 a\u00f1os pronto, sugiri\u00f3 que no hab\u00eda necesidad de andarse con rodeos: ambos son demasiado viejos para eso.<\/p>\n\n\n\n<p>___<\/p>\n\n\n\n<p>La cobertura clim\u00e1tica y ambiental de Associated Press recibe apoyo financiero de diversas fundaciones privadas. AP es la \u00fanica responsable de todo el contenido. Consulte&nbsp;<a href=\"https:\/\/www.ap.org\/about\/standards-for-working-with-outside-groups\/\" target=\"_blank\" rel=\"noreferrer noopener\">los est\u00e1ndares<\/a>&nbsp;de AP para colaborar con organizaciones filantr\u00f3picas, una lista de patrocinadores y las \u00e1reas de cobertura financiadas en&nbsp;<a href=\"https:\/\/www.ap.org\/discover\/Supporting-AP\" target=\"_blank\" rel=\"noreferrer noopener\">AP.org<\/a>&nbsp;.<\/p>\n\n\n\n<figure class=\"wp-block-image\"><img decoding=\"async\" src=\"https:\/\/dims.apnews.com\/dims4\/default\/9c3a961\/2147483647\/strip\/true\/crop\/439x439+0+0\/resize\/100x100!\/quality\/90\/?url=https%3A%2F%2Fassets.apnews.com%2F40%2F2f%2F055b174f44048b835cb88882cfd8%2Fborenstein-seth.PNG\" alt=\"Seth Borenstein\"\/><\/figure>\n\n\n\n<p><a href=\"https:\/\/apnews.com\/author\/seth-borenstein\"><\/a><\/p>\n\n\n\n<p><a href=\"https:\/\/apnews.com\/author\/seth-borenstein\">Seth Borenstein<\/a>Borenstein es un periodista cient\u00edfico de Associated Press que cubre temas como el cambio clim\u00e1tico, desastres, f\u00edsica y otros temas cient\u00edficos. Reside en Washington, D. C.<\/p>\n\n\n\n<p><\/p>\n\n\n\n<figure class=\"wp-block-image\"><img decoding=\"async\" src=\"https:\/\/dims.apnews.com\/dims4\/default\/858485c\/2147483647\/strip\/true\/crop\/500x500+0+0\/resize\/100x100!\/quality\/90\/?url=https%3A%2F%2Fassets.apnews.com%2Ff4%2F6d%2F72054c81416590204555c3013da6%2F4d8c08ba-053d-40d3-9b05-35693efae212.jpg\" alt=\"MELINA WALLING\"\/><\/figure>\n\n\n\n<p><a href=\"https:\/\/apnews.com\/author\/melina-walling\"><\/a><\/p>\n\n\n\n<p><a href=\"https:\/\/apnews.com\/author\/melina-walling\">MELINA WALLING<\/a>Walling cubre las intersecciones del cambio clim\u00e1tico y la agricultura en el Medio Oeste y otros lugares para The Associated Press. Reside en Chicago.<\/p>\n\n\n\n<p><\/p>\n\n\n\n<p>Fuente: <a href=\"https:\/\/apnews.com\/article\/climate-change-united-nations-trump-lula-xi-8ab619c37a5471fc0de0a063feaf7b9\">https:\/\/apnews.com\/article\/climate-change-united-nations-trump-lula-xi-8ab619c37a5471fc0de0a063feaf7b9<\/a><\/p>\n","protected":false},"excerpt":{"rendered":"<p>Por\u00a0\u00a0SETH BORENSTEIN\u00a0y\u00a0MELINA WALLING \/ AP NACIONES UNIDAS (AP) \u2014 Cuatro hombres. Cuatro puntos cardinales del planeta. Cuatro visiones y experiencias [&hellip;]<\/p>\n","protected":false},"author":1,"featured_media":107702,"comment_status":"open","ping_status":"open","sticky":false,"template":"","format":"standard","meta":{"site-sidebar-layout":"default","site-content-layout":"","ast-site-content-layout":"default","site-content-style":"default","site-sidebar-style":"default","ast-global-header-display":"","ast-banner-title-visibility":"","ast-main-header-display":"","ast-hfb-above-header-display":"","ast-hfb-below-header-display":"","ast-hfb-mobile-header-display":"","site-post-title":"","ast-breadcrumbs-content":"","ast-featured-img":"","footer-sml-layout":"","theme-transparent-header-meta":"","adv-header-id-meta":"","stick-header-meta":"","header-above-stick-meta":"","header-main-stick-meta":"","header-below-stick-meta":"","astra-migrate-meta-layouts":"default","ast-page-background-enabled":"default","ast-page-background-meta":{"desktop":{"background-color":"var(--ast-global-color-4)","background-image":"","background-repeat":"repeat","background-position":"center center","background-size":"auto","background-attachment":"scroll","background-type":"","background-media":"","overlay-type":"","overlay-color":"","overlay-opacity":"","overlay-gradient":""},"tablet":{"background-color":"","background-image":"","background-repeat":"repeat","background-position":"center center","background-size":"auto","background-attachment":"scroll","background-type":"","background-media":"","overlay-type":"","overlay-color":"","overlay-opacity":"","overlay-gradient":""},"mobile":{"background-color":"","background-image":"","background-repeat":"repeat","background-position":"center center","background-size":"auto","background-attachment":"scroll","background-type":"","background-media":"","overlay-type":"","overlay-color":"","overlay-opacity":"","overlay-gradient":""}},"ast-content-background-meta":{"desktop":{"background-color":"var(--ast-global-color-5)","background-image":"","background-repeat":"repeat","background-position":"center center","background-size":"auto","background-attachment":"scroll","background-type":"","background-media":"","overlay-type":"","overlay-color":"","overlay-opacity":"","overlay-gradient":""},"tablet":{"background-color":"var(--ast-global-color-5)","background-image":"","background-repeat":"repeat","background-position":"center center","background-size":"auto","background-attachment":"scroll","background-type":"","background-media":"","overlay-type":"","overlay-color":"","overlay-opacity":"","overlay-gradient":""},"mobile":{"background-color":"var(--ast-global-color-5)","background-image":"","background-repeat":"repeat","background-position":"center center","background-size":"auto","background-attachment":"scroll","background-type":"","background-media":"","overlay-type":"","overlay-color":"","overlay-opacity":"","overlay-gradient":""}},"footnotes":""},"categories":[8],"tags":[6937,177],"class_list":["post-107701","post","type-post","status-publish","format-standard","has-post-thumbnail","hentry","category-noticias","tag-calentamiento-global","tag-onu"],"_links":{"self":[{"href":"https:\/\/losperiodistas.com.mx\/portal\/wp-json\/wp\/v2\/posts\/107701","targetHints":{"allow":["GET"]}}],"collection":[{"href":"https:\/\/losperiodistas.com.mx\/portal\/wp-json\/wp\/v2\/posts"}],"about":[{"href":"https:\/\/losperiodistas.com.mx\/portal\/wp-json\/wp\/v2\/types\/post"}],"author":[{"embeddable":true,"href":"https:\/\/losperiodistas.com.mx\/portal\/wp-json\/wp\/v2\/users\/1"}],"replies":[{"embeddable":true,"href":"https:\/\/losperiodistas.com.mx\/portal\/wp-json\/wp\/v2\/comments?post=107701"}],"version-history":[{"count":1,"href":"https:\/\/losperiodistas.com.mx\/portal\/wp-json\/wp\/v2\/posts\/107701\/revisions"}],"predecessor-version":[{"id":107703,"href":"https:\/\/losperiodistas.com.mx\/portal\/wp-json\/wp\/v2\/posts\/107701\/revisions\/107703"}],"wp:featuredmedia":[{"embeddable":true,"href":"https:\/\/losperiodistas.com.mx\/portal\/wp-json\/wp\/v2\/media\/107702"}],"wp:attachment":[{"href":"https:\/\/losperiodistas.com.mx\/portal\/wp-json\/wp\/v2\/media?parent=107701"}],"wp:term":[{"taxonomy":"category","embeddable":true,"href":"https:\/\/losperiodistas.com.mx\/portal\/wp-json\/wp\/v2\/categories?post=107701"},{"taxonomy":"post_tag","embeddable":true,"href":"https:\/\/losperiodistas.com.mx\/portal\/wp-json\/wp\/v2\/tags?post=107701"}],"curies":[{"name":"wp","href":"https:\/\/api.w.org\/{rel}","templated":true}]}}