{"id":107695,"date":"2025-09-26T06:44:47","date_gmt":"2025-09-26T12:44:47","guid":{"rendered":"https:\/\/losperiodistas.com.mx\/portal\/?p=107695"},"modified":"2025-09-26T06:44:48","modified_gmt":"2025-09-26T12:44:48","slug":"si-sheinbaum-quiere-aun-es-posible-esclarecer-el-caso-ayotzinapa-buitrago-proceso","status":"publish","type":"post","link":"https:\/\/losperiodistas.com.mx\/portal\/si-sheinbaum-quiere-aun-es-posible-esclarecer-el-caso-ayotzinapa-buitrago-proceso\/","title":{"rendered":"Si Sheinbaum quiere, a\u00fan es posible esclarecer el caso Ayotzinapa: Buitrago | Proceso"},"content":{"rendered":"\n<p class=\"has-light-green-cyan-background-color has-background has-medium-font-size\"><strong>El Ej\u00e9rcito sabe qu\u00e9 pas\u00f3 con los normalistas y esa informaci\u00f3n debe estar en los archivos que se negaron a entregar dos titulares de la Sedena: los generales Salvador Cienfuegos y Luis Cresencio Sandoval; el primero, avalado por Enrique Pe\u00f1a y el segundo, por AMLO, afirma la exintegrante del GIEI.<\/strong><\/p>\n\n\n\n<p><a href=\"javascript:void(0)\"><\/a><\/p>\n\n\n\n<figure class=\"wp-block-image\"><a href=\"https:\/\/www.proceso.com.mx\/u\/fotografias\/m\/2025\/9\/25\/f1280x720-232027_363702_5050.jpeg\"><img decoding=\"async\" src=\"https:\/\/www.proceso.com.mx\/u\/fotografias\/m\/2025\/9\/25\/f685x385-232027_269720_5050.jpeg\" alt=\"Si Sheinbaum quiere, a\u00fan es posible esclarecer el caso Ayotzinapa: Buitrago\"\/><\/a><figcaption class=\"wp-element-caption\">Campo Militar N\u00famero 1 en la CDMX. Manifestantes incendian cami\u00f3n por el 11 aniversario del caso Ayotzinapa. Foto: Montserrat L\u00f3pez<\/figcaption><\/figure>\n\n\n\n<p><\/p>\n\n\n\n<p class=\"has-vivid-red-color has-text-color has-link-color has-medium-font-size wp-elements-af1128e2cf9317b61d7ff8f0d9002501\"><strong><a href=\"https:\/\/www.proceso.com.mx\/autor\/rafael-croda.html\">Por\u00a0Rafael Croda<\/a> \/ Proceso<\/strong><\/p>\n\n\n\n<p><\/p>\n\n\n\n<p>BOGOT\u00c1 (<strong>Proceso<\/strong>).\u2013 La exintegrante del Grupo Interdisciplinario de Expertos Independientes (GIEI) \u00c1ngela Mar\u00eda Buitrago, quien investig\u00f3 durante a\u00f1os la desaparici\u00f3n de los 43 normalistas de Ayotzinapa, afirma que si la presidenta Claudia Sheinbaum tiene la \u201cdecisi\u00f3n pol\u00edtica\u201d para esclarecer ese caso, \u201ca\u00fan es posible hacerlo\u201d.<\/p>\n\n\n\n<p>En entrevista con&nbsp;<strong>Proceso<\/strong>&nbsp;cuando se cumplen 11 a\u00f1os de la desaparici\u00f3n de los estudiantes, la exfiscal colombiana dice que esa \u201cdecisi\u00f3n pol\u00edtica\u201d es necesaria para \u201cromper el muro\u201d que levantaron los militares a fin de impedir que los padres de los 43, el GIEI y la Comisi\u00f3n para la Verdad y Acceso a la Justicia del Caso Ayotzinapa (CoVAJ) tuvieran acceso a \u201cinformaci\u00f3n sensible, de inteligencia\u201d, que puede contribuir a esclarecer el paradero de los normalistas.&nbsp;<\/p>\n\n\n\n<p class=\"has-ast-global-color-4-background-color has-background\"><strong>Noticias Relacionadas<\/strong><\/p>\n\n\n\n<ul class=\"wp-block-list\">\n<li><a href=\"https:\/\/www.proceso.com.mx\/nacional\/2023\/10\/4\/buitrago-responde-amlo-las-pruebas-de-que-sedena-oculta-informacion-estan-en-el-informe-del-giei-316102.html\">Buitrago responde a AMLO: Las pruebas de que Sedena oculta informaci\u00f3n est\u00e1n en el Informe del GIEI<\/a><\/li>\n\n\n\n<li><a href=\"https:\/\/www.proceso.com.mx\/reportajes\/2022\/10\/27\/caso-ayotzinapa-el-objetivo-de-sectores-influyentes-es-no-dejar-saber-que-paso-buitrago-295904.html\">Caso Ayotzinapa: El objetivo de \u00absectores influyentes\u00bb es \u00abno dejar saber qu\u00e9 pas\u00f3\u00bb: Buitrago<\/a><\/li>\n\n\n\n<li><a href=\"https:\/\/www.proceso.com.mx\/reportajes\/2019\/7\/2\/buitrago-ahora-hay-que-investigar-quienes-ocultaron-la-verdad-de-ayotzinapa-227278.html\">Buitrago: Ahora hay que investigar a quienes ocultaron la verdad de Ayotzinapa<\/a><\/li>\n<\/ul>\n\n\n\n<p>\u201cToda la prueba de lo que ocurri\u00f3 esa noche (el 26 y 27 de septiembre de 2014 en Iguala, cuando desaparecieron los j\u00f3venes) est\u00e1 ah\u00ed, en los archivos militares que el Ej\u00e9rcito no ha querido entregar\u201d, se\u00f1ala la experta que con mayor profundidad conoce el caso Ayotzinapa, el cual investig\u00f3 entre 2015 y 2016, en una etapa inicial, y despu\u00e9s, entre 2019 y 2023.<\/p>\n\n\n\n<p>La presidenta Sheinbaum hay dicho que obtener pruebas sobre ese crimen, despu\u00e9s de 11 a\u00f1os, \u201clleva su tiempo\u201d, pero como indica Buitrago, en la informaci\u00f3n que ha ocultado el Ej\u00e9rcito hay pruebas. La mandataria tambi\u00e9n confirm\u00f3 ayer jueves que se han abierto \u201cnuevas l\u00edneas de investigaci\u00f3n\u201d.<\/p>\n\n\n\n<p>Buitrago considera que es bueno abrir nuevas l\u00edneas y el mismo GIEI lo hab\u00eda recomendado, pero dice que si estas se centran \u00fanicamente en el papel del crimen organizado en esos hechos y omiten la intervenci\u00f3n de autoridades, polic\u00edas y militares (del Ej\u00e9rcito y la Marina) en el entramado de complicidades que propici\u00f3 la desaparici\u00f3n de los estudiantes, \u201cser\u00eda dar un paso para atr\u00e1s\u201d.<\/p>\n\n\n\n<figure class=\"wp-block-image\"><img decoding=\"async\" src=\"https:\/\/www.proceso.com.mx\/u\/fotografias\/m\/2025\/9\/25\/f768x1-232028_232155_5050.jpeg\" alt=\"\"\/><figcaption class=\"wp-element-caption\">Buitrago.&nbsp;\u201cA nosotros nos entregaron lo que quisieron\u201d. Foto: Octavio G\u00f3mez<\/figcaption><\/figure>\n\n\n\n<p>El GIEI culmin\u00f3 abruptamente las dos etapas en que investig\u00f3 el caso Ayotzinapa. En ambas, sus integrantes salieron de M\u00e9xico por presiones del Ej\u00e9rcito: la primera durante el sexenio del priista Enrique Pe\u00f1a Nieto y la segunda en el gobierno del morenista Andr\u00e9s Manuel L\u00f3pez Obrador.&nbsp;<\/p>\n\n\n\n<p>En las dos ocasiones, los militares se resistieron a entregar a los investigadores informaci\u00f3n que reposa en sus archivos y que es clave para esclarecer el paradero de los estudiantes.<\/p>\n\n\n\n<p>Por eso Buitrago se\u00f1ala que lo que ahora har\u00eda falta es que la presidenta Sheinbaum \u201chaga valer su condici\u00f3n de comandante en jefa de las Fuerzas Armadas y ordene al Ej\u00e9rcito entregar a los investigadores del caso, cualquiera que estos sean, los archivos que se ha negado entregar a los padres, a la CoVAJ y a nosotros (los integrantes del GIEI)\u201d.<\/p>\n\n\n\n<p>Y explica que la informaci\u00f3n de inteligencia que contienen esos archivos \u2013los famosos 800 folios, cuya entrega exigen los padres de los 43 cada vez que se re\u00fanen con la presidenta\u2014 puede conducir al esclarecimiento del caso porque el Ej\u00e9rcito hab\u00eda dado seguimiento, durante a\u00f1os, a las actividades de Guerreros Unidos, y monitoreo en tiempo real los sucesos del 26 y el 27 de septiembre de 2014 en Iguala.<\/p>\n\n\n\n<h2 class=\"wp-block-heading\"><strong>Archivos esquivos<\/strong><\/h2>\n\n\n\n<p>Seg\u00fan han demostrado interceptaciones telef\u00f3nicas de la Agencia Antidrogas de Estados Unidos (DEA, por sus siglas en ingl\u00e9s) y testimonios de los propios criminales, varios militares estaban coludidos con esa organizaci\u00f3n delictiva, la cual estuvo involucrada en el ataque y desaparici\u00f3n de los normalistas.&nbsp;<\/p>\n\n\n\n<p>Buitrago se\u00f1ala que, aunque ya se ha repetido varias veces, es necesario recordar que el 26 y 27 de septiembre de 2014 agentes de inteligencia de la Secretar\u00eda de la Defensa Nacional (Sedena) y del Centro de Investigaci\u00f3n y Seguridad Nacional (Cisen) dieron seguimiento a los estudiantes desde que salieron de Ayotzinapa, se desplazaron a Chilpancingo y llegaron a Iguala.<\/p>\n\n\n\n<p>El entonces titular de la Sedena,&nbsp;general Salvador Cienfuegos, identificado en los reportes como DN1, hab\u00eda ordenado al 27 Batall\u00f3n de Infanter\u00eda en Iguala, a la 35 Zona Militar y a la IX Regi\u00f3n Militar en Guerrero dar seguimiento, incluso con fotograf\u00edas \u201cy material que se recuperara\u201d de las actividades de los normalistas de Ayotzinapa porque estos proyectaban asistir a la Ciudad de M\u00e9xico a la conmemoraci\u00f3n del 46 aniversario de la masacre del 2 de octubre.<\/p>\n\n\n\n<figure class=\"wp-block-image\"><img decoding=\"async\" src=\"https:\/\/www.proceso.com.mx\/u\/fotografias\/m\/2025\/9\/25\/f768x1-232029_232156_5050.jpeg\" alt=\"\"\/><figcaption class=\"wp-element-caption\">Cienfuegos (izquierda) y Luis Cresencio (derecha). Ante la verdad, \u201ccerraz\u00f3n total\u201d. Foto: Eduardo Miranda&nbsp;<\/figcaption><\/figure>\n\n\n\n<p>Todo este seguimiento se consign\u00f3 de manera pormenorizada en los archivos de la Sedena a los que tuvo acceso el GIEI y en esos documentos \u201cqueda muy claro que hab\u00eda un control pormenorizado de la movilizaci\u00f3n de los j\u00f3venes\u201d, se\u00f1ala Buitrago.<\/p>\n\n\n\n<p>Y dice que, \u201cextra\u00f1amente\u201d, esa fluidez informativa \u201cse rompe\u201d en los documentos entregados por la Sedena a los investigadores, a las 21:20 horas del viernes 26 de septiembre de 2014, justo cuando los normalistas llegan a Iguala y comienzan a ser atacados por polic\u00edas municipales e integrantes de Guerreros Unidos.&nbsp;<\/p>\n\n\n\n<p>A partir de esa hora \u201chay un apag\u00f3n informativo total\u201d que se prolonga hasta las 22:30 horas de ese d\u00eda, un lapso en el que supuestamente no ocurre nada en Iguala, pero que, seg\u00fan todas evidencias, es cuando decenas de estudiantes son agredidos a balazos, \u201clevantados\u201d por polic\u00edas municipales y delincuentes, y desaparecidos.<\/p>\n\n\n\n<p>\u201cEs inconcebible que se diga que no se tiene ninguna informaci\u00f3n sobre lo que estaba ocurriendo a los estudiantes en esos momentos cr\u00edticos, cuando hab\u00eda un seguimiento minucioso a sus actividades\u201d, afirma Buitrago.<\/p>\n\n\n\n<p>Esa informaci\u00f3n, que es la que puede indicar a d\u00f3nde fueron conducidos los normalistas y qu\u00e9 ocurri\u00f3 con ellos, es la que la Sedena se neg\u00f3 a entregar al GIEI y a la CoVAJ y la que, de acuerdo con los padres de los 43 y con los investigadores que mejor conocen el caso, est\u00e1 contenida en los 800 folios que el Ej\u00e9rcito retuvo con el aval de L\u00f3pez Obrador.&nbsp;<\/p>\n\n\n\n<p>Buitrago asegura que \u201cno s\u00f3lo son esos 800 folios los que hacen falta, sino las grabaciones (de las interceptaciones telef\u00f3nicas) que la inteligencia militar, el Cisen, y probablemente otros organismos de inteligencia hicieron a los ataques de los estudiantes y a la forma y los lugares en que fueron desaparecidos\u201d.<\/p>\n\n\n\n<h2 class=\"wp-block-heading\"><strong>Ni pr\u00edstinos ni impolutos&nbsp;<\/strong><\/h2>\n\n\n\n<p>Comprobado como est\u00e1 que la \u201cverdad hist\u00f3rica\u201d fue \u201cun montaje\u201d del gobierno y la Procuradur\u00eda General de la Rep\u00fablica (PGR) de Pe\u00f1a Nieto, y que seg\u00fan el peritaje m\u00e1s rigurosos es imposible que los 43 estudiantes hayan sido incinerados en el basurero de Cocula, falta saber a d\u00f3nde fueron conducidos, se\u00f1ala la exintegrante del GIEI.<br>En los folios de la Sedena que el general Sandoval rechaz\u00f3 entregar a los investigadores \u201cclaramente debe haber un c\u00famulo de conversaciones telef\u00f3nicas de los perpetradores, de transcripciones y ubicaciones de las personas que estaban hablando de camiones, de traslados de los muchachos y de traspasos de un lugar a otro\u201d, explica Buitrago.<\/p>\n\n\n\n<p>Sostiene que \u201cpor informaci\u00f3n a la que s\u00ed tuvimos acceso, porque al principio de nuestro regreso a M\u00e9xico (en 2019) el (entonces) presidente L\u00f3pez Obrador orden\u00f3 abrir los archivos de la Sedena, sabemos que existe esa informaci\u00f3n adicional que nos fue negada.<\/p>\n\n\n\n<blockquote class=\"wp-block-quote is-layout-flow wp-block-quote-is-layout-flow\">\n<p class=\"has-ast-global-color-4-background-color has-background has-medium-font-size\">\u201cA nosotros nos entregaron lo que quisieron&nbsp;\u2013plantea la exfiscal\u2013, pero hay informaci\u00f3n que reposa en los \u00f3rganos de seguridad del Estado,&nbsp;que tiene que estar ah\u00ed, y a la cual nunca tuvimos acceso directo, sino referencia, o simplemente se nos neg\u00f3 el acceso\u201d.<\/p>\n<\/blockquote>\n\n\n\n<p>En el sexenio de Pe\u00f1a Nieto, recuerda, hubo una \u201ccerraz\u00f3n total\u201d de la Sedena del general Cienfuegos a entregar informaci\u00f3n que coadyuvara al esclarecimiento del caso, y con L\u00f3pez Obrador \u201cla voluntad pol\u00edtica para que nosotros investig\u00e1ramos estaba al principio, hasta que lleg\u00f3 un momento en que los militares pusieron un dique y el presidente los respald\u00f3\u201d.<\/p>\n\n\n\n<p>Adem\u00e1s, el entonces presidente comenz\u00f3 a pronunciar discursos \u201cde que&nbsp;muchas entidades (militares) son intocables,&nbsp;que actuaban pr\u00edstinamente, pero era un supuesto&nbsp;que, hoy, con todas las noticias que est\u00e1n saliendo (sobre los marinos involucrados en el huachicol fiscal) se est\u00e1 demostrando que no es cierto\u201d.<\/p>\n\n\n\n<p>Buitrago se\u00f1ala que no sabe \u201csi fue exceso de confianza,&nbsp;pero todos los elementos que se ten\u00edan, por lo menos a la vista,&nbsp;ped\u00edan a gritos que se abriera esa compuerta&nbsp;para que se supiera d\u00f3nde estaban los muchachos\u201d.&nbsp;<\/p>\n\n\n\n<p>Y esa compuerta de acceso a los 800 folios de Sedena nunca se abri\u00f3. El GIEI sali\u00f3 de M\u00e9xico atacado por el entonces presidente, quien cerr\u00f3 filas con los militares y los ubic\u00f3 como v\u00edctimas de una campa\u00f1a de descr\u00e9dito.<\/p>\n\n\n\n<p>Una muestra del poder que alcanzaron los militares el sexenio pasado, del grado de impunidad con el que suelen actuar y de su profunda molestia con los investigadores del caso Ayotzinapa, es que la Sedena incluso espi\u00f3 ilegalmente con el software Pegasus al titular de la CoVAJ entre 2018 y 2023, Alejandro Encinas, quien adem\u00e1s ha sido v\u00edctima de persecuci\u00f3n judicial por parte de abogados militares.<\/p>\n\n\n\n<p>\u00c9l dijo el a\u00f1o pasado que es \u201clamentable que abogados de la Sedena litiguen contra la investigaci\u00f3n que encabeza el presidente de M\u00e9xico\u201d.<\/p>\n\n\n\n<figure class=\"wp-block-image\"><img decoding=\"async\" src=\"https:\/\/www.proceso.com.mx\/u\/fotografias\/m\/2025\/9\/25\/f768x1-232032_232159_5050.jpeg\" alt=\"\"\/><figcaption class=\"wp-element-caption\">G\u00f3mez Trejo. Refugiado en EU. Foto: Miguel Dimayuga<\/figcaption><\/figure>\n\n\n\n<h2 class=\"wp-block-heading\"><strong>La comandanta en jefa<\/strong><\/h2>\n\n\n\n<p>Buitrago cree que, pese a todos los intereses que han conspirado contra el esclarecimiento del caso Ayotzinapa y de que han pasado 11 a\u00f1os desde la desaparici\u00f3n de los normalistas, todav\u00eda es posible reencausar las investigaciones.&nbsp;<\/p>\n\n\n\n<p>En ese sentido, insiste en que \u201cla informaci\u00f3n que puede conducir al paradero de los muchachos ah\u00ed est\u00e1, pero hay un muro verde que impide llegar a ella\u201d.<\/p>\n\n\n\n<p>Y lo que debe ocurrir entonces, asegura, es que la presidenta Sheinbaum recuerde \u201cque ella es la jefa de las Fuerzas Militares y que los militares deben cumplir sus&nbsp;\u00f3rdenes\u201d.<\/p>\n\n\n\n<p>El GIEI sali\u00f3 de M\u00e9xico, Encinas dej\u00f3 la CoVAJ \u2013hoy es secretario de Planeaci\u00f3n del gobierno de la Ciudad de M\u00e9xico\u2013 y el fiscal especial del caso Ayotzinapa, Omar G\u00f3mez Trejo, debi\u00f3 refugiarse en Estados Unidos en 2022 luego de que la Fiscal\u00eda General de la Rep\u00fablica le anul\u00f3 21 \u00f3rdenes de aprehensi\u00f3n que hab\u00eda emitido contra militares presuntamente implicados con los criminales que desaparecieron a los estudiantes.<\/p>\n\n\n\n<p>Unos y otros se toparon con \u201cel muro verde\u201d y con la animadversi\u00f3n del extitular de la Sedena, general Luis Cresencio Sandoval, quien fue arropado por L\u00f3pez Obrador. El expresidente denunci\u00f3 una \u201ccampa\u00f1a de desprestigio\u201d contra la instituci\u00f3n militar. Lo mismo hab\u00eda ocurrido en el sexenio de Pe\u00f1a Nieto.&nbsp;<\/p>\n\n\n\n<p>En total, m\u00e1s de una decena de militares han sido procesados, pero la mayor\u00eda enfrenta el proceso en libertad. A\u00fan hay \u00f3rdenes de aprehensi\u00f3n pendientes contra otros elementos, incluido el coronel Rafael Hern\u00e1ndez Nieto.<\/p>\n\n\n\n<p>En 2022, L\u00f3pez Obrador dej\u00f3 a su secretario de Gobernaci\u00f3n, Ad\u00e1n Augusto L\u00f3pez, nombrar como nuevo fiscal del caso Ayotzinapa a Rosendo G\u00f3mez Piedra, un funcionario muy cercano al pol\u00edtico tabasque\u00f1o.&nbsp;<\/p>\n\n\n\n<figure class=\"wp-block-image\"><img decoding=\"async\" src=\"https:\/\/www.proceso.com.mx\/u\/fotografias\/m\/2025\/9\/25\/f768x1-232031_232158_5050.jpeg\" alt=\"\"\/><figcaption class=\"wp-element-caption\">Sheinbaum. En sus manos, la apertura de archivos militares. Foto: Eduardo Miranda<\/figcaption><\/figure>\n\n\n\n<p>Hoy, L\u00f3pez est\u00e1 en medio de una tormenta pol\u00edtica por su estrecha relaci\u00f3n con el l\u00edder del grupo criminal \u201cLa Barredora\u201d Hern\u00e1n Berm\u00fadez Requena, a quien design\u00f3 como secretario de Seguridad de Tabasco cuando fue gobernador de ese estado (2019-2021, y G\u00f3mez Piedra fue removido de su cargo como fiscal en medio de acusaciones de peculado, cohecho, extorsi\u00f3n, abuso de autoridad e intimidaci\u00f3n. Padres de los 43 repudian su \u201cp\u00e9sima\u201d gesti\u00f3n.<\/p>\n\n\n\n<p>Ahora la presidenta Sheinbaum habla de \u201cnuevas l\u00edneas y m\u00e9todos de investigaci\u00f3n\u201d del caso, que ahora est\u00e1 a cargo de un nuevo fiscal, Mauricio Pazar\u00e1n, a quien se ubica como cercano a la consejera jur\u00eddica de la presidencia, Ernestina Godoy.<\/p>\n\n\n\n<p>De acuerdo con Buitrago, entre las nuevas l\u00edneas que el GIEI ha recomendado seguir figura la de profundizar en el papel que jug\u00f3 la Marina antes, durante y despu\u00e9s de la desaparici\u00f3n de los estudiantes, pues esa fuerza militar recopilaba mucha informaci\u00f3n de inteligencia en la zona donde ocurrieron los hechos.&nbsp;<\/p>\n\n\n\n<p>Sheinbaum anunci\u00f3 ayer jueves que se ha insistido ante Israel en la extradici\u00f3n del exdirector de la Agencia de Investigaci\u00f3n Criminal, Tom\u00e1s Zer\u00f3n, quien tortur\u00f3 a detenidos por el caso Ayotzinapa y sembr\u00f3 pruebas en el R\u00edo San Juan. Adem\u00e1s, dijo que solicit\u00f3 al secretario de Estado estadunidense, Marco Rubio, la extradici\u00f3n de dos personas que se encuentran en Estados Unidos y que han sido mencionadas en la investigaci\u00f3n.<\/p>\n\n\n\n<p>Buitrago se\u00f1ala que si esas dos personas son el exjuez de barandilla en la comandancia de polic\u00eda en Iguala, Ulises Bernab\u00e9, y el exfiscal Abraham Eslava, podr\u00edan contribuir con sus declaraciones al avance de las investigaciones.&nbsp;<\/p>\n\n\n\n<p>Bernab\u00e9 fue testigo de c\u00f3mo un jefe policiaco sac\u00f3 de la comandancia a 17 normalistas que hab\u00edan sido retenidos all\u00ed, y Eslava habr\u00eda participado en torturas de miembros de Guerreros Unidos destinadas a dar sustento a la ya desacreditada \u201cverdad hist\u00f3rica\u201d.<\/p>\n\n\n\n<p>Fuente: <a href=\"https:\/\/www.proceso.com.mx\/nacional\/2025\/9\/26\/si-sheinbaum-quiere-aun-es-posible-esclarecer-el-caso-ayotzinapa-buitrago-359507.html\">https:\/\/www.proceso.com.mx\/nacional\/2025\/9\/26\/si-sheinbaum-quiere-aun-es-posible-esclarecer-el-caso-ayotzinapa-buitrago-359507.html<\/a><\/p>\n","protected":false},"excerpt":{"rendered":"<p>El Ej\u00e9rcito sabe qu\u00e9 pas\u00f3 con los normalistas y esa informaci\u00f3n debe estar en los archivos que se negaron a [&hellip;]<\/p>\n","protected":false},"author":1,"featured_media":107696,"comment_status":"open","ping_status":"open","sticky":false,"template":"","format":"standard","meta":{"site-sidebar-layout":"default","site-content-layout":"","ast-site-content-layout":"default","site-content-style":"default","site-sidebar-style":"default","ast-global-header-display":"","ast-banner-title-visibility":"","ast-main-header-display":"","ast-hfb-above-header-display":"","ast-hfb-below-header-display":"","ast-hfb-mobile-header-display":"","site-post-title":"","ast-breadcrumbs-content":"","ast-featured-img":"","footer-sml-layout":"","theme-transparent-header-meta":"","adv-header-id-meta":"","stick-header-meta":"","header-above-stick-meta":"","header-main-stick-meta":"","header-below-stick-meta":"","astra-migrate-meta-layouts":"default","ast-page-background-enabled":"default","ast-page-background-meta":{"desktop":{"background-color":"var(--ast-global-color-4)","background-image":"","background-repeat":"repeat","background-position":"center center","background-size":"auto","background-attachment":"scroll","background-type":"","background-media":"","overlay-type":"","overlay-color":"","overlay-opacity":"","overlay-gradient":""},"tablet":{"background-color":"","background-image":"","background-repeat":"repeat","background-position":"center center","background-size":"auto","background-attachment":"scroll","background-type":"","background-media":"","overlay-type":"","overlay-color":"","overlay-opacity":"","overlay-gradient":""},"mobile":{"background-color":"","background-image":"","background-repeat":"repeat","background-position":"center center","background-size":"auto","background-attachment":"scroll","background-type":"","background-media":"","overlay-type":"","overlay-color":"","overlay-opacity":"","overlay-gradient":""}},"ast-content-background-meta":{"desktop":{"background-color":"var(--ast-global-color-5)","background-image":"","background-repeat":"repeat","background-position":"center center","background-size":"auto","background-attachment":"scroll","background-type":"","background-media":"","overlay-type":"","overlay-color":"","overlay-opacity":"","overlay-gradient":""},"tablet":{"background-color":"var(--ast-global-color-5)","background-image":"","background-repeat":"repeat","background-position":"center center","background-size":"auto","background-attachment":"scroll","background-type":"","background-media":"","overlay-type":"","overlay-color":"","overlay-opacity":"","overlay-gradient":""},"mobile":{"background-color":"var(--ast-global-color-5)","background-image":"","background-repeat":"repeat","background-position":"center center","background-size":"auto","background-attachment":"scroll","background-type":"","background-media":"","overlay-type":"","overlay-color":"","overlay-opacity":"","overlay-gradient":""}},"footnotes":""},"categories":[8],"tags":[1656,42120,42119,3262],"class_list":["post-107695","post","type-post","status-publish","format-standard","has-post-thumbnail","hentry","category-noticias","tag-ayotzinapa","tag-comision-para-la-verdad-y-acceso-a-la-justicia-del-caso-ayotzinapa","tag-grupo-interdisciplinario-de-expertos-independientes","tag-sedena"],"_links":{"self":[{"href":"https:\/\/losperiodistas.com.mx\/portal\/wp-json\/wp\/v2\/posts\/107695","targetHints":{"allow":["GET"]}}],"collection":[{"href":"https:\/\/losperiodistas.com.mx\/portal\/wp-json\/wp\/v2\/posts"}],"about":[{"href":"https:\/\/losperiodistas.com.mx\/portal\/wp-json\/wp\/v2\/types\/post"}],"author":[{"embeddable":true,"href":"https:\/\/losperiodistas.com.mx\/portal\/wp-json\/wp\/v2\/users\/1"}],"replies":[{"embeddable":true,"href":"https:\/\/losperiodistas.com.mx\/portal\/wp-json\/wp\/v2\/comments?post=107695"}],"version-history":[{"count":1,"href":"https:\/\/losperiodistas.com.mx\/portal\/wp-json\/wp\/v2\/posts\/107695\/revisions"}],"predecessor-version":[{"id":107697,"href":"https:\/\/losperiodistas.com.mx\/portal\/wp-json\/wp\/v2\/posts\/107695\/revisions\/107697"}],"wp:featuredmedia":[{"embeddable":true,"href":"https:\/\/losperiodistas.com.mx\/portal\/wp-json\/wp\/v2\/media\/107696"}],"wp:attachment":[{"href":"https:\/\/losperiodistas.com.mx\/portal\/wp-json\/wp\/v2\/media?parent=107695"}],"wp:term":[{"taxonomy":"category","embeddable":true,"href":"https:\/\/losperiodistas.com.mx\/portal\/wp-json\/wp\/v2\/categories?post=107695"},{"taxonomy":"post_tag","embeddable":true,"href":"https:\/\/losperiodistas.com.mx\/portal\/wp-json\/wp\/v2\/tags?post=107695"}],"curies":[{"name":"wp","href":"https:\/\/api.w.org\/{rel}","templated":true}]}}