{"id":107689,"date":"2025-09-25T21:54:06","date_gmt":"2025-09-26T03:54:06","guid":{"rendered":"https:\/\/losperiodistas.com.mx\/portal\/?p=107689"},"modified":"2025-09-25T21:54:12","modified_gmt":"2025-09-26T03:54:12","slug":"trump-anuncia-nuevos-aranceles-a-medicamentos-camiones-y-muebles-importados-excelsior","status":"publish","type":"post","link":"https:\/\/losperiodistas.com.mx\/portal\/trump-anuncia-nuevos-aranceles-a-medicamentos-camiones-y-muebles-importados-excelsior\/","title":{"rendered":"Trump anuncia nuevos aranceles a medicamentos, camiones y muebles importados | Exc\u00e9lsior"},"content":{"rendered":"\n<p>Trump anuncia aranceles a medicamentos, camiones y muebles para proteger industria estadunidense.<\/p>\n\n\n\n<figure class=\"wp-block-image size-large\"><img fetchpriority=\"high\" decoding=\"async\" width=\"1024\" height=\"705\" src=\"https:\/\/losperiodistas.com.mx\/portal\/wp-content\/uploads\/2025\/09\/Trump-Aranceles-1024x705.png\" alt=\"\" class=\"wp-image-107690\" srcset=\"https:\/\/losperiodistas.com.mx\/portal\/wp-content\/uploads\/2025\/09\/Trump-Aranceles-1024x705.png 1024w, https:\/\/losperiodistas.com.mx\/portal\/wp-content\/uploads\/2025\/09\/Trump-Aranceles-300x206.png 300w, https:\/\/losperiodistas.com.mx\/portal\/wp-content\/uploads\/2025\/09\/Trump-Aranceles-768x529.png 768w, https:\/\/losperiodistas.com.mx\/portal\/wp-content\/uploads\/2025\/09\/Trump-Aranceles.png 1155w\" sizes=\"(max-width: 1024px) 100vw, 1024px\" \/><figcaption class=\"wp-element-caption\">El presidente Trump impone aranceles para fomentar producci\u00f3n local y seguridad nacional. Foto: AFP.<\/figcaption><\/figure>\n\n\n\n<p class=\"has-vivid-red-color has-text-color has-link-color wp-elements-8c0cecd423e5776755bdadf1538899d2\"><small>Oswaldo Rojas<\/small> \/ Exc\u00e9lsior<\/p>\n\n\n\n<p>El presidente de Estados Unidos, Donald Trump, anunci\u00f3 el jueves<strong> nuevos aranceles<\/strong> sobre<strong> productos farmac\u00e9uticos, camiones de carga pesada, accesorios para remodelaci\u00f3n <\/strong>del hogar y muebles.<\/p>\n\n\n\n<p>A partir del 1 de octubre \u00abimpondremos un arancel del 100 por ciento&nbsp;a cualquier producto farmac\u00e9utico de marca o patentado, a menos que una empresa EST\u00c9 CONSTRUYENDO su planta de fabricaci\u00f3n farmac\u00e9utica en Estados Unidos\u00bb, escribi\u00f3 el republicano en su red social Truth.<\/p>\n\n\n\n<p>En otra publicaci\u00f3n, Trump escribi\u00f3 sobre un arancel del 25 por ciento\u00a0adicional en \u00ab<strong>todos los &#8216;camiones pesados&#8217;<\/strong> fabricados en otras partes del mundo\u00bb para apoyar a fabricantes estadounidenses como \u00abPeterbilt, Kenworth, Freightliner, Mack Trucks y otros\u00bb.<\/p>\n\n\n\n<p>Dijo que los aranceles para los camiones se justifican \u00abpor muchas razones, pero sobre todo, por prop\u00f3sitos de seguridad nacional\u00bb.<\/p>\n\n\n\n<p>A principios de a\u00f1o, la administraci\u00f3n Trump lanz\u00f3 una<strong> investigaci\u00f3n sobre importaciones<\/strong> de camiones para \u00abdeterminar los efectos sobre la seguridad nacional\u00bb.<\/p>\n\n\n\n<p>El republicano tambi\u00e9n se refiri\u00f3 sobre los materiales para la renovaci\u00f3n del hogar. \u00abImpondremos un arancel del 50% en todos los gabinetes de cocina, tocadores de ba\u00f1o y productos asociados\u00bb.<\/p>\n\n\n\n<p>Esta tasa tambi\u00e9n entrar\u00eda en vigor el 1 de octubre.<\/p>\n\n\n\n<blockquote class=\"wp-block-quote is-layout-flow wp-block-quote-is-layout-flow\">\n<p>Adem\u00e1s, cobraremos un arancel del 30 por ciento en muebles tapizados\u00bb.<\/p>\n<\/blockquote>\n\n\n\n<p>Desde que volvi\u00f3 a la presidencia en enero, Trump lidera una ofensiva arancelaria dirigida principalmente a reducir el d\u00e9ficit comercial de Estados Unidos.<\/p>\n\n\n\n<p>Fuente: <a href=\"https:\/\/www.excelsior.com.mx\/global\/trump-aranceles-medicamentos-camiones-hogar\/1741930\" target=\"_blank\" rel=\"noreferrer noopener\">Exc\u00e9lsior<\/a><\/p>\n","protected":false},"excerpt":{"rendered":"<p>Trump anuncia aranceles a medicamentos, camiones y muebles para proteger industria estadunidense.<\/p>\n","protected":false},"author":1,"featured_media":107690,"comment_status":"open","ping_status":"open","sticky":false,"template":"","format":"standard","meta":{"site-sidebar-layout":"default","site-content-layout":"","ast-site-content-layout":"default","site-content-style":"default","site-sidebar-style":"default","ast-global-header-display":"","ast-banner-title-visibility":"","ast-main-header-display":"","ast-hfb-above-header-display":"","ast-hfb-below-header-display":"","ast-hfb-mobile-header-display":"","site-post-title":"","ast-breadcrumbs-content":"","ast-featured-img":"","footer-sml-layout":"","theme-transparent-header-meta":"","adv-header-id-meta":"","stick-header-meta":"","header-above-stick-meta":"","header-main-stick-meta":"","header-below-stick-meta":"","astra-migrate-meta-layouts":"default","ast-page-background-enabled":"default","ast-page-background-meta":{"desktop":{"background-color":"var(--ast-global-color-4)","background-image":"","background-repeat":"repeat","background-position":"center center","background-size":"auto","background-attachment":"scroll","background-type":"","background-media":"","overlay-type":"","overlay-color":"","overlay-opacity":"","overlay-gradient":""},"tablet":{"background-color":"","background-image":"","background-repeat":"repeat","background-position":"center center","background-size":"auto","background-attachment":"scroll","background-type":"","background-media":"","overlay-type":"","overlay-color":"","overlay-opacity":"","overlay-gradient":""},"mobile":{"background-color":"","background-image":"","background-repeat":"repeat","background-position":"center center","background-size":"auto","background-attachment":"scroll","background-type":"","background-media":"","overlay-type":"","overlay-color":"","overlay-opacity":"","overlay-gradient":""}},"ast-content-background-meta":{"desktop":{"background-color":"var(--ast-global-color-5)","background-image":"","background-repeat":"repeat","background-position":"center center","background-size":"auto","background-attachment":"scroll","background-type":"","background-media":"","overlay-type":"","overlay-color":"","overlay-opacity":"","overlay-gradient":""},"tablet":{"background-color":"var(--ast-global-color-5)","background-image":"","background-repeat":"repeat","background-position":"center center","background-size":"auto","background-attachment":"scroll","background-type":"","background-media":"","overlay-type":"","overlay-color":"","overlay-opacity":"","overlay-gradient":""},"mobile":{"background-color":"var(--ast-global-color-5)","background-image":"","background-repeat":"repeat","background-position":"center center","background-size":"auto","background-attachment":"scroll","background-type":"","background-media":"","overlay-type":"","overlay-color":"","overlay-opacity":"","overlay-gradient":""}},"footnotes":""},"categories":[8],"tags":[17118,42113,20759,42114],"class_list":["post-107689","post","type-post","status-publish","format-standard","has-post-thumbnail","hentry","category-noticias","tag-aranceles","tag-camiones","tag-medicamentos","tag-muebles-importados"],"_links":{"self":[{"href":"https:\/\/losperiodistas.com.mx\/portal\/wp-json\/wp\/v2\/posts\/107689","targetHints":{"allow":["GET"]}}],"collection":[{"href":"https:\/\/losperiodistas.com.mx\/portal\/wp-json\/wp\/v2\/posts"}],"about":[{"href":"https:\/\/losperiodistas.com.mx\/portal\/wp-json\/wp\/v2\/types\/post"}],"author":[{"embeddable":true,"href":"https:\/\/losperiodistas.com.mx\/portal\/wp-json\/wp\/v2\/users\/1"}],"replies":[{"embeddable":true,"href":"https:\/\/losperiodistas.com.mx\/portal\/wp-json\/wp\/v2\/comments?post=107689"}],"version-history":[{"count":1,"href":"https:\/\/losperiodistas.com.mx\/portal\/wp-json\/wp\/v2\/posts\/107689\/revisions"}],"predecessor-version":[{"id":107691,"href":"https:\/\/losperiodistas.com.mx\/portal\/wp-json\/wp\/v2\/posts\/107689\/revisions\/107691"}],"wp:featuredmedia":[{"embeddable":true,"href":"https:\/\/losperiodistas.com.mx\/portal\/wp-json\/wp\/v2\/media\/107690"}],"wp:attachment":[{"href":"https:\/\/losperiodistas.com.mx\/portal\/wp-json\/wp\/v2\/media?parent=107689"}],"wp:term":[{"taxonomy":"category","embeddable":true,"href":"https:\/\/losperiodistas.com.mx\/portal\/wp-json\/wp\/v2\/categories?post=107689"},{"taxonomy":"post_tag","embeddable":true,"href":"https:\/\/losperiodistas.com.mx\/portal\/wp-json\/wp\/v2\/tags?post=107689"}],"curies":[{"name":"wp","href":"https:\/\/api.w.org\/{rel}","templated":true}]}}