{"id":107685,"date":"2025-09-25T21:43:52","date_gmt":"2025-09-26T03:43:52","guid":{"rendered":"https:\/\/losperiodistas.com.mx\/portal\/?p=107685"},"modified":"2025-09-25T21:46:26","modified_gmt":"2025-09-26T03:46:26","slug":"paro-en-cinco-facultades-de-unam-tras-asesinato-en-cchs-y-aniversario-del-caso-ayotzinapa-la-jornada","status":"publish","type":"post","link":"https:\/\/losperiodistas.com.mx\/portal\/paro-en-cinco-facultades-de-unam-tras-asesinato-en-cchs-y-aniversario-del-caso-ayotzinapa-la-jornada\/","title":{"rendered":"Paro en cinco facultades de UNAM tras asesinato en CCH&#8217;s y aniversario del caso Ayotzinapa | La Jornada"},"content":{"rendered":"\n<figure class=\"wp-block-image size-large\"><img fetchpriority=\"high\" decoding=\"async\" width=\"1024\" height=\"684\" src=\"https:\/\/losperiodistas.com.mx\/portal\/wp-content\/uploads\/2025\/09\/Paro-unam-1024x684.png\" alt=\"\" class=\"wp-image-107686\" srcset=\"https:\/\/losperiodistas.com.mx\/portal\/wp-content\/uploads\/2025\/09\/Paro-unam-1024x684.png 1024w, https:\/\/losperiodistas.com.mx\/portal\/wp-content\/uploads\/2025\/09\/Paro-unam-300x200.png 300w, https:\/\/losperiodistas.com.mx\/portal\/wp-content\/uploads\/2025\/09\/Paro-unam-768x513.png 768w, https:\/\/losperiodistas.com.mx\/portal\/wp-content\/uploads\/2025\/09\/Paro-unam.png 1367w\" sizes=\"(max-width: 1024px) 100vw, 1024px\" \/><figcaption class=\"wp-element-caption\">Este mi\u00e9rcoles alumnos del CCH Sur realizaron una marcha para manifestarse por el asesinato de un compa\u00f1ero estudiante ocurrido dentro de dichas instalaciones Foto Jair Cabrera Torres<\/figcaption><\/figure>\n\n\n\n<p class=\"has-vivid-red-color has-text-color has-link-color wp-elements-7f595815dd1dc458c6edab4d4e702c45\">Alexia Villase\u00f1or \/ Lilian Hern\u00e1ndez \/ La Jornada<\/p>\n\n\n\n<p>Hasta el mediod\u00eda de este jueves alrededor de cinco facultades est\u00e1n en paro de actividades, como protesta ante lo sucedido tanto por el asesinato del alumno Jes\u00fas Israel en el Colegio de Ciencias y Humanidades (CCH) sur, como por la conmemoraci\u00f3n a once a\u00f1os de la desaparici\u00f3n de los 43 normalistas de Ayotzinapa. A lo largo de este d\u00eda, se sostendr\u00e1n asambleas estudiantiles en diversos planteles, por lo cual no se descarta que se sumen a las suspensiones.<\/p>\n\n\n\n<p>En paro total se encuentra la Facultad de Filosof\u00eda y Letras (FFyL), que anunci\u00f3 el mi\u00e9rcoles por la noche en un comunicado la suspensi\u00f3n de actividades tanto acad\u00e9micas como administrativas del 24 al 3 de octubre. Reiter\u00f3 su solidaridad y preocupaci\u00f3n \u201cpor las v\u00edctimas de la violencia que vivimos actualmente\u201d. Adem\u00e1s, hay toma de instalaciones durante este periodo.<\/p>\n\n\n\n<p>La Escuela Nacional de Trabajo Social (ENTS) tambi\u00e9n est\u00e1 en paro total de actividades acad\u00e9micas en el sistema presencial, sin toma de instalaciones, desde el 24 de septiembre hasta el 3 de octubre. En un comunicado aclar\u00f3 que las instalaciones est\u00e1n bajo la responsabilidad de la direcci\u00f3n y administraci\u00f3n, a fin de no suspender acciones como titulaci\u00f3n, servicios escolares, servicio social. A la vez, inform\u00f3 que el Sistema de Universidad Abierta y Educaci\u00f3n a Distancia no participa en el paro.<\/p>\n\n\n\n<p>Otro plantel en paro total es la Facultad de Artes y Dise\u00f1o (FAD) Xochimilco, del 24 al 3 de octubre. En un comunicado se exhorta a la comunidad de la FAD, en especial a quienes quedaron a cargo de las instalaciones, a cuidar y respetar todas las \u00e1reas acad\u00e9micas y bienes materiales que conforman esta facultad.<\/p>\n\n\n\n<p>En paro activo est\u00e1n la Facultad de Enfermer\u00eda y Obstetricia (FENO), en un desplegado inform\u00f3 que las clases te\u00f3ricas se reanudar\u00e1n hasta el lunes 29 de septiembre. El jueves y viernes se mantendr\u00e1n las asesor\u00edas del centro de simulaci\u00f3n para el desarrollo de habilidades cl\u00ednicas.<\/p>\n\n\n\n<p>La Facultad de Ciencias estar\u00e1 en paro activo este jueves. La Facultad de Ciencias Pol\u00edticas y Sociales (FCPyS) sostendr\u00e1 una asamblea despu\u00e9s de las 13 horas. Esta escuela suspendi\u00f3 actividades el pasado martes para que sus estudiantes pudieran participar en la marcha.<\/p>\n\n\n\n<p>La Escuela Nacional Preparatoria (ENP) 5 acord\u00f3 que este jueves, viernes, y el 2 de octubre, en ambos turnos las actividades acad\u00e9micas presenciales se llevar\u00e1n a cabo sin pase de lista ni evaluaciones para que los alumnos puedan sumarse a las actividades de protesta. En la misma situaci\u00f3n est\u00e1 la ENP 2.<\/p>\n\n\n\n<p>Despu\u00e9s de la situaci\u00f3n de violencia en las instalaciones del CCH Sur, en donde el alumno Jes\u00fas Israel perdi\u00f3 la vida tras el ataque de otro compa\u00f1ero, este plantel y Ciudad Universitaria han sido escenarios de diversas movilizaciones de estudiantes, profesores y padres de familia para denunciar la falta de seguridad y exigir justicia. Durante esta semana, se han realizado asambleas en diversas facultades para determinar c\u00f3mo ser\u00e1 su participaci\u00f3n para demandar un cese a la violencia.<\/p>\n\n\n\n<p>Fuente: <a href=\"https:\/\/www.jornada.com.mx\/noticia\/2025\/09\/25\/sociedad\/paros-en-cinco-facultades-de-unam-tras-asesinato-en-cch-s-y-aniversario-del-caso-ayotzinapa\" target=\"_blank\" rel=\"noreferrer noopener\">La Jornada<\/a><\/p>\n","protected":false},"excerpt":{"rendered":"<p>Alexia Villase\u00f1or \/ Lilian Hern\u00e1ndez \/ La Jornada Hasta el mediod\u00eda de este jueves alrededor de cinco facultades est\u00e1n en [&hellip;]<\/p>\n","protected":false},"author":1,"featured_media":107686,"comment_status":"open","ping_status":"open","sticky":false,"template":"","format":"standard","meta":{"site-sidebar-layout":"default","site-content-layout":"","ast-site-content-layout":"default","site-content-style":"default","site-sidebar-style":"default","ast-global-header-display":"","ast-banner-title-visibility":"","ast-main-header-display":"","ast-hfb-above-header-display":"","ast-hfb-below-header-display":"","ast-hfb-mobile-header-display":"","site-post-title":"","ast-breadcrumbs-content":"","ast-featured-img":"","footer-sml-layout":"","theme-transparent-header-meta":"","adv-header-id-meta":"","stick-header-meta":"","header-above-stick-meta":"","header-main-stick-meta":"","header-below-stick-meta":"","astra-migrate-meta-layouts":"default","ast-page-background-enabled":"default","ast-page-background-meta":{"desktop":{"background-color":"var(--ast-global-color-4)","background-image":"","background-repeat":"repeat","background-position":"center center","background-size":"auto","background-attachment":"scroll","background-type":"","background-media":"","overlay-type":"","overlay-color":"","overlay-opacity":"","overlay-gradient":""},"tablet":{"background-color":"","background-image":"","background-repeat":"repeat","background-position":"center center","background-size":"auto","background-attachment":"scroll","background-type":"","background-media":"","overlay-type":"","overlay-color":"","overlay-opacity":"","overlay-gradient":""},"mobile":{"background-color":"","background-image":"","background-repeat":"repeat","background-position":"center center","background-size":"auto","background-attachment":"scroll","background-type":"","background-media":"","overlay-type":"","overlay-color":"","overlay-opacity":"","overlay-gradient":""}},"ast-content-background-meta":{"desktop":{"background-color":"var(--ast-global-color-5)","background-image":"","background-repeat":"repeat","background-position":"center center","background-size":"auto","background-attachment":"scroll","background-type":"","background-media":"","overlay-type":"","overlay-color":"","overlay-opacity":"","overlay-gradient":""},"tablet":{"background-color":"var(--ast-global-color-5)","background-image":"","background-repeat":"repeat","background-position":"center center","background-size":"auto","background-attachment":"scroll","background-type":"","background-media":"","overlay-type":"","overlay-color":"","overlay-opacity":"","overlay-gradient":""},"mobile":{"background-color":"var(--ast-global-color-5)","background-image":"","background-repeat":"repeat","background-position":"center center","background-size":"auto","background-attachment":"scroll","background-type":"","background-media":"","overlay-type":"","overlay-color":"","overlay-opacity":"","overlay-gradient":""}},"footnotes":""},"categories":[8],"tags":[42111,41992,42112,2672],"class_list":["post-107685","post","type-post","status-publish","format-standard","has-post-thumbnail","hentry","category-noticias","tag-aniversario-ayotzi","tag-cch-sur","tag-paro","tag-unam"],"_links":{"self":[{"href":"https:\/\/losperiodistas.com.mx\/portal\/wp-json\/wp\/v2\/posts\/107685","targetHints":{"allow":["GET"]}}],"collection":[{"href":"https:\/\/losperiodistas.com.mx\/portal\/wp-json\/wp\/v2\/posts"}],"about":[{"href":"https:\/\/losperiodistas.com.mx\/portal\/wp-json\/wp\/v2\/types\/post"}],"author":[{"embeddable":true,"href":"https:\/\/losperiodistas.com.mx\/portal\/wp-json\/wp\/v2\/users\/1"}],"replies":[{"embeddable":true,"href":"https:\/\/losperiodistas.com.mx\/portal\/wp-json\/wp\/v2\/comments?post=107685"}],"version-history":[{"count":1,"href":"https:\/\/losperiodistas.com.mx\/portal\/wp-json\/wp\/v2\/posts\/107685\/revisions"}],"predecessor-version":[{"id":107687,"href":"https:\/\/losperiodistas.com.mx\/portal\/wp-json\/wp\/v2\/posts\/107685\/revisions\/107687"}],"wp:featuredmedia":[{"embeddable":true,"href":"https:\/\/losperiodistas.com.mx\/portal\/wp-json\/wp\/v2\/media\/107686"}],"wp:attachment":[{"href":"https:\/\/losperiodistas.com.mx\/portal\/wp-json\/wp\/v2\/media?parent=107685"}],"wp:term":[{"taxonomy":"category","embeddable":true,"href":"https:\/\/losperiodistas.com.mx\/portal\/wp-json\/wp\/v2\/categories?post=107685"},{"taxonomy":"post_tag","embeddable":true,"href":"https:\/\/losperiodistas.com.mx\/portal\/wp-json\/wp\/v2\/tags?post=107685"}],"curies":[{"name":"wp","href":"https:\/\/api.w.org\/{rel}","templated":true}]}}