{"id":107186,"date":"2025-09-19T08:19:54","date_gmt":"2025-09-19T14:19:54","guid":{"rendered":"https:\/\/losperiodistas.com.mx\/portal\/?p=107186"},"modified":"2025-09-19T08:19:56","modified_gmt":"2025-09-19T14:19:56","slug":"opinion-inauguran-el-ceposami-16-anos-de-radio-en-redes","status":"publish","type":"post","link":"https:\/\/losperiodistas.com.mx\/portal\/opinion-inauguran-el-ceposami-16-anos-de-radio-en-redes\/","title":{"rendered":"Opini\u00f3n | Inauguran el CEPOSAMI; \u00a016 a\u00f1os de Radio en Redes"},"content":{"rendered":"\n<p class=\"has-medium-font-size\">*Endeuda el presupuesto: PRI; deslaves en Huitzilan; mantenimiento a tanques de agua<\/p>\n\n\n\n<figure class=\"wp-block-image size-large\"><img fetchpriority=\"high\" decoding=\"async\" width=\"1024\" height=\"576\" src=\"https:\/\/losperiodistas.com.mx\/portal\/wp-content\/uploads\/2025\/09\/DERRUMBES-EN-HUITZILAN-1024x576.jpeg\" alt=\"\" class=\"wp-image-107187\" srcset=\"https:\/\/losperiodistas.com.mx\/portal\/wp-content\/uploads\/2025\/09\/DERRUMBES-EN-HUITZILAN-1024x576.jpeg 1024w, https:\/\/losperiodistas.com.mx\/portal\/wp-content\/uploads\/2025\/09\/DERRUMBES-EN-HUITZILAN-300x169.jpeg 300w, https:\/\/losperiodistas.com.mx\/portal\/wp-content\/uploads\/2025\/09\/DERRUMBES-EN-HUITZILAN-768x432.jpeg 768w, https:\/\/losperiodistas.com.mx\/portal\/wp-content\/uploads\/2025\/09\/DERRUMBES-EN-HUITZILAN.jpeg 1040w\" sizes=\"(max-width: 1024px) 100vw, 1024px\" \/><\/figure>\n\n\n\n<p class=\"has-medium-font-size\"><strong>Por Ra\u00fal Torres Salmer\u00f3n \/ Sin Limites<\/strong><\/p>\n\n\n\n<p>Cuidar la salud mental de los ni\u00f1os y adolescentes es proteger sus sue\u00f1os y garantizar su derecho a ser felices, expres\u00f3 la Presidenta del Sistema Estatal DIF, Cecilia Arellano, durante la puesta en marcha del Centro Poblano de Salud Mental Integral (CEPOSAMI), el cual se construy\u00f3 en tiempo r\u00e9cord.<\/p>\n\n\n\n<p>El CEPOSAMI, ubicado en lo que era el helipuerto y zona aleda\u00f1a a la cancha de futbol de Casa Puebla, es \u00fanico a nivel nacional, toda vez que este proyecto no se tiene en ning\u00fan lado del pa\u00eds, pues se atender\u00e1 desde las causas, debido a que el entorno social y familiar influye en el estado de salud del menor, sobre todo a ra\u00edz de la pandemia de Covid.<\/p>\n\n\n\n<p>Entre las funciones y metas, seg\u00fan el Gobernador Alejandro Armenta est\u00e1n las siguientes:<\/p>\n\n\n\n<p>-Es un proyecto que contribuye a disminuir la tendencia suicida.<\/p>\n\n\n\n<p>-Tuvo un costo de 44 millones de pesos, con ahorros notables y nada que ver con las obras fara\u00f3nicas que realizaban los gobiernos pasados.<\/p>\n\n\n\n<p>-Expertos se ocupar\u00e1n en conservar y sanar la salud mental de las ni\u00f1as, ni\u00f1os y adolescentes, ya que la Organizaci\u00f3n Mundial de la Salud (OMS), considera que en el mundo uno de cada 7 adolescentes presenta un trastorno emocional, donde la depresi\u00f3n, ansiedad y trastornos de conducta son los m\u00e1s recurrentes.<\/p>\n\n\n\n<p>-Se construy\u00f3 en 2 mil 773 metros cuadrados, con 5 edificios y obra exterior con criterios de planeaci\u00f3n, seguridad y funcionalidad, para responder de manera eficiente y digna a las necesidades emocionales y psicol\u00f3gicas de los menores.<\/p>\n\n\n\n<p>-Este espacio ofrecer\u00e1 asistencia m\u00e9dica personalizada, a trav\u00e9s de especialistas de la salud y terapeutas, con capacidad de hasta 70 consultas diarias, sin costo para los ciudadanos.<\/p>\n\n\n\n<p>-Tiene consulta externa, admisi\u00f3n continua, 6 consultorios, salas de terapia grupal, 2 salas de crisis, \u00e1rea administrativa, auditorio para 100 personas, 3 talleres, cocina, comedor, biblioteca, \u00e1rea de observaci\u00f3n Intensiva para adolescentes con 22 camas para mujeres y hombres.<\/p>\n\n\n\n<p>-Observaci\u00f3n Intensiva Infantil con seis camas. Atender\u00e1 especialidades de paidopsiquiatr\u00eda, psiquiatr\u00eda, nutrici\u00f3n, endocrinolog\u00eda y psicolog\u00eda cl\u00ednica, adem\u00e1s de ofrecer caninoterapia y equinoterapia.<\/p>\n\n\n\n<p>Ante m\u00e1s de mil 200 invitados de todos los sectores sociales, la Presidenta Nacional del DIF, Mar\u00eda del Roc\u00edo Garc\u00eda P\u00e9rez anunci\u00f3 que el modelo \u00fanico en el pa\u00eds, ser\u00e1 un modelo para otros estados.<\/p>\n\n\n\n<p><strong>16 A\u00d1OS DE RADIO EN REDES<\/strong><\/p>\n\n\n\n<p>Uno de los primeros sistemas informativos de Puebla con el uso de radio en Internet, Radio en Redes, que dirige el Periodista Adri\u00e1n Sarmiento estuvo de fiesta al cumplir 16 a\u00f1os de existencia.<\/p>\n\n\n\n<p>En una comida en el restaurante El Sabor del Chef en la colonia Huexotitla, estuvieron Claudia Osorno, Alejandrina Sarmiento Osorno, Alberta Vargas, Carlos Mac\u00edas Palma, Laura Garc\u00eda, Guadalupe Zer\u00f3n, Alejandro Garc\u00eda Lim\u00f3n, Jorge M\u00e9ndez Sp\u00ednola, Rosa M\u00e1rquez, Jorge Lemus, Leticia Montagner y Enrique Romero Razo.<\/p>\n\n\n\n<figure class=\"wp-block-image size-full\"><img decoding=\"async\" width=\"991\" height=\"603\" src=\"https:\/\/losperiodistas.com.mx\/portal\/wp-content\/uploads\/2025\/09\/16-ANIVERSARIO-DE-RADIO-EN-REDES.jpg\" alt=\"\" class=\"wp-image-107188\" srcset=\"https:\/\/losperiodistas.com.mx\/portal\/wp-content\/uploads\/2025\/09\/16-ANIVERSARIO-DE-RADIO-EN-REDES.jpg 991w, https:\/\/losperiodistas.com.mx\/portal\/wp-content\/uploads\/2025\/09\/16-ANIVERSARIO-DE-RADIO-EN-REDES-300x183.jpg 300w, https:\/\/losperiodistas.com.mx\/portal\/wp-content\/uploads\/2025\/09\/16-ANIVERSARIO-DE-RADIO-EN-REDES-768x467.jpg 768w\" sizes=\"(max-width: 991px) 100vw, 991px\" \/><\/figure>\n\n\n\n<p>Chiva Queen, Esteban Liz\u00e1rraga, Manuel Zepeda, Luis Pi\u00f1\u00f3n, Daniel P\u00e9rez y Fierro, Sergio Romero, Liz Candia, Esther Aguilar, Jorge Winder y Margarita Vivar.<\/p>\n\n\n\n<p>Radio en Redes con su lema Enreda tus Sentidos, tiene una gran variedad de noticieros, programas y columnas, con una gran audiencia. Muchas felicidades.<\/p>\n\n\n\n<p>DE TODO UN POCO<\/p>\n\n\n\n<p>DESLAVES EN HUITZILAN. Ante las intensas lluvias en Huitzilan de Serd\u00e1n, se han registrado deslaves de grandes dimensiones que han afectado severamente la red de caminos en todo el municipio, adem\u00e1s de afectaciones por la crecida de r\u00edos y arroyos. Como acciones Inmediatas, el Ayuntamiento en coordinaci\u00f3n con los elementos de Seguridad P\u00fablica, brigadas de Protecci\u00f3n Civil Municipal y pobladores de las diferentes comunidades, han sumado esfuerzos y logrado liberar algunos accesos.&nbsp; Se realiz\u00f3 la solicitud de apoyo con maquinaria pesada a la SEDENA, para atender los puntos m\u00e1s cr\u00edticos que a\u00fan permanecen cerrados.<\/p>\n\n\n\n<p>PRESUPUESTO ENDEUDA AL PA\u00cdS. El Presidente Interino del Comit\u00e9 Estatal del PRI, Juan Jos\u00e9 Castro Justo, asegur\u00f3 que el Proyecto de Presupuesto 2026, presentado por la Federaci\u00f3n, recorta recursos en \u00e1reas esenciales y endeuda a\u00fan m\u00e1s al pa\u00eds, comprometiendo con ello el futuro de las nuevas generaciones. Coment\u00f3 que se contempla un endeudamiento interno neto de un bill\u00f3n 770 mil millones de pesos, con lo cual se alcanzar\u00e1n una deuda total de 20 billones 500 mil millones de pesos, cifra que duplica lo registrado en 2018.<\/p>\n\n\n\n<p>REHABILITAN TANQUES DE AGUA. Con el objetivo de conservar el agua, evitar p\u00e9rdidas y garantizar la calidad del l\u00edquido que consumen miles de hogares, Agua de Puebla llev\u00f3 a cabo la rehabilitaci\u00f3n integral de 10 tanques de almacenamiento de agua potable, con una inversi\u00f3n de $27 millones de pesos. Las acciones se realizaron en el \u00faltimo a\u00f1o, entre el 27 de mayo de 2024 al 31 de marzo de 2025, beneficiando a vecinos de las colonias ubicadas alrededor de los tanques Maravillas, Xonaca, Infonavit San Pedro, Zavaleta, H\u00e9roes de Puebla, Hacienda Santa Clara (tanques superficial y elevado), Infonavit San Ram\u00f3n 3ra. Secci\u00f3n, el SNTE y Lomas de San Miguel.<\/p>\n\n\n\n<p>APOYO A M\u00daSICOS. Con la finalidad de garantizar la participaci\u00f3n de m\u00fasicos locales en eventos masivos p\u00fablicos y privados, la Comisi\u00f3n de Arte y Cultura del Cabildo de Puebla, presidida por Vanesa L\u00f3pez Silva, aval\u00f3 por unanimidad un dictamen para fortalecer el Cap\u00edtulo 12 del C\u00f3digo Reglamentario para el Municipio de Puebla referente a Espect\u00e1culos P\u00fablicos. Se pretende impulsar el talento local, por lo que fueron modificados los art\u00edculos 475, 489 y 490 de dicho apartado. Estuvieron las regidoras Alondra M\u00e9ndez Luis, Amparo Acu\u00f1a Figueroa, Bertha Mar\u00eda de Lourdes Villavicencio Ramos y Marcela Montealegre Villagr\u00e1n<\/p>\n\n\n\n<p>En fin, como escribi\u00f3 Arturo Borja (Ecuador, 1892-1912), en su poema Para m\u00ed, tu Recuerdo:<\/p>\n\n\n\n<p>No te reprocho nada, o a lo m\u00e1s mi tristeza,<\/p>\n\n\n\n<p>esta tristeza enorme que me quita la vida,<\/p>\n\n\n\n<p>que me asemeja a un pobre moribundo que reza<\/p>\n\n\n\n<p>a la Virgen pidiendo que le cure la herida.<\/p>\n\n\n\n<p>raultorress@hotmail.com<\/p>\n\n\n\n<hr class=\"wp-block-separator has-alpha-channel-opacity\"\/>\n\n\n\n<p><strong>+ OPINI\u00d3N : Las opiniones expresadas son responsabilidad del autor<\/strong><\/p>\n","protected":false},"excerpt":{"rendered":"<p>*Endeuda el presupuesto: PRI; deslaves en Huitzilan; mantenimiento a tanques de agua Por Ra\u00fal Torres Salmer\u00f3n \/ Sin Limites Cuidar [&hellip;]<\/p>\n","protected":false},"author":1,"featured_media":107187,"comment_status":"open","ping_status":"open","sticky":false,"template":"","format":"standard","meta":{"site-sidebar-layout":"default","site-content-layout":"","ast-site-content-layout":"default","site-content-style":"default","site-sidebar-style":"default","ast-global-header-display":"","ast-banner-title-visibility":"","ast-main-header-display":"","ast-hfb-above-header-display":"","ast-hfb-below-header-display":"","ast-hfb-mobile-header-display":"","site-post-title":"","ast-breadcrumbs-content":"","ast-featured-img":"","footer-sml-layout":"","theme-transparent-header-meta":"","adv-header-id-meta":"","stick-header-meta":"","header-above-stick-meta":"","header-main-stick-meta":"","header-below-stick-meta":"","astra-migrate-meta-layouts":"default","ast-page-background-enabled":"default","ast-page-background-meta":{"desktop":{"background-color":"var(--ast-global-color-4)","background-image":"","background-repeat":"repeat","background-position":"center center","background-size":"auto","background-attachment":"scroll","background-type":"","background-media":"","overlay-type":"","overlay-color":"","overlay-opacity":"","overlay-gradient":""},"tablet":{"background-color":"","background-image":"","background-repeat":"repeat","background-position":"center center","background-size":"auto","background-attachment":"scroll","background-type":"","background-media":"","overlay-type":"","overlay-color":"","overlay-opacity":"","overlay-gradient":""},"mobile":{"background-color":"","background-image":"","background-repeat":"repeat","background-position":"center center","background-size":"auto","background-attachment":"scroll","background-type":"","background-media":"","overlay-type":"","overlay-color":"","overlay-opacity":"","overlay-gradient":""}},"ast-content-background-meta":{"desktop":{"background-color":"var(--ast-global-color-5)","background-image":"","background-repeat":"repeat","background-position":"center center","background-size":"auto","background-attachment":"scroll","background-type":"","background-media":"","overlay-type":"","overlay-color":"","overlay-opacity":"","overlay-gradient":""},"tablet":{"background-color":"var(--ast-global-color-5)","background-image":"","background-repeat":"repeat","background-position":"center center","background-size":"auto","background-attachment":"scroll","background-type":"","background-media":"","overlay-type":"","overlay-color":"","overlay-opacity":"","overlay-gradient":""},"mobile":{"background-color":"var(--ast-global-color-5)","background-image":"","background-repeat":"repeat","background-position":"center center","background-size":"auto","background-attachment":"scroll","background-type":"","background-media":"","overlay-type":"","overlay-color":"","overlay-opacity":"","overlay-gradient":""}},"footnotes":""},"categories":[8,19],"tags":[41872,41870,41871],"class_list":["post-107186","post","type-post","status-publish","format-standard","has-post-thumbnail","hentry","category-noticias","category-sin-limites-2","tag-ceposami","tag-derrumbes-huitzilan","tag-radio-en-redes"],"_links":{"self":[{"href":"https:\/\/losperiodistas.com.mx\/portal\/wp-json\/wp\/v2\/posts\/107186","targetHints":{"allow":["GET"]}}],"collection":[{"href":"https:\/\/losperiodistas.com.mx\/portal\/wp-json\/wp\/v2\/posts"}],"about":[{"href":"https:\/\/losperiodistas.com.mx\/portal\/wp-json\/wp\/v2\/types\/post"}],"author":[{"embeddable":true,"href":"https:\/\/losperiodistas.com.mx\/portal\/wp-json\/wp\/v2\/users\/1"}],"replies":[{"embeddable":true,"href":"https:\/\/losperiodistas.com.mx\/portal\/wp-json\/wp\/v2\/comments?post=107186"}],"version-history":[{"count":1,"href":"https:\/\/losperiodistas.com.mx\/portal\/wp-json\/wp\/v2\/posts\/107186\/revisions"}],"predecessor-version":[{"id":107189,"href":"https:\/\/losperiodistas.com.mx\/portal\/wp-json\/wp\/v2\/posts\/107186\/revisions\/107189"}],"wp:featuredmedia":[{"embeddable":true,"href":"https:\/\/losperiodistas.com.mx\/portal\/wp-json\/wp\/v2\/media\/107187"}],"wp:attachment":[{"href":"https:\/\/losperiodistas.com.mx\/portal\/wp-json\/wp\/v2\/media?parent=107186"}],"wp:term":[{"taxonomy":"category","embeddable":true,"href":"https:\/\/losperiodistas.com.mx\/portal\/wp-json\/wp\/v2\/categories?post=107186"},{"taxonomy":"post_tag","embeddable":true,"href":"https:\/\/losperiodistas.com.mx\/portal\/wp-json\/wp\/v2\/tags?post=107186"}],"curies":[{"name":"wp","href":"https:\/\/api.w.org\/{rel}","templated":true}]}}