{"id":1071,"date":"2020-11-11T06:27:07","date_gmt":"2020-11-11T12:27:07","guid":{"rendered":"http:\/\/losperiodistas.com.mx\/portal\/?p=1071"},"modified":"2020-11-11T06:27:07","modified_gmt":"2020-11-11T12:27:07","slug":"scjng-rechazo-el-uso-del-lenguaje-inclusivo-en-la-constitucion-de-puebla","status":"publish","type":"post","link":"https:\/\/losperiodistas.com.mx\/portal\/scjng-rechazo-el-uso-del-lenguaje-inclusivo-en-la-constitucion-de-puebla\/","title":{"rendered":"SCJNG rechaz\u00f3 el uso del lenguaje inclusivo en la Constituci\u00f3n de Puebla"},"content":{"rendered":"\n<p><em>La ministra Ana Margarita R\u00edos Farjat present\u00f3 el proyecto para declarar fundado el concepto de invalidez, mismo que fue votado a favor por otros cinco integrantes de la Suprema Corte<\/em><\/p>\n\n\n\n<p class=\"has-vivid-cyan-blue-color has-text-color has-medium-font-size\">INFOBAE<\/p>\n\n\n\n<p>La&nbsp;<strong>Suprema Corte de Justicia de la Nacional<\/strong>, a trav\u00e9s de una sesi\u00f3n remota del Pleno, discutieron la norma propuesta en Puebla para integrar el lenguaje inclusivo dentro de la constituci\u00f3n estatal, misma que fue declarada inv\u00e1lida.<\/p>\n\n\n\n<p>La ministra&nbsp;<strong>Ana Margarita R\u00edos Farjat&nbsp;<\/strong>present\u00f3 un proyecto para declarar fundado el concepto de invalidez del partido actor en contra del art\u00edculo 12 de la Constituci\u00f3n de Puebla, en la porci\u00f3n que indica: \u201clo anterior sin prejuicio de la utilizaci\u00f3n del g\u00e9nero masculino para la construcci\u00f3n gramatical del texto legal\u201d.<\/p>\n\n\n\n<p>De acuerdo con Farjat, su proyecto considera que con base en un an\u00e1lisis integral de la reforma constitucional de paridad del 6 de junio de 2019, se desprende que \u201c<strong>la redacci\u00f3n de las normas constitucionales reformadas fue en t\u00e9rminos binarios, incluyendo a ambos g\u00e9neros<\/strong>\u201d.<\/p>\n\n\n\n<p>Agreg\u00f3, adem\u00e1s, que una de sus finalidades fue precisamente la de \u201c<strong>visibilizar a las mujeres mediante la utilizaci\u00f3n de un lenguaje inclusivo en la redacci\u00f3n de las normas que contemplan el derecho a la ciudadan\u00eda a ser votada<\/strong>\u201d.<\/p>\n\n\n\n<p>Adem\u00e1s, asegur\u00f3 que la propuesta resulta inconstitucional porque genera un efecto que \u201cjustifica y petrifica la utilizaci\u00f3n del g\u00e9nero masculino para la redacci\u00f3n de las normas, lo cu\u00e1l<strong>&nbsp;limita la interpretaci\u00f3n y aplicaci\u00f3n del principio de paridad&nbsp;<\/strong>al momento de comprender las postulaciones a cargo de la elecci\u00f3n popular o la propia integraci\u00f3n de los \u00f3rganos de representaci\u00f3n\u201d.<img fetchpriority=\"high\" decoding=\"async\" alt=\"La ministra Ana Margarita R\u00edos Farjat present\u00f3 el proyecto para declarar fundado el concepto de invalidez, mismo que fue votado a favor por otros cinco integrantes de la Suprema Corte (Foto: Isaac Esquivel \/ Cuartoscuro)\" height=\"3332\" src=\"https:\/\/www.infobae.com\/new-resizer\/DGE1gCvA0rVuHZ6M4GSTE-fKgmM=\/420x280\/filters:format(jpg):quality(85)\/\/cloudfront-us-east-1.images.arcpublishing.com\/infobae\/UAXTXLV67FCAJFSZK3KAFL4WHE.jpeg\" width=\"4998\">La ministra Ana Margarita R\u00edos Farjat present\u00f3 el proyecto para declarar fundado el concepto de invalidez, mismo que fue votado a favor por otros cinco integrantes de la Suprema Corte (Foto: Isaac Esquivel \/ Cuartoscuro)<\/p>\n\n\n\n<p>Tambi\u00e9n consider\u00f3 durante la sesi\u00f3n remota del Pleno de la SCJN del 10 de noviembre de 2020 que<strong>&nbsp;la validez constitucional de las normas legales en el orden jur\u00eddico&nbsp;<\/strong>de la entidad,&nbsp;<strong>no depende de que \u201cse encuentren redactadas en un lenguaje neutral\u201d.<\/strong><\/p>\n\n\n\n<p>\u201cEl problema es que introduce una especia de clausula innecesaria y permisiva, respecto de la forma en que se configuran los textos legales. Es una precisi\u00f3n constitucional innecesaria, porque como el propio proyecto reconoce, nadie discute que aquellas normas cuyos destinatarios est\u00e9n redactados en t\u00e9rminos masculinos, incluyen como sujetos de derechos a las mujeres, en la correlativa obligaci\u00f3n de interpretar las normas a la luz de la igual sustantiva\u00bb, ley\u00f3 frente a sus compa\u00f1eros de la Suprema Corte.<\/p>\n\n\n\n<p>De acuerdo con la magistrada R\u00edos Farjat, esta propuesta, en lugar de aportar un principio interpretativo, \u201c<strong>se traduce en un desincentivo para que el derecho evolucione y utilice un lenguaje que haga visible a las mujeres\u201d.<\/strong><\/p>\n\n\n\n<p>Adem\u00e1s, consider\u00f3 que las disposiciones constitucionales no pueden suplir \u201c<strong>el deber de implementar la visibilidad de las mujeres en el lenguaje jur\u00eddico electoral<\/strong>\u201d; sin embargo, consider\u00f3 que diferenciar el g\u00e9nero dentro de las normas \u00abno constituye exclusivamente un aspecto formal, si no sustantivo de la igualdad\u201d.<\/p>\n\n\n\n<p>\u201cLa implementaci\u00f3n del lenguaje incluyente pretende romper con un problema estructural de invisibilidad y de exclusi\u00f3n, as\u00ed como generar un efecto \u00fatil al momento de interpretar y aplicar las normas. El constitucionalismo exige que la ciudadan\u00eda se vea reflejada en el derecho y para ello es indispensable que las normas visibilicen a sus destinatarios\u201d, finaliz\u00f3.<\/p>\n\n\n\n<p>La votaci\u00f3n final fue dividida con seis votos a favor del proyecto otorgados por los ministros<strong>&nbsp;Alfredo Guti\u00e9rrez Ortiz Mena, Arturo Zald\u00edvar Lelo de Larrea, Ana Margarita R\u00edos Farjat, Norma Luc\u00eda Pi\u00f1a Hern\u00e1ndez, Juan Luis Gonz\u00e1lez Alc\u00e1ntara Carranc\u00e1 y Yasm\u00edn Esquivel Mossa.<\/strong><\/p>\n\n\n\n<p>En contra del proyecto votaron cinco de los ministros: J<strong>os\u00e9 Fernando Franco Gonz\u00e1lez Salas, Luis Mar\u00eda Aguilar Morales, Jorge Mario Pardo Rebolledo, Javier Laynez Potisek y Alberto P\u00e9rez Day\u00e1n<\/strong><\/p>\n\n\n\n<p>Fuente: https:\/\/www.infobae.com\/america\/mexico\/2020\/11\/11\/scjng-rechazo-el-uso-del-lenguaje-inclusivo-en-la-constitucion-de-puebla\/<\/p>\n","protected":false},"excerpt":{"rendered":"<p>La ministra Ana Margarita R\u00edos Farjat present\u00f3 el proyecto para declarar fundado el concepto de invalidez, mismo que fue votado [&hellip;]<\/p>\n","protected":false},"author":1,"featured_media":1072,"comment_status":"open","ping_status":"open","sticky":false,"template":"","format":"standard","meta":{"site-sidebar-layout":"default","site-content-layout":"","ast-site-content-layout":"default","site-content-style":"default","site-sidebar-style":"default","ast-global-header-display":"","ast-banner-title-visibility":"","ast-main-header-display":"","ast-hfb-above-header-display":"","ast-hfb-below-header-display":"","ast-hfb-mobile-header-display":"","site-post-title":"","ast-breadcrumbs-content":"","ast-featured-img":"","footer-sml-layout":"","theme-transparent-header-meta":"","adv-header-id-meta":"","stick-header-meta":"","header-above-stick-meta":"","header-main-stick-meta":"","header-below-stick-meta":"","astra-migrate-meta-layouts":"default","ast-page-background-enabled":"default","ast-page-background-meta":{"desktop":{"background-color":"var(--ast-global-color-4)","background-image":"","background-repeat":"repeat","background-position":"center center","background-size":"auto","background-attachment":"scroll","background-type":"","background-media":"","overlay-type":"","overlay-color":"","overlay-opacity":"","overlay-gradient":""},"tablet":{"background-color":"","background-image":"","background-repeat":"repeat","background-position":"center center","background-size":"auto","background-attachment":"scroll","background-type":"","background-media":"","overlay-type":"","overlay-color":"","overlay-opacity":"","overlay-gradient":""},"mobile":{"background-color":"","background-image":"","background-repeat":"repeat","background-position":"center center","background-size":"auto","background-attachment":"scroll","background-type":"","background-media":"","overlay-type":"","overlay-color":"","overlay-opacity":"","overlay-gradient":""}},"ast-content-background-meta":{"desktop":{"background-color":"var(--ast-global-color-5)","background-image":"","background-repeat":"repeat","background-position":"center center","background-size":"auto","background-attachment":"scroll","background-type":"","background-media":"","overlay-type":"","overlay-color":"","overlay-opacity":"","overlay-gradient":""},"tablet":{"background-color":"var(--ast-global-color-5)","background-image":"","background-repeat":"repeat","background-position":"center center","background-size":"auto","background-attachment":"scroll","background-type":"","background-media":"","overlay-type":"","overlay-color":"","overlay-opacity":"","overlay-gradient":""},"mobile":{"background-color":"var(--ast-global-color-5)","background-image":"","background-repeat":"repeat","background-position":"center center","background-size":"auto","background-attachment":"scroll","background-type":"","background-media":"","overlay-type":"","overlay-color":"","overlay-opacity":"","overlay-gradient":""}},"footnotes":""},"categories":[8],"tags":[],"class_list":["post-1071","post","type-post","status-publish","format-standard","has-post-thumbnail","hentry","category-noticias"],"_links":{"self":[{"href":"https:\/\/losperiodistas.com.mx\/portal\/wp-json\/wp\/v2\/posts\/1071","targetHints":{"allow":["GET"]}}],"collection":[{"href":"https:\/\/losperiodistas.com.mx\/portal\/wp-json\/wp\/v2\/posts"}],"about":[{"href":"https:\/\/losperiodistas.com.mx\/portal\/wp-json\/wp\/v2\/types\/post"}],"author":[{"embeddable":true,"href":"https:\/\/losperiodistas.com.mx\/portal\/wp-json\/wp\/v2\/users\/1"}],"replies":[{"embeddable":true,"href":"https:\/\/losperiodistas.com.mx\/portal\/wp-json\/wp\/v2\/comments?post=1071"}],"version-history":[{"count":1,"href":"https:\/\/losperiodistas.com.mx\/portal\/wp-json\/wp\/v2\/posts\/1071\/revisions"}],"predecessor-version":[{"id":1073,"href":"https:\/\/losperiodistas.com.mx\/portal\/wp-json\/wp\/v2\/posts\/1071\/revisions\/1073"}],"wp:featuredmedia":[{"embeddable":true,"href":"https:\/\/losperiodistas.com.mx\/portal\/wp-json\/wp\/v2\/media\/1072"}],"wp:attachment":[{"href":"https:\/\/losperiodistas.com.mx\/portal\/wp-json\/wp\/v2\/media?parent=1071"}],"wp:term":[{"taxonomy":"category","embeddable":true,"href":"https:\/\/losperiodistas.com.mx\/portal\/wp-json\/wp\/v2\/categories?post=1071"},{"taxonomy":"post_tag","embeddable":true,"href":"https:\/\/losperiodistas.com.mx\/portal\/wp-json\/wp\/v2\/tags?post=1071"}],"curies":[{"name":"wp","href":"https:\/\/api.w.org\/{rel}","templated":true}]}}