{"id":1068,"date":"2020-11-11T06:23:31","date_gmt":"2020-11-11T12:23:31","guid":{"rendered":"http:\/\/losperiodistas.com.mx\/portal\/?p=1068"},"modified":"2020-11-11T06:23:31","modified_gmt":"2020-11-11T12:23:31","slug":"1-de-cada-5-pacientes-desarrollo-enfermedad-mental-tras-contagio-de-covid-19","status":"publish","type":"post","link":"https:\/\/losperiodistas.com.mx\/portal\/1-de-cada-5-pacientes-desarrollo-enfermedad-mental-tras-contagio-de-covid-19\/","title":{"rendered":"1 de cada 5 pacientes desarroll\u00f3 enfermedad mental tras contagio de Covid-19"},"content":{"rendered":"\n<p><em>Un estudio sugiri\u00f3 que la gente pobre es m\u00e1s propensa a sufrir una enfermedad mental por covid-19<\/em><\/p>\n\n\n\n<p class=\"has-vivid-cyan-blue-color has-text-color has-medium-font-size\">FORBES STAFF<\/p>\n\n\n\n<p>Uno de cada cinco pacientes que se contagi\u00f3 de Covid-19 desarroll\u00f3 una enfermedad mental, revel\u00f3 un estudio ingl\u00e9s.<\/p>\n\n\n\n<p>Tras tres meses de haber sido diagnosticados como positivos por el virus respiratorio, los pacientes desarrollaron alg\u00fan desorden psiqui\u00e1trico como ansiedad, depresi\u00f3n o insomnio, seg\u00fan un estudio elaborado por investigadores de la Universidad de Oxford y el el Centro de Investigaci\u00f3n de la Salud Biom\u00e9dica NIHR. &nbsp;<\/p>\n\n\n\n<p>El an\u00e1lisis tambi\u00e9n encontr\u00f3 que la gente con un diagn\u00f3stico preexistente de salud mental enfrenta una probabilidad de 65% de padecer covid-19 contra aquellos que no presentan alguna condici\u00f3n mental.<\/p>\n\n\n\n<p>\u201cEste hallazgo es inesperado y necesita investigaci\u00f3n. Mientras tanto, un desorden psiqui\u00e1trico deber\u00eda ser a\u00f1adido a la lista de factores d riesgos por Covid-19\u201d, coment\u00f3 el doctor Max Taquet, acad\u00e9mico cl\u00ednico y uno de los autores del estudio, inform\u00f3 el diario brit\u00e1nico&nbsp;<a href=\"https:\/\/www.theguardian.com\/world\/2020\/nov\/10\/nearly-one-in-five-covid-patients-later-diagnosed-with-mental-illness-study\">The Guardian.<\/a><\/p>\n\n\n\n<p>El estudio aglutin\u00f3 70 millones de registros m\u00e9dicos en Estados Unidos, incluyendo m\u00e1s de 62,000 casos de Covid-19 que no requirieron hospitalizaci\u00f3n o una visita de emergencia.<\/p>\n\n\n\n<p>La incidencia de enfermedad mental en los diagn\u00f3sticos de 14 a 90 d\u00edas despu\u00e9s de un positivo de Covid-19 fue de 18.1%, incluendo 5.8% que resultaron en un primer diagn\u00f3stico.<\/p>\n\n\n\n<p>Los investigadores compararon informaci\u00f3n con otras sis condiciones en el mismo periodo: influencia, infecciones en tracto respiratorio, infecciones d el piel, piedras en las v\u00edas urinarias y fracturas de hueso.<\/p>\n\n\n\n<p>El estudio tambi\u00e9n sugiri\u00f3 que la gente pobre es m\u00e1s propensa a sufrir una enfermedad mental por covid-19.<\/p>\n\n\n\n<p>\u201cLa probreza tambi\u00e9n incrementa la exposici\u00f3n al coronavirus, \u00a0pues contiene factores como casas hacinadas y condiciones de trabajo inseguras\u201d.<\/p>\n\n\n\n<p>Fuente: https:\/\/www.forbes.com.mx\/1-de-cada-5-pacientes-desarrollo-enfermedad-mental-tras-contagio-de-covid-19\/<\/p>\n","protected":false},"excerpt":{"rendered":"<p>Un estudio sugiri\u00f3 que la gente pobre es m\u00e1s propensa a sufrir una enfermedad mental por covid-19 FORBES STAFF Uno [&hellip;]<\/p>\n","protected":false},"author":1,"featured_media":1069,"comment_status":"open","ping_status":"open","sticky":false,"template":"","format":"standard","meta":{"site-sidebar-layout":"default","site-content-layout":"","ast-site-content-layout":"default","site-content-style":"default","site-sidebar-style":"default","ast-global-header-display":"","ast-banner-title-visibility":"","ast-main-header-display":"","ast-hfb-above-header-display":"","ast-hfb-below-header-display":"","ast-hfb-mobile-header-display":"","site-post-title":"","ast-breadcrumbs-content":"","ast-featured-img":"","footer-sml-layout":"","theme-transparent-header-meta":"","adv-header-id-meta":"","stick-header-meta":"","header-above-stick-meta":"","header-main-stick-meta":"","header-below-stick-meta":"","astra-migrate-meta-layouts":"default","ast-page-background-enabled":"default","ast-page-background-meta":{"desktop":{"background-color":"var(--ast-global-color-4)","background-image":"","background-repeat":"repeat","background-position":"center center","background-size":"auto","background-attachment":"scroll","background-type":"","background-media":"","overlay-type":"","overlay-color":"","overlay-opacity":"","overlay-gradient":""},"tablet":{"background-color":"","background-image":"","background-repeat":"repeat","background-position":"center center","background-size":"auto","background-attachment":"scroll","background-type":"","background-media":"","overlay-type":"","overlay-color":"","overlay-opacity":"","overlay-gradient":""},"mobile":{"background-color":"","background-image":"","background-repeat":"repeat","background-position":"center center","background-size":"auto","background-attachment":"scroll","background-type":"","background-media":"","overlay-type":"","overlay-color":"","overlay-opacity":"","overlay-gradient":""}},"ast-content-background-meta":{"desktop":{"background-color":"var(--ast-global-color-5)","background-image":"","background-repeat":"repeat","background-position":"center center","background-size":"auto","background-attachment":"scroll","background-type":"","background-media":"","overlay-type":"","overlay-color":"","overlay-opacity":"","overlay-gradient":""},"tablet":{"background-color":"var(--ast-global-color-5)","background-image":"","background-repeat":"repeat","background-position":"center center","background-size":"auto","background-attachment":"scroll","background-type":"","background-media":"","overlay-type":"","overlay-color":"","overlay-opacity":"","overlay-gradient":""},"mobile":{"background-color":"var(--ast-global-color-5)","background-image":"","background-repeat":"repeat","background-position":"center center","background-size":"auto","background-attachment":"scroll","background-type":"","background-media":"","overlay-type":"","overlay-color":"","overlay-opacity":"","overlay-gradient":""}},"footnotes":""},"categories":[8],"tags":[],"class_list":["post-1068","post","type-post","status-publish","format-standard","has-post-thumbnail","hentry","category-noticias"],"_links":{"self":[{"href":"https:\/\/losperiodistas.com.mx\/portal\/wp-json\/wp\/v2\/posts\/1068","targetHints":{"allow":["GET"]}}],"collection":[{"href":"https:\/\/losperiodistas.com.mx\/portal\/wp-json\/wp\/v2\/posts"}],"about":[{"href":"https:\/\/losperiodistas.com.mx\/portal\/wp-json\/wp\/v2\/types\/post"}],"author":[{"embeddable":true,"href":"https:\/\/losperiodistas.com.mx\/portal\/wp-json\/wp\/v2\/users\/1"}],"replies":[{"embeddable":true,"href":"https:\/\/losperiodistas.com.mx\/portal\/wp-json\/wp\/v2\/comments?post=1068"}],"version-history":[{"count":1,"href":"https:\/\/losperiodistas.com.mx\/portal\/wp-json\/wp\/v2\/posts\/1068\/revisions"}],"predecessor-version":[{"id":1070,"href":"https:\/\/losperiodistas.com.mx\/portal\/wp-json\/wp\/v2\/posts\/1068\/revisions\/1070"}],"wp:featuredmedia":[{"embeddable":true,"href":"https:\/\/losperiodistas.com.mx\/portal\/wp-json\/wp\/v2\/media\/1069"}],"wp:attachment":[{"href":"https:\/\/losperiodistas.com.mx\/portal\/wp-json\/wp\/v2\/media?parent=1068"}],"wp:term":[{"taxonomy":"category","embeddable":true,"href":"https:\/\/losperiodistas.com.mx\/portal\/wp-json\/wp\/v2\/categories?post=1068"},{"taxonomy":"post_tag","embeddable":true,"href":"https:\/\/losperiodistas.com.mx\/portal\/wp-json\/wp\/v2\/tags?post=1068"}],"curies":[{"name":"wp","href":"https:\/\/api.w.org\/{rel}","templated":true}]}}