{"id":106771,"date":"2025-09-12T20:38:41","date_gmt":"2025-09-13T02:38:41","guid":{"rendered":"https:\/\/losperiodistas.com.mx\/portal\/?p=106771"},"modified":"2025-09-12T20:38:44","modified_gmt":"2025-09-13T02:38:44","slug":"fiscalia-de-cdmx-niega-que-bache-ocasionara-accidente-de-pipa-revela-la-causa-de-la-explosion-infobae","status":"publish","type":"post","link":"https:\/\/losperiodistas.com.mx\/portal\/fiscalia-de-cdmx-niega-que-bache-ocasionara-accidente-de-pipa-revela-la-causa-de-la-explosion-infobae\/","title":{"rendered":"Fiscal\u00eda de CDMX niega que bache ocasionara accidente de pipa; revela la causa de la explosi\u00f3n | Infobae"},"content":{"rendered":"\n<p>Tras versiones que apuntan a que los baches de la capital en la zona del Puente de la Concordia podr\u00eda ser la causa de la volcadura de este veh\u00edculo, las autoridades han compartido detalles de su investigaci\u00f3n<\/p>\n\n\n\n<figure class=\"wp-block-image size-large\"><img fetchpriority=\"high\" decoding=\"async\" width=\"1024\" height=\"576\" src=\"https:\/\/losperiodistas.com.mx\/portal\/wp-content\/uploads\/2025\/09\/Causa-de-explosion-1024x576.png\" alt=\"\" class=\"wp-image-106772\" srcset=\"https:\/\/losperiodistas.com.mx\/portal\/wp-content\/uploads\/2025\/09\/Causa-de-explosion-1024x576.png 1024w, https:\/\/losperiodistas.com.mx\/portal\/wp-content\/uploads\/2025\/09\/Causa-de-explosion-300x169.png 300w, https:\/\/losperiodistas.com.mx\/portal\/wp-content\/uploads\/2025\/09\/Causa-de-explosion-768x432.png 768w, https:\/\/losperiodistas.com.mx\/portal\/wp-content\/uploads\/2025\/09\/Causa-de-explosion.png 1351w\" sizes=\"(max-width: 1024px) 100vw, 1024px\" \/><figcaption class=\"wp-element-caption\">Derivado de la volcadura de una pipa en el Puente de la Concordia, alcald\u00eda Iztapalapa, se registr\u00f3 una explosi\u00f3n en la zona que provoc\u00f3 que varios veh\u00edculos quedar\u00e1n calcinados, ocasionando la muerte de 10 personas. FOTO: AGENCIA CUARTOSCURO.COM<\/figcaption><\/figure>\n\n\n\n<p class=\"has-vivid-red-color has-text-color has-link-color wp-elements-62ee9eb5aecc9f77a410f4555470ba8e\">Jaqueline Viedma \/ Infobae<\/p>\n\n\n\n<p>La tarde de este viernes, la <strong>Fiscal\u00eda General de Justicia de la CDMX<\/strong> <strong>(FGJCDMX)<\/strong>\u00a0ha dado a conocer avances de la investigaci\u00f3n iniciada luego de la <strong>explosi\u00f3n de una pipa<\/strong> de gas el 10 de septiembre de 2025, la cual ocurri\u00f3 bajo el <strong>Puente de la Concordia en Iztapalapa.<\/strong><\/p>\n\n\n\n<p>La\u00a0Fiscal\u00eda de CDMX comparti\u00f3 queel personal pericial especializado en \u00e1reas como criminal\u00edstica, tr\u00e1nsito terrestre, mec\u00e1nica, qu\u00edmica, an\u00e1lisis de incendios y explosiones, seguridad industrial, sistemas hidrosanitarios, as\u00ed como video y fotograf\u00eda, permanece enfocado en la <strong>recopilaci\u00f3n de dict\u00e1menes t\u00e9cnicos que permitan esclarecer el evento.<\/strong><\/p>\n\n\n\n<p>La versi\u00f3n de las autoridades apuntan a que<strong> el tanque de gas sufri\u00f3 una ruptura en uno de sus casquetes a ra\u00edz de la colisi\u00f3n contra un objeto s\u00f3lido<\/strong>, situaci\u00f3n que facilit\u00f3 la fuga de gas y su posterior encendido. En el sitio se detectaron restos de compuestos arom\u00e1ticos, espec\u00edficamente\u00a0<strong>benceno<\/strong>\u00a0y\u00a0<strong>estireno<\/strong>.<\/p>\n\n\n\n<p>Cabe destacar que en las \u00faltimas horas se ha viralizado en redes sociales la versi\u00f3n de internautas quienes se\u00f1alan que el lamentable accidente pudo ser ocasionado por un bache en la zona del Puente de la Concordia, sin embargo, los videos e im\u00e1genes que han sido retomadas son de meses anteriores, incluso de 2024, por lo que, hasta el momento estas versiones han sido desestimadas tanto por autoridades como por medios de comunicaci\u00f3n.<\/p>\n\n\n\n<p>La\u00a0Fiscal\u00eda\u00a0puntualiz\u00f3 que con respecto a las condiciones del entorno, tras las inspecciones efectuadas por los servicios periciales, <strong>no se registr\u00f3 la presencia de baches ni da\u00f1os en la superficie de rodamiento en el punto del incidente.<\/strong> Conforme a lo informado, esta observaci\u00f3n ha quedado respaldada en la documentaci\u00f3n visual e im\u00e1genes que se integran a la carpeta de investigaci\u00f3n para preservar la evidencia.<\/p>\n\n\n\n<figure class=\"wp-block-image size-full\"><img decoding=\"async\" width=\"992\" height=\"558\" src=\"https:\/\/losperiodistas.com.mx\/portal\/wp-content\/uploads\/2025\/09\/5UDCNIW3WZBUXLP7PDJG4W6I6Q.avif\" alt=\"\" class=\"wp-image-106773\" srcset=\"https:\/\/losperiodistas.com.mx\/portal\/wp-content\/uploads\/2025\/09\/5UDCNIW3WZBUXLP7PDJG4W6I6Q.avif 992w, https:\/\/losperiodistas.com.mx\/portal\/wp-content\/uploads\/2025\/09\/5UDCNIW3WZBUXLP7PDJG4W6I6Q-300x169.avif 300w, https:\/\/losperiodistas.com.mx\/portal\/wp-content\/uploads\/2025\/09\/5UDCNIW3WZBUXLP7PDJG4W6I6Q-768x432.avif 768w\" sizes=\"(max-width: 992px) 100vw, 992px\" \/><figcaption class=\"wp-element-caption\">Derivado de la volcadura de una pipa en el Puente de la Concordia, alcald\u00eda Iztapalapa, se registr\u00f3 una explosi\u00f3n en la zona que FOTO: GOBIERNO DE LA CIUDAD DE M\u00c9XICO\/CUARTOSCURO.COM<\/figcaption><\/figure>\n\n\n\n<p>Como parte de las acciones simult\u00e1neas a la investigaci\u00f3n, la&nbsp;Fiscal\u00eda CDMX&nbsp;sostiene <strong>c\u00e9lulas de atenci\u00f3n integral<\/strong> tanto en el lugar del siniestro como en hospitales, con el fin de acompa\u00f1ar a las personas afectadas y sus familias. Estas c\u00e9lulas ofrecen apoyo psicol\u00f3gico, asesor\u00eda jur\u00eddica y orientaci\u00f3n social, en coordinaci\u00f3n con la&nbsp;Comisi\u00f3n Ejecutiva de Atenci\u00f3n a V\u00edctimas (<strong>CEAVI<\/strong>)&nbsp;de la Ciudad de M\u00e9xico.<\/p>\n\n\n\n<p>El gobierno capitalino estableci\u00f3 un n\u00famero telef\u00f3nico para las personas que as\u00ed lo requieran pueden comunicarse al <strong>55 56 83 22 22<\/strong>&nbsp;en donde se les brinda atenci\u00f3n y tambi\u00e9n se les canalizar\u00e1 con el \u00e1rea correspondiente.<\/p>\n\n\n\n<p>Datos oficiales de la Secretar\u00eda de Salud de la CDMX indican que este accidente<strong> ha cobrado la vida de 10 personas<\/strong>, 24 pacientes han sido dados de alta y 52 personas contin\u00faan en alguno de los hospitales.<\/p>\n\n\n\n<p>Fuente: <a href=\"https:\/\/www.infobae.com\/mexico\/2025\/09\/12\/fiscalia-de-cdmx-niega-que-bache-ocasionara-accidente-de-pipa-y-revela-la-causa-de-la-explosion\/\" target=\"_blank\" rel=\"noreferrer noopener\">Infobae<\/a><\/p>\n","protected":false},"excerpt":{"rendered":"<p>Tras versiones que apuntan a que los baches de la capital en la zona del Puente de la Concordia podr\u00eda ser la causa de la volcadura de este veh\u00edculo, las autoridades han compartido detalles de su investigaci\u00f3n<\/p>\n","protected":false},"author":1,"featured_media":106772,"comment_status":"open","ping_status":"open","sticky":false,"template":"","format":"standard","meta":{"site-sidebar-layout":"default","site-content-layout":"","ast-site-content-layout":"default","site-content-style":"default","site-sidebar-style":"default","ast-global-header-display":"","ast-banner-title-visibility":"","ast-main-header-display":"","ast-hfb-above-header-display":"","ast-hfb-below-header-display":"","ast-hfb-mobile-header-display":"","site-post-title":"","ast-breadcrumbs-content":"","ast-featured-img":"","footer-sml-layout":"","theme-transparent-header-meta":"","adv-header-id-meta":"","stick-header-meta":"","header-above-stick-meta":"","header-main-stick-meta":"","header-below-stick-meta":"","astra-migrate-meta-layouts":"default","ast-page-background-enabled":"default","ast-page-background-meta":{"desktop":{"background-color":"var(--ast-global-color-4)","background-image":"","background-repeat":"repeat","background-position":"center center","background-size":"auto","background-attachment":"scroll","background-type":"","background-media":"","overlay-type":"","overlay-color":"","overlay-opacity":"","overlay-gradient":""},"tablet":{"background-color":"","background-image":"","background-repeat":"repeat","background-position":"center center","background-size":"auto","background-attachment":"scroll","background-type":"","background-media":"","overlay-type":"","overlay-color":"","overlay-opacity":"","overlay-gradient":""},"mobile":{"background-color":"","background-image":"","background-repeat":"repeat","background-position":"center center","background-size":"auto","background-attachment":"scroll","background-type":"","background-media":"","overlay-type":"","overlay-color":"","overlay-opacity":"","overlay-gradient":""}},"ast-content-background-meta":{"desktop":{"background-color":"var(--ast-global-color-5)","background-image":"","background-repeat":"repeat","background-position":"center center","background-size":"auto","background-attachment":"scroll","background-type":"","background-media":"","overlay-type":"","overlay-color":"","overlay-opacity":"","overlay-gradient":""},"tablet":{"background-color":"var(--ast-global-color-5)","background-image":"","background-repeat":"repeat","background-position":"center center","background-size":"auto","background-attachment":"scroll","background-type":"","background-media":"","overlay-type":"","overlay-color":"","overlay-opacity":"","overlay-gradient":""},"mobile":{"background-color":"var(--ast-global-color-5)","background-image":"","background-repeat":"repeat","background-position":"center center","background-size":"auto","background-attachment":"scroll","background-type":"","background-media":"","overlay-type":"","overlay-color":"","overlay-opacity":"","overlay-gradient":""}},"footnotes":""},"categories":[8],"tags":[41662,41695,41696],"class_list":["post-106771","post","type-post","status-publish","format-standard","has-post-thumbnail","hentry","category-noticias","tag-explosion-pipa","tag-fiscalia-cdmx","tag-volcadura"],"_links":{"self":[{"href":"https:\/\/losperiodistas.com.mx\/portal\/wp-json\/wp\/v2\/posts\/106771","targetHints":{"allow":["GET"]}}],"collection":[{"href":"https:\/\/losperiodistas.com.mx\/portal\/wp-json\/wp\/v2\/posts"}],"about":[{"href":"https:\/\/losperiodistas.com.mx\/portal\/wp-json\/wp\/v2\/types\/post"}],"author":[{"embeddable":true,"href":"https:\/\/losperiodistas.com.mx\/portal\/wp-json\/wp\/v2\/users\/1"}],"replies":[{"embeddable":true,"href":"https:\/\/losperiodistas.com.mx\/portal\/wp-json\/wp\/v2\/comments?post=106771"}],"version-history":[{"count":1,"href":"https:\/\/losperiodistas.com.mx\/portal\/wp-json\/wp\/v2\/posts\/106771\/revisions"}],"predecessor-version":[{"id":106774,"href":"https:\/\/losperiodistas.com.mx\/portal\/wp-json\/wp\/v2\/posts\/106771\/revisions\/106774"}],"wp:featuredmedia":[{"embeddable":true,"href":"https:\/\/losperiodistas.com.mx\/portal\/wp-json\/wp\/v2\/media\/106772"}],"wp:attachment":[{"href":"https:\/\/losperiodistas.com.mx\/portal\/wp-json\/wp\/v2\/media?parent=106771"}],"wp:term":[{"taxonomy":"category","embeddable":true,"href":"https:\/\/losperiodistas.com.mx\/portal\/wp-json\/wp\/v2\/categories?post=106771"},{"taxonomy":"post_tag","embeddable":true,"href":"https:\/\/losperiodistas.com.mx\/portal\/wp-json\/wp\/v2\/tags?post=106771"}],"curies":[{"name":"wp","href":"https:\/\/api.w.org\/{rel}","templated":true}]}}