{"id":106755,"date":"2025-09-12T19:11:03","date_gmt":"2025-09-13T01:11:03","guid":{"rendered":"https:\/\/losperiodistas.com.mx\/portal\/?p=106755"},"modified":"2025-09-12T20:27:14","modified_gmt":"2025-09-13T02:27:14","slug":"la-transformacion-avanza-en-puebla-de-la-mano-de-la-presidenta-claudia-sheinbaum","status":"publish","type":"post","link":"https:\/\/losperiodistas.com.mx\/portal\/la-transformacion-avanza-en-puebla-de-la-mano-de-la-presidenta-claudia-sheinbaum\/","title":{"rendered":"La transformaci\u00f3n avanza en Puebla de la mano de la presidenta Claudia Sheinbaum"},"content":{"rendered":"\n<p><em>Durante su visita a la entidad, para rendir su informe de labores, la mandataria reconoci\u00f3 el trabajo de coordinaci\u00f3n con el gobernador Alejandro Armenta.<\/em><\/p>\n\n\n\n<figure class=\"wp-block-image size-large\"><img fetchpriority=\"high\" decoding=\"async\" width=\"1024\" height=\"768\" src=\"https:\/\/losperiodistas.com.mx\/portal\/wp-content\/uploads\/2025\/09\/AA_1209_5-1024x768.jpeg\" alt=\"\" class=\"wp-image-106756\" srcset=\"https:\/\/losperiodistas.com.mx\/portal\/wp-content\/uploads\/2025\/09\/AA_1209_5-1024x768.jpeg 1024w, https:\/\/losperiodistas.com.mx\/portal\/wp-content\/uploads\/2025\/09\/AA_1209_5-300x225.jpeg 300w, https:\/\/losperiodistas.com.mx\/portal\/wp-content\/uploads\/2025\/09\/AA_1209_5-768x576.jpeg 768w, https:\/\/losperiodistas.com.mx\/portal\/wp-content\/uploads\/2025\/09\/AA_1209_5-1536x1152.jpeg 1536w, https:\/\/losperiodistas.com.mx\/portal\/wp-content\/uploads\/2025\/09\/AA_1209_5-2048x1536.jpeg 2048w\" sizes=\"(max-width: 1024px) 100vw, 1024px\" \/><figcaption class=\"wp-element-caption\">La transformaci\u00f3n avanza en Puebla de la mano de la presidenta Claudia Sheinbaum<\/figcaption><\/figure>\n\n\n\n<p class=\"has-vivid-red-color has-text-color has-link-color wp-elements-eb27e7450528140191efa4df35f811c5\">Redacci\u00f3n<\/p>\n\n\n\n<p>La presidenta de M\u00e9xico, Claudia Sheinbaum, acompa\u00f1ada por el gobernador de Puebla, Alejandro Armenta, present\u00f3 su primer Informe de actividades ante de m\u00e1s de 35 mil poblanas y poblanos, como parte de su gira nacional de rendici\u00f3n de cuentas, donde destac\u00f3 que siempre trabajar\u00e1 por el bienestar del pueblo, bajo los principios de no mentir, no robar y no traicionar.<\/p>\n\n\n\n<p>Desde el Centro Expositor, la mandataria federal inform\u00f3 sobre las acciones realizadas en la entidad durante el primer a\u00f1o de su administraci\u00f3n y del Segundo Piso de la Cuarta Transformaci\u00f3n. Se\u00f1al\u00f3 que durante 36 a\u00f1os los gobiernos neoliberales gobernaban para unos cuantos y se les olvid\u00f3 el pueblo, puntualiz\u00f3 que hasta que lleg\u00f3 el gobierno de la cuarta transformaci\u00f3n en el 2018 con el ex presidente y ahora en 2024 se dio una verdadera transformaci\u00f3n. \u00abGobernamos para todas y todos pero por el bien de todos, primero los pobres\u00bb, resalt\u00f3, al indicar que durante seis a\u00f1os se demostr\u00f3 que cuando se apoya al que menos tiene, a todo M\u00e9xico le va mejor. En este contexto, explic\u00f3 que de 2018 a 2024, un total de 13.5 millones de mexicanas y mexicanos salieron de la pobreza, por lo que ahora el pa\u00eds es uno de los menos desiguales del continente.<\/p>\n\n\n\n<p>La titular del ejecutivo enfatiz\u00f3 sobre los trabajos de saneamiento del R\u00edo Atoyac y reafirm\u00f3 que: \u201cEs una de las mejores acciones que podamos hacer para Puebla\u00bb. Tambi\u00e9n puntualiz\u00f3 que se construir\u00e1n 60 mil viviendas por parte del Infonavit, para familias que ganen menos de dos salarios m\u00ednimos, 20 mil casas m\u00e1s por parte de CONAVI; as\u00ed como 10 mil por cuenta de Fovissste. En este marco, detall\u00f3 que 168 mil 620 familias poblanas disminuyeron la deuda que exist\u00eda en cr\u00e9ditos de vivienda.<\/p>\n\n\n\n<p>La presidenta Claudia Sheinbaum puntualiz\u00f3 que se eligi\u00f3 a Puebla como sede del proyecto para dise\u00f1ar el primer auto el\u00e9ctrico mexicano denominado \u201cOlinia\u201d. Se\u00f1al\u00f3 que en la entidad, en San Jos\u00e9 Chiapa se tiene un Polo de Desarrollo Econ\u00f3mico para fomentar la inversi\u00f3n y el desarrollo, as\u00ed como aumentar los empleos. Adem\u00e1s, anunci\u00f3 que los 217 municipios en la entidad contar\u00e1n con un Centro LIBRE para prevenir la violencia contra las mujeres.<\/p>\n\n\n\n<p>Desde Puebla, la primera mujer presidenta de M\u00e9xico, record\u00f3 que este a\u00f1o se inauguraron las Torres de Cardiolog\u00eda y Oncolog\u00eda del Hospital de la Ni\u00f1ez Poblana y que en breve ser\u00e1 inaugurado el Hospital General de Zona de San Alejandro. As\u00ed como se implementaron las Rutas de la Salud para dotar de medicamentos a todos los centros de salud del estado.<\/p>\n\n\n\n<p>La presidenta Sheinbaum detall\u00f3 que para Puebla la Pensi\u00f3n de Adultos Mayores represent\u00f3 un apoyo para 616 mil personas; el Programa para Personas con Discapacidad apoya a m\u00e1s 69 mil personas; el programa J\u00f3venes Construyendo el Futuro lo tienen 24 mil 800 j\u00f3venes; adem\u00e1s la Beca J\u00f3venes Construyendo el Futuro es recibido por 28 mil 457, mientras que 230 mil j\u00f3venes de preparatorias p\u00fablicas tambi\u00e9n reciben apoyo. Asimismo, m\u00e1s de 271 mil ni\u00f1os, ni\u00f1as reciben beca; el Programa Producci\u00f3n para el Bienestar, beneficia a 125 mil 116 productores agr\u00edcolas; en tanto que el programa Sembrando Vida a m\u00e1s de 14 mil personas. De igual forma, 230 mil familias reciben el Programa Leche para el Bienestar y 4 mil 324 escuelas recibieron el programa La Escuela es Nuestra.<\/p>\n\n\n\n<p>Tambi\u00e9n refiri\u00f3 que por primera vez los pueblos y comunidades ind\u00edgenas recibieron presupuesto p\u00fablico, m\u00e1s de 20 mil comunidades ind\u00edgenas y afrodescendientes en el pa\u00eds ser\u00e1n beneficiadas. Explic\u00f3 que en Puebla son 880 comunidades las apoyadas.<\/p>\n\n\n\n<figure class=\"wp-block-gallery has-nested-images columns-default is-cropped wp-block-gallery-1 is-layout-flex wp-block-gallery-is-layout-flex\">\n<figure class=\"wp-block-image size-large\"><img decoding=\"async\" width=\"1024\" height=\"683\" data-id=\"106758\" src=\"https:\/\/losperiodistas.com.mx\/portal\/wp-content\/uploads\/2025\/09\/AA_1209_18-1024x683.jpeg\" alt=\"\" class=\"wp-image-106758\" srcset=\"https:\/\/losperiodistas.com.mx\/portal\/wp-content\/uploads\/2025\/09\/AA_1209_18-1024x683.jpeg 1024w, https:\/\/losperiodistas.com.mx\/portal\/wp-content\/uploads\/2025\/09\/AA_1209_18-300x200.jpeg 300w, https:\/\/losperiodistas.com.mx\/portal\/wp-content\/uploads\/2025\/09\/AA_1209_18-768x512.jpeg 768w, https:\/\/losperiodistas.com.mx\/portal\/wp-content\/uploads\/2025\/09\/AA_1209_18-1536x1024.jpeg 1536w, https:\/\/losperiodistas.com.mx\/portal\/wp-content\/uploads\/2025\/09\/AA_1209_18-2048x1366.jpeg 2048w\" sizes=\"(max-width: 1024px) 100vw, 1024px\" \/><\/figure>\n\n\n\n<figure class=\"wp-block-image size-large\"><img decoding=\"async\" width=\"1024\" height=\"683\" data-id=\"106759\" src=\"https:\/\/losperiodistas.com.mx\/portal\/wp-content\/uploads\/2025\/09\/AA_1209_17-1024x683.jpeg\" alt=\"\" class=\"wp-image-106759\" srcset=\"https:\/\/losperiodistas.com.mx\/portal\/wp-content\/uploads\/2025\/09\/AA_1209_17-1024x683.jpeg 1024w, https:\/\/losperiodistas.com.mx\/portal\/wp-content\/uploads\/2025\/09\/AA_1209_17-300x200.jpeg 300w, https:\/\/losperiodistas.com.mx\/portal\/wp-content\/uploads\/2025\/09\/AA_1209_17-768x512.jpeg 768w, https:\/\/losperiodistas.com.mx\/portal\/wp-content\/uploads\/2025\/09\/AA_1209_17-1536x1024.jpeg 1536w, https:\/\/losperiodistas.com.mx\/portal\/wp-content\/uploads\/2025\/09\/AA_1209_17-2048x1366.jpeg 2048w\" sizes=\"(max-width: 1024px) 100vw, 1024px\" \/><\/figure>\n\n\n\n<figure class=\"wp-block-image size-large\"><img loading=\"lazy\" decoding=\"async\" width=\"1024\" height=\"683\" data-id=\"106760\" src=\"https:\/\/losperiodistas.com.mx\/portal\/wp-content\/uploads\/2025\/09\/AA_1209_15-1024x683.jpeg\" alt=\"\" class=\"wp-image-106760\" srcset=\"https:\/\/losperiodistas.com.mx\/portal\/wp-content\/uploads\/2025\/09\/AA_1209_15-1024x683.jpeg 1024w, https:\/\/losperiodistas.com.mx\/portal\/wp-content\/uploads\/2025\/09\/AA_1209_15-300x200.jpeg 300w, https:\/\/losperiodistas.com.mx\/portal\/wp-content\/uploads\/2025\/09\/AA_1209_15-768x512.jpeg 768w, https:\/\/losperiodistas.com.mx\/portal\/wp-content\/uploads\/2025\/09\/AA_1209_15-1536x1024.jpeg 1536w, https:\/\/losperiodistas.com.mx\/portal\/wp-content\/uploads\/2025\/09\/AA_1209_15-2048x1366.jpeg 2048w\" sizes=\"(max-width: 1024px) 100vw, 1024px\" \/><\/figure>\n\n\n\n<figure class=\"wp-block-image size-large\"><img loading=\"lazy\" decoding=\"async\" width=\"1024\" height=\"683\" data-id=\"106761\" src=\"https:\/\/losperiodistas.com.mx\/portal\/wp-content\/uploads\/2025\/09\/AA_1209_14-1024x683.jpeg\" alt=\"\" class=\"wp-image-106761\" srcset=\"https:\/\/losperiodistas.com.mx\/portal\/wp-content\/uploads\/2025\/09\/AA_1209_14-1024x683.jpeg 1024w, https:\/\/losperiodistas.com.mx\/portal\/wp-content\/uploads\/2025\/09\/AA_1209_14-300x200.jpeg 300w, https:\/\/losperiodistas.com.mx\/portal\/wp-content\/uploads\/2025\/09\/AA_1209_14-768x512.jpeg 768w, https:\/\/losperiodistas.com.mx\/portal\/wp-content\/uploads\/2025\/09\/AA_1209_14-1536x1024.jpeg 1536w, https:\/\/losperiodistas.com.mx\/portal\/wp-content\/uploads\/2025\/09\/AA_1209_14-2048x1366.jpeg 2048w\" sizes=\"(max-width: 1024px) 100vw, 1024px\" \/><\/figure>\n\n\n\n<figure class=\"wp-block-image size-large\"><img loading=\"lazy\" decoding=\"async\" width=\"1024\" height=\"683\" data-id=\"106763\" src=\"https:\/\/losperiodistas.com.mx\/portal\/wp-content\/uploads\/2025\/09\/AA_1209_12-1024x683.jpeg\" alt=\"\" class=\"wp-image-106763\" srcset=\"https:\/\/losperiodistas.com.mx\/portal\/wp-content\/uploads\/2025\/09\/AA_1209_12-1024x683.jpeg 1024w, https:\/\/losperiodistas.com.mx\/portal\/wp-content\/uploads\/2025\/09\/AA_1209_12-300x200.jpeg 300w, https:\/\/losperiodistas.com.mx\/portal\/wp-content\/uploads\/2025\/09\/AA_1209_12-768x512.jpeg 768w, https:\/\/losperiodistas.com.mx\/portal\/wp-content\/uploads\/2025\/09\/AA_1209_12-1536x1024.jpeg 1536w, https:\/\/losperiodistas.com.mx\/portal\/wp-content\/uploads\/2025\/09\/AA_1209_12-2048x1366.jpeg 2048w\" sizes=\"(max-width: 1024px) 100vw, 1024px\" \/><\/figure>\n\n\n\n<figure class=\"wp-block-image size-large\"><img loading=\"lazy\" decoding=\"async\" width=\"1024\" height=\"683\" data-id=\"106764\" src=\"https:\/\/losperiodistas.com.mx\/portal\/wp-content\/uploads\/2025\/09\/AA_1209_13-1024x683.jpeg\" alt=\"\" class=\"wp-image-106764\" srcset=\"https:\/\/losperiodistas.com.mx\/portal\/wp-content\/uploads\/2025\/09\/AA_1209_13-1024x683.jpeg 1024w, https:\/\/losperiodistas.com.mx\/portal\/wp-content\/uploads\/2025\/09\/AA_1209_13-300x200.jpeg 300w, https:\/\/losperiodistas.com.mx\/portal\/wp-content\/uploads\/2025\/09\/AA_1209_13-768x512.jpeg 768w, https:\/\/losperiodistas.com.mx\/portal\/wp-content\/uploads\/2025\/09\/AA_1209_13-1536x1025.jpeg 1536w, https:\/\/losperiodistas.com.mx\/portal\/wp-content\/uploads\/2025\/09\/AA_1209_13-2048x1366.jpeg 2048w\" sizes=\"(max-width: 1024px) 100vw, 1024px\" \/><\/figure>\n\n\n\n<figure class=\"wp-block-image size-large\"><img loading=\"lazy\" decoding=\"async\" width=\"1024\" height=\"683\" data-id=\"106765\" src=\"https:\/\/losperiodistas.com.mx\/portal\/wp-content\/uploads\/2025\/09\/AA_1209_10-1024x683.jpeg\" alt=\"\" class=\"wp-image-106765\" srcset=\"https:\/\/losperiodistas.com.mx\/portal\/wp-content\/uploads\/2025\/09\/AA_1209_10-1024x683.jpeg 1024w, https:\/\/losperiodistas.com.mx\/portal\/wp-content\/uploads\/2025\/09\/AA_1209_10-300x200.jpeg 300w, https:\/\/losperiodistas.com.mx\/portal\/wp-content\/uploads\/2025\/09\/AA_1209_10-768x512.jpeg 768w, https:\/\/losperiodistas.com.mx\/portal\/wp-content\/uploads\/2025\/09\/AA_1209_10-1536x1024.jpeg 1536w, https:\/\/losperiodistas.com.mx\/portal\/wp-content\/uploads\/2025\/09\/AA_1209_10-2048x1366.jpeg 2048w\" sizes=\"(max-width: 1024px) 100vw, 1024px\" \/><\/figure>\n\n\n\n<figure class=\"wp-block-image size-large\"><img loading=\"lazy\" decoding=\"async\" width=\"1024\" height=\"743\" data-id=\"106766\" src=\"https:\/\/losperiodistas.com.mx\/portal\/wp-content\/uploads\/2025\/09\/AA_1209_9-1024x743.jpeg\" alt=\"\" class=\"wp-image-106766\" srcset=\"https:\/\/losperiodistas.com.mx\/portal\/wp-content\/uploads\/2025\/09\/AA_1209_9-1024x743.jpeg 1024w, https:\/\/losperiodistas.com.mx\/portal\/wp-content\/uploads\/2025\/09\/AA_1209_9-300x218.jpeg 300w, https:\/\/losperiodistas.com.mx\/portal\/wp-content\/uploads\/2025\/09\/AA_1209_9-768x558.jpeg 768w, https:\/\/losperiodistas.com.mx\/portal\/wp-content\/uploads\/2025\/09\/AA_1209_9-1536x1115.jpeg 1536w, https:\/\/losperiodistas.com.mx\/portal\/wp-content\/uploads\/2025\/09\/AA_1209_9-2048x1487.jpeg 2048w\" sizes=\"(max-width: 1024px) 100vw, 1024px\" \/><\/figure>\n\n\n\n<figure class=\"wp-block-image size-large\"><img loading=\"lazy\" decoding=\"async\" width=\"1024\" height=\"683\" data-id=\"106767\" src=\"https:\/\/losperiodistas.com.mx\/portal\/wp-content\/uploads\/2025\/09\/AA_1209_8-1024x683.jpeg\" alt=\"\" class=\"wp-image-106767\" srcset=\"https:\/\/losperiodistas.com.mx\/portal\/wp-content\/uploads\/2025\/09\/AA_1209_8-1024x683.jpeg 1024w, https:\/\/losperiodistas.com.mx\/portal\/wp-content\/uploads\/2025\/09\/AA_1209_8-300x200.jpeg 300w, https:\/\/losperiodistas.com.mx\/portal\/wp-content\/uploads\/2025\/09\/AA_1209_8-768x512.jpeg 768w, https:\/\/losperiodistas.com.mx\/portal\/wp-content\/uploads\/2025\/09\/AA_1209_8-1536x1024.jpeg 1536w, https:\/\/losperiodistas.com.mx\/portal\/wp-content\/uploads\/2025\/09\/AA_1209_8-2048x1366.jpeg 2048w\" sizes=\"(max-width: 1024px) 100vw, 1024px\" \/><\/figure>\n\n\n\n<figure class=\"wp-block-image size-large\"><img loading=\"lazy\" decoding=\"async\" width=\"1024\" height=\"768\" data-id=\"106768\" src=\"https:\/\/losperiodistas.com.mx\/portal\/wp-content\/uploads\/2025\/09\/AA_1209_6-1024x768.jpeg\" alt=\"\" class=\"wp-image-106768\" srcset=\"https:\/\/losperiodistas.com.mx\/portal\/wp-content\/uploads\/2025\/09\/AA_1209_6-1024x768.jpeg 1024w, https:\/\/losperiodistas.com.mx\/portal\/wp-content\/uploads\/2025\/09\/AA_1209_6-300x225.jpeg 300w, https:\/\/losperiodistas.com.mx\/portal\/wp-content\/uploads\/2025\/09\/AA_1209_6-768x576.jpeg 768w, https:\/\/losperiodistas.com.mx\/portal\/wp-content\/uploads\/2025\/09\/AA_1209_6-1536x1152.jpeg 1536w, https:\/\/losperiodistas.com.mx\/portal\/wp-content\/uploads\/2025\/09\/AA_1209_6-2048x1536.jpeg 2048w\" sizes=\"(max-width: 1024px) 100vw, 1024px\" \/><\/figure>\n\n\n\n<figure class=\"wp-block-image size-large\"><img loading=\"lazy\" decoding=\"async\" width=\"1024\" height=\"638\" data-id=\"106769\" src=\"https:\/\/losperiodistas.com.mx\/portal\/wp-content\/uploads\/2025\/09\/AA_1209_2-1024x638.jpeg\" alt=\"\" class=\"wp-image-106769\" srcset=\"https:\/\/losperiodistas.com.mx\/portal\/wp-content\/uploads\/2025\/09\/AA_1209_2-1024x638.jpeg 1024w, https:\/\/losperiodistas.com.mx\/portal\/wp-content\/uploads\/2025\/09\/AA_1209_2-300x187.jpeg 300w, https:\/\/losperiodistas.com.mx\/portal\/wp-content\/uploads\/2025\/09\/AA_1209_2-768x479.jpeg 768w, https:\/\/losperiodistas.com.mx\/portal\/wp-content\/uploads\/2025\/09\/AA_1209_2-1536x957.jpeg 1536w, https:\/\/losperiodistas.com.mx\/portal\/wp-content\/uploads\/2025\/09\/AA_1209_2-2048x1276.jpeg 2048w\" sizes=\"(max-width: 1024px) 100vw, 1024px\" \/><\/figure>\n<\/figure>\n\n\n\n<p>En su mensaje, el gobernador de Puebla, Alejandro Armenta, reconoci\u00f3 el apoyo de la presidenta Claudia Sheinbaum, en materia de tecnolog\u00eda, educaci\u00f3n, cultura, los programas de bienestar y para las mujeres. \u00abEn todas las \u00e1reas del gobierno de la presidenta, Puebla participa y de manera especial en la seguridad y protecci\u00f3n de las y los poblanos\u00bb, apunt\u00f3.<\/p>\n\n\n\n<p>Con entusiasmo y esperanza, ciudadanos de distintas regiones de Puebla han manifestado su respaldo al trabajo coordinado entre la presidenta Claudia Sheinbaum y el gobernador Alejandro Armenta. Luisa Fern\u00e1ndez S\u00e1nchez destac\u00f3 el impulso econ\u00f3mico que se genera en sectores clave como los semiconductores y la industria automotriz, lo que podr\u00eda traducirse en m\u00e1s empleos para trabajadores que actualmente viven en la informalidad.<\/p>\n\n\n\n<p>Finalmente, Iliana Ariza, Sandra Priego e Ignacio Honda coincidieron en la importancia del trabajo en equipo entre los gobiernos estatal y federal. Ariza subray\u00f3 el avance en seguridad y desarrollo regional, como el proyecto en San Jos\u00e9 Chiapa y el impulso a la industria de autos el\u00e9ctricos. Finalmente, Ignacio Honda valor\u00f3 las visitas y proyectos en tecnolog\u00eda, al enfatizar la urgencia de generar empleos para j\u00f3venes y frenar el ocio que afecta a las nuevas generaciones.<\/p>\n","protected":false},"excerpt":{"rendered":"<p>Durante su visita a la entidad, para rendir su informe de labores, la mandataria reconoci\u00f3 el trabajo de coordinaci\u00f3n con el gobernador Alejandro Armenta.<\/p>\n","protected":false},"author":1,"featured_media":106756,"comment_status":"open","ping_status":"open","sticky":false,"template":"","format":"standard","meta":{"site-sidebar-layout":"default","site-content-layout":"","ast-site-content-layout":"default","site-content-style":"default","site-sidebar-style":"default","ast-global-header-display":"","ast-banner-title-visibility":"","ast-main-header-display":"","ast-hfb-above-header-display":"","ast-hfb-below-header-display":"","ast-hfb-mobile-header-display":"","site-post-title":"","ast-breadcrumbs-content":"","ast-featured-img":"","footer-sml-layout":"","theme-transparent-header-meta":"","adv-header-id-meta":"","stick-header-meta":"","header-above-stick-meta":"","header-main-stick-meta":"","header-below-stick-meta":"","astra-migrate-meta-layouts":"default","ast-page-background-enabled":"default","ast-page-background-meta":{"desktop":{"background-color":"var(--ast-global-color-4)","background-image":"","background-repeat":"repeat","background-position":"center center","background-size":"auto","background-attachment":"scroll","background-type":"","background-media":"","overlay-type":"","overlay-color":"","overlay-opacity":"","overlay-gradient":""},"tablet":{"background-color":"","background-image":"","background-repeat":"repeat","background-position":"center center","background-size":"auto","background-attachment":"scroll","background-type":"","background-media":"","overlay-type":"","overlay-color":"","overlay-opacity":"","overlay-gradient":""},"mobile":{"background-color":"","background-image":"","background-repeat":"repeat","background-position":"center center","background-size":"auto","background-attachment":"scroll","background-type":"","background-media":"","overlay-type":"","overlay-color":"","overlay-opacity":"","overlay-gradient":""}},"ast-content-background-meta":{"desktop":{"background-color":"var(--ast-global-color-5)","background-image":"","background-repeat":"repeat","background-position":"center center","background-size":"auto","background-attachment":"scroll","background-type":"","background-media":"","overlay-type":"","overlay-color":"","overlay-opacity":"","overlay-gradient":""},"tablet":{"background-color":"var(--ast-global-color-5)","background-image":"","background-repeat":"repeat","background-position":"center center","background-size":"auto","background-attachment":"scroll","background-type":"","background-media":"","overlay-type":"","overlay-color":"","overlay-opacity":"","overlay-gradient":""},"mobile":{"background-color":"var(--ast-global-color-5)","background-image":"","background-repeat":"repeat","background-position":"center center","background-size":"auto","background-attachment":"scroll","background-type":"","background-media":"","overlay-type":"","overlay-color":"","overlay-opacity":"","overlay-gradient":""}},"footnotes":""},"categories":[8],"tags":[6834,1505,3603],"class_list":["post-106755","post","type-post","status-publish","format-standard","has-post-thumbnail","hentry","category-noticias","tag-centro-expositor","tag-claudia-sheinbaum","tag-puebla"],"_links":{"self":[{"href":"https:\/\/losperiodistas.com.mx\/portal\/wp-json\/wp\/v2\/posts\/106755","targetHints":{"allow":["GET"]}}],"collection":[{"href":"https:\/\/losperiodistas.com.mx\/portal\/wp-json\/wp\/v2\/posts"}],"about":[{"href":"https:\/\/losperiodistas.com.mx\/portal\/wp-json\/wp\/v2\/types\/post"}],"author":[{"embeddable":true,"href":"https:\/\/losperiodistas.com.mx\/portal\/wp-json\/wp\/v2\/users\/1"}],"replies":[{"embeddable":true,"href":"https:\/\/losperiodistas.com.mx\/portal\/wp-json\/wp\/v2\/comments?post=106755"}],"version-history":[{"count":2,"href":"https:\/\/losperiodistas.com.mx\/portal\/wp-json\/wp\/v2\/posts\/106755\/revisions"}],"predecessor-version":[{"id":106770,"href":"https:\/\/losperiodistas.com.mx\/portal\/wp-json\/wp\/v2\/posts\/106755\/revisions\/106770"}],"wp:featuredmedia":[{"embeddable":true,"href":"https:\/\/losperiodistas.com.mx\/portal\/wp-json\/wp\/v2\/media\/106756"}],"wp:attachment":[{"href":"https:\/\/losperiodistas.com.mx\/portal\/wp-json\/wp\/v2\/media?parent=106755"}],"wp:term":[{"taxonomy":"category","embeddable":true,"href":"https:\/\/losperiodistas.com.mx\/portal\/wp-json\/wp\/v2\/categories?post=106755"},{"taxonomy":"post_tag","embeddable":true,"href":"https:\/\/losperiodistas.com.mx\/portal\/wp-json\/wp\/v2\/tags?post=106755"}],"curies":[{"name":"wp","href":"https:\/\/api.w.org\/{rel}","templated":true}]}}