{"id":106748,"date":"2025-09-12T18:58:55","date_gmt":"2025-09-13T00:58:55","guid":{"rendered":"https:\/\/losperiodistas.com.mx\/portal\/?p=106748"},"modified":"2025-09-12T18:58:57","modified_gmt":"2025-09-13T00:58:57","slug":"que-se-sabe-de-tyler-robinson-joven-de-22-anos-sospechoso-del-asesinato-de-charlie-kirk-bbc","status":"publish","type":"post","link":"https:\/\/losperiodistas.com.mx\/portal\/que-se-sabe-de-tyler-robinson-joven-de-22-anos-sospechoso-del-asesinato-de-charlie-kirk-bbc\/","title":{"rendered":"Qu\u00e9 se sabe de Tyler Robinson, joven de 22 a\u00f1os sospechoso del asesinato de Charlie Kirk | BBC"},"content":{"rendered":"\n<figure class=\"wp-block-image size-large\"><img fetchpriority=\"high\" decoding=\"async\" width=\"1024\" height=\"576\" src=\"https:\/\/losperiodistas.com.mx\/portal\/wp-content\/uploads\/2025\/09\/Tyler-1024x576.png\" alt=\"\" class=\"wp-image-106749\" srcset=\"https:\/\/losperiodistas.com.mx\/portal\/wp-content\/uploads\/2025\/09\/Tyler-1024x576.png 1024w, https:\/\/losperiodistas.com.mx\/portal\/wp-content\/uploads\/2025\/09\/Tyler-300x169.png 300w, https:\/\/losperiodistas.com.mx\/portal\/wp-content\/uploads\/2025\/09\/Tyler-768x432.png 768w, https:\/\/losperiodistas.com.mx\/portal\/wp-content\/uploads\/2025\/09\/Tyler.png 1090w\" sizes=\"(max-width: 1024px) 100vw, 1024px\" \/><figcaption class=\"wp-element-caption\">Foto de frente y de perfil de Tyler Robinson.<\/figcaption><\/figure>\n\n\n\n<p class=\"has-vivid-red-color has-text-color has-link-color wp-elements-57a98fb3d394221c5aad32c424f784f3\">Redacci\u00f3n \/ BBC New<\/p>\n\n\n\n<p><strong>El FBI identific\u00f3 a Tyler Robinson, de 22 a\u00f1os, como el sospechoso del asesinato del activista conservador Charlie Kirk ocurrido el mi\u00e9rcoles, seg\u00fan inform\u00f3 en una conferencia de prensa el gobernador de Utah, Spencer Cox.<\/strong><\/p>\n\n\n\n<p>\u00abLo tenemos\u00bb, dijo Cox, y agreg\u00f3 que el joven permanece en la c\u00e1rcel del condado de Utah.<\/p>\n\n\n\n<p>La oficina del fiscal del condado acusar\u00e1 el pr\u00f3ximo martes a Robinson de homicidio agravado, obstrucci\u00f3n de la justicia y descarga de arma de fuego que causa lesiones personales, seg\u00fan un documento que conoci\u00f3 la cadena CBS, socia de la BBC.<\/p>\n\n\n\n<p>De acuerdo a dos fuentes policiales que hablaron con CBS, el padre de Tyler reconoci\u00f3 a su hijo al ver las im\u00e1genes del sospechoso que revel\u00f3 el FBI el jueves.<\/p>\n\n\n\n<p>El joven se lo confes\u00f3 y el padre lo trat\u00f3 de convencer de que se entregara a las autoridades. Tyler le respondi\u00f3 que prefer\u00eda quitarse la vida.<\/p>\n\n\n\n<p>El padre transmiti\u00f3 la confesi\u00f3n de su hijo a un joven pastor amigo de la familia y este llam\u00f3 al Servicio de Alguaciles de EE.UU., seg\u00fan informaron las dos fuentes a CBS News.<\/p>\n\n\n\n<p>El joven fue arrestado hacia las 22:00 horas del jueves, seg\u00fan inform\u00f3 el FBI.<\/p>\n\n\n\n<p>Cuando los investigadores se encontraron con Robinson en la ma\u00f1ana de este viernes, llevaba la misma ropa con la que fue visto en grabaciones de c\u00e1maras de seguridad al llegar a la Universidad del Valle de Utah (UVU), donde ocurri\u00f3 el asesinato de Kirk dos d\u00edas antes.<\/p>\n\n\n\n<figure class=\"wp-block-image size-full\"><img decoding=\"async\" width=\"800\" height=\"450\" src=\"https:\/\/losperiodistas.com.mx\/portal\/wp-content\/uploads\/2025\/09\/221688b0-8fda-11f0-9cf6-cbf3e73ce2b9.jpg.webp\" alt=\"\" class=\"wp-image-106750\" srcset=\"https:\/\/losperiodistas.com.mx\/portal\/wp-content\/uploads\/2025\/09\/221688b0-8fda-11f0-9cf6-cbf3e73ce2b9.jpg.webp 800w, https:\/\/losperiodistas.com.mx\/portal\/wp-content\/uploads\/2025\/09\/221688b0-8fda-11f0-9cf6-cbf3e73ce2b9.jpg-300x169.webp 300w, https:\/\/losperiodistas.com.mx\/portal\/wp-content\/uploads\/2025\/09\/221688b0-8fda-11f0-9cf6-cbf3e73ce2b9.jpg-768x432.webp 768w\" sizes=\"(max-width: 800px) 100vw, 800px\" \/><figcaption class=\"wp-element-caption\">Las im\u00e1genes de las c\u00e1maras de seguridad donde se ve al sospechoso en la universidad en la que fue asesinado Kirk.<\/figcaption><\/figure>\n\n\n\n<p>La periodista de la BBC Regan Morris habl\u00f3 este viernes con el comisionado Beau Mason, del Departamento de Seguridad P\u00fablica de Utah, fuera del cord\u00f3n policial de la UVU.<\/p>\n\n\n\n<p>Respecto a los movimientos de Tyler Robinson entre la universidad y la casa de su familia en el sur de Utah, Mason dijo que est\u00e1n redactando y ejecutando \u00f3rdenes de registro para \u00abarmar el rompecabezas\u00bb.<\/p>\n\n\n\n<p>Mason, quien fue nombrado en junio, no dio detalles de d\u00f3nde planean realizar el registro, pero dijo que probablemente conoceremos los resultados el martes, cuando la Fiscal\u00eda del condado de Utah ofrecer\u00e1 una conferencia de prensa sobre los cargos previstos.<\/p>\n\n\n\n<p>\u00abAhora que lo tenemos bajo custodia, la investigaci\u00f3n no se detiene\u00bb, subray\u00f3.<\/p>\n\n\n\n<figure class=\"wp-block-image size-full\"><img decoding=\"async\" width=\"800\" height=\"450\" src=\"https:\/\/losperiodistas.com.mx\/portal\/wp-content\/uploads\/2025\/09\/014bd280-9038-11f0-84c8-99de564f0440.jpg.webp\" alt=\"\" class=\"wp-image-106751\" srcset=\"https:\/\/losperiodistas.com.mx\/portal\/wp-content\/uploads\/2025\/09\/014bd280-9038-11f0-84c8-99de564f0440.jpg.webp 800w, https:\/\/losperiodistas.com.mx\/portal\/wp-content\/uploads\/2025\/09\/014bd280-9038-11f0-84c8-99de564f0440.jpg-300x169.webp 300w, https:\/\/losperiodistas.com.mx\/portal\/wp-content\/uploads\/2025\/09\/014bd280-9038-11f0-84c8-99de564f0440.jpg-768x432.webp 768w\" sizes=\"(max-width: 800px) 100vw, 800px\" \/><figcaption class=\"wp-element-caption\">Las autoridades dicen que la investigaci\u00f3n sigue en marcha, aunque hayan detenido al sospechoso.<\/figcaption><\/figure>\n\n\n\n<h2 class=\"wp-block-heading\">\u00abSe hab\u00eda vuelto m\u00e1s pol\u00edtico\u00bb<\/h2>\n\n\n\n<p>El gobernador de Utah afirm\u00f3 que, seg\u00fan un familiar que habl\u00f3 con los investigadores, Tyler Robinson se volvi\u00f3 m\u00e1s pol\u00edtico en los \u00faltimos a\u00f1os.<\/p>\n\n\n\n<p>El familiar relat\u00f3 que Robinson mencion\u00f3 durante una cena que Charlie Kirk iba a visitar la Universidad del Valle de Utah (UVU) y explic\u00f3 por qu\u00e9 no le agradaba el activista.<\/p>\n\n\n\n<p>Seg\u00fan el mismo familiar, Tyler ten\u00eda un Dodge Challenger gris, que es el modelo de auto en el que se vio llegar a la UVU al sospechoso en las grabaciones de c\u00e1maras de seguridad.<\/p>\n\n\n\n<p>De acuerdo con el gobernador Cox, se sabe que Robinson condujo desde el campus, donde estaba estacionado su auto, hasta Washington, en el sur de Utah, donde viv\u00eda con su familia desde hace un tiempo.<\/p>\n\n\n\n<p>Los investigadores tambi\u00e9n lograron identificar al compa\u00f1ero de cuarto de Robinson, que les mostr\u00f3 mensajes que supuestamente envi\u00f3 el sospechoso a trav\u00e9s de la aplicaci\u00f3n de mensajer\u00eda Discord.<\/p>\n\n\n\n<p>En los mensajes, un usuario de nombre Tyler dec\u00eda que ten\u00eda que recoger un rifle en un punto de entrega y dejarlo en un arbusto.<\/p>\n\n\n\n<p>En mensajes posteriores, afirmaba haber visto el lugar donde estaba el rifle y haberlo dejado envuelto en una toalla.<\/p>\n\n\n\n<p>Tambi\u00e9n hac\u00eda referencia a inscripciones en las balas y a una mira telesc\u00f3pica que ten\u00eda instalada el arma.<\/p>\n\n\n\n<p>Todo eso coincid\u00eda con informaci\u00f3n que los investigadores recabaron en relaci\u00f3n al asesinato de Kirk.<\/p>\n\n\n\n<p>Un portavoz de Discord confirm\u00f3 que la compa\u00f1\u00eda identific\u00f3 una cuenta asociada a Tyler Robinson, pero dijo que no se encontr\u00f3 evidencia de que el sospechoso hubiera planeado el incidente o promovido la violencia en la plataforma.<\/p>\n\n\n\n<figure class=\"wp-block-image size-full\"><img loading=\"lazy\" decoding=\"async\" width=\"800\" height=\"450\" src=\"https:\/\/losperiodistas.com.mx\/portal\/wp-content\/uploads\/2025\/09\/019c4c00-9002-11f0-86c4-a304e538bef3.jpg.webp\" alt=\"\" class=\"wp-image-106752\" srcset=\"https:\/\/losperiodistas.com.mx\/portal\/wp-content\/uploads\/2025\/09\/019c4c00-9002-11f0-86c4-a304e538bef3.jpg.webp 800w, https:\/\/losperiodistas.com.mx\/portal\/wp-content\/uploads\/2025\/09\/019c4c00-9002-11f0-86c4-a304e538bef3.jpg-300x169.webp 300w, https:\/\/losperiodistas.com.mx\/portal\/wp-content\/uploads\/2025\/09\/019c4c00-9002-11f0-86c4-a304e538bef3.jpg-768x432.webp 768w\" sizes=\"(max-width: 800px) 100vw, 800px\" \/><figcaption class=\"wp-element-caption\">El gobernador de Utah dio los detalles de la captura del joven.<\/figcaption><\/figure>\n\n\n\n<p>Seg\u00fan el gobernador Cox, las autoridades encontraron un rifle de cerrojo envuelto en una toalla oscura y con una mira telesc\u00f3pica.<\/p>\n\n\n\n<p>Tambi\u00e9n encontraron inscripciones en los casquillos de las balas que dec\u00edan, por ejemplo, \u00ab\u00a1Oye, fascista! \u00a1Atr\u00e1palo!\u00bb, \u00abOh, bella ciao, bella ciao\u00bb y \u00abSi lees esto, eres gay jajaja\u00bb.<\/p>\n\n\n\n<p>El gobernador de Utah dijo que no hay por el momento informaci\u00f3n que pueda llevar a otros arrestos.<\/p>\n\n\n\n<p><em>BBC Verify<\/em> investig\u00f3 las cuentas de redes sociales asociadas con Tyler Robinson.<\/p>\n\n\n\n<p>Un perfil de Facebook que parece pertenecer a su madre sugiere que la familia proviene de Cedar City, Utah, a unas tres horas en coche de la Universidad del Valle de Utah, donde ocurri\u00f3 el tiroteo.<\/p>\n\n\n\n<p>Su cuenta revela numerosos detalles sobre la vida familiar e incluye fotos de viajes que realizaron, algunos de los cuales parecen haber incluido visitas a campos de tiro.<\/p>\n\n\n\n<p>Tambi\u00e9n se han hecho p\u00fablicas im\u00e1genes del sospechoso de ni\u00f1o en las que parece empu\u00f1ar armas de fuego de alto calibre.<\/p>\n\n\n\n<p>Otras publicaciones en el perfil revelan que Robinson asisti\u00f3 a la Escuela Secundaria Pineview. En 2021, se mud\u00f3 a la ciudad de Logan para asistir a la Universidad Estatal de Utah, a unas dos horas en auto de la UVU.<\/p>\n\n\n\n<p>El gobernador de Utah dijo que Robinson no era estudiante de la UVU y que carec\u00eda de informaci\u00f3n sobre si el joven ten\u00eda antecedentes de enfermedad mental.<\/p>\n\n\n\n<p>Seg\u00fan le dijo un portavoz del Sistema de Educaci\u00f3n Superior de Utah, Robinson era estudiante de tercer a\u00f1o de un programa de formaci\u00f3n profesional en electricidad en el Dixie Technical College, en el suroeste de Utah.<\/p>\n\n\n\n<p>Robinson asisti\u00f3 brevemente a la Universidad Estatal de Utah durante un semestre en 2021.<\/p>\n\n\n\n<p>Es el mayor de tres hermanos. Su padre tiene un negocio de instalaci\u00f3n de encimeras y gabinetes de cocina y su madre es trabajadora social.<\/p>\n\n\n\n<p>La familia Robinson es activa en la iglesia mormona.<\/p>\n\n\n\n<p>Seg\u00fan un vecino que habl\u00f3 con CBS News, los padres de Tyler \u00abquieren mucho a sus hijos y participan activamente en la comunidad\u00bb.<\/p>\n\n\n\n<p>El vecino hab\u00eda notado que Tyler ten\u00eda opiniones pol\u00edticas opuestas a sus padres.<\/p>\n\n\n\n<figure class=\"wp-block-image size-full\"><img loading=\"lazy\" decoding=\"async\" width=\"800\" height=\"533\" src=\"https:\/\/losperiodistas.com.mx\/portal\/wp-content\/uploads\/2025\/09\/4e34a2f0-8ff4-11f0-84c8-99de564f0440.jpg.webp\" alt=\"\" class=\"wp-image-106753\" srcset=\"https:\/\/losperiodistas.com.mx\/portal\/wp-content\/uploads\/2025\/09\/4e34a2f0-8ff4-11f0-84c8-99de564f0440.jpg.webp 800w, https:\/\/losperiodistas.com.mx\/portal\/wp-content\/uploads\/2025\/09\/4e34a2f0-8ff4-11f0-84c8-99de564f0440.jpg-300x200.webp 300w, https:\/\/losperiodistas.com.mx\/portal\/wp-content\/uploads\/2025\/09\/4e34a2f0-8ff4-11f0-84c8-99de564f0440.jpg-768x512.webp 768w\" sizes=\"(max-width: 800px) 100vw, 800px\" \/><figcaption class=\"wp-element-caption\">Charlie Kirk fue asesinado durante un evento en una universidad en Utah.<\/figcaption><\/figure>\n\n\n\n<h2 class=\"wp-block-heading\" id=\"Todo-sali\u00f3-bien\">\u00abTodo sali\u00f3 bien\u00bb<\/h2>\n\n\n\n<p>En declaraciones al programa <em>Fox &amp; Friends<\/em>, Trump se\u00f1al\u00f3 que las autoridades locales empezaron sus pesquisas con \u00ababsolutamente nada\u00bb pero que \u00abhicieron un gran trabajo. \u00abTodo sali\u00f3 bien\u00bb, se\u00f1al\u00f3.<\/p>\n\n\n\n<p>\u00abEmpezamos con un video en el que parec\u00eda una hormiga, que fue casi in\u00fatil. Simplemente vimos que hab\u00eda alguien ah\u00ed arriba\u00bb.<\/p>\n\n\n\n<p>Trump inst\u00f3 a un juicio r\u00e1pido y dijo que espera que el asesino de Kirk reciba la pena de muerte. \u00abKirk era la mejor persona y no se merec\u00eda esto\u00bb, sostuvo.<\/p>\n\n\n\n<p>El director del FBI, Kash Patel, agradeci\u00f3 en la rueda de prensa a la familia de Kirk, al presidente Trump y al vicepresidente Vance.<\/p>\n\n\n\n<p>\u00abQuiero expresar mi gratitud por habernos dado los recursos que necesit\u00e1bamos para operar y conseguir este tipo de justicia a tal nivel de velocidad\u00bb, se\u00f1al\u00f3 Patel.<\/p>\n\n\n\n<p>Y agreg\u00f3: \u00abEn 33 horas, hicimos un progreso hist\u00f3rico por Charlie\u00bb.<\/p>\n\n\n\n<p>Charlie Kirk era uno de los activistas conservadores m\u00e1s destacados de Estados Unidos y un aliado de confianza del presidente Donald Trump.<\/p>\n\n\n\n<p>Muri\u00f3 el mi\u00e9rcoles 10 de septiembre a los 31 a\u00f1os tras recibir un disparo durante un evento en la UVU.<\/p>\n\n\n\n<p>Seg\u00fan las autoridades policiales, se cree que el asesino dispar\u00f3 el tiro mortal desde el techo de un edificio situado cerca del patio donde el activista estaba hablando.<\/p>\n\n\n\n<p>Fue trasladado de urgencia al hospital en un veh\u00edculo particular, pero poco despu\u00e9s se confirm\u00f3 su muerte.<\/p>\n\n\n\n<p><em>*Con informaci\u00f3n de Neha Gohil, Jacqueline Howard, Nada Tawfik, Regan Morris y Christal Hayes y Alicia Hern\u00e1ndez.<\/em><\/p>\n\n\n\n<p>Fuente: <a href=\"https:\/\/www.bbc.com\/mundo\/articles\/c07vz1r0j3ro\" target=\"_blank\" rel=\"noreferrer noopener\">BBC News<\/a><\/p>\n","protected":false},"excerpt":{"rendered":"<p>Redacci\u00f3n \/ BBC New El FBI identific\u00f3 a Tyler Robinson, de 22 a\u00f1os, como el sospechoso del asesinato del activista [&hellip;]<\/p>\n","protected":false},"author":1,"featured_media":106749,"comment_status":"open","ping_status":"open","sticky":false,"template":"","format":"standard","meta":{"site-sidebar-layout":"default","site-content-layout":"","ast-site-content-layout":"default","site-content-style":"default","site-sidebar-style":"default","ast-global-header-display":"","ast-banner-title-visibility":"","ast-main-header-display":"","ast-hfb-above-header-display":"","ast-hfb-below-header-display":"","ast-hfb-mobile-header-display":"","site-post-title":"","ast-breadcrumbs-content":"","ast-featured-img":"","footer-sml-layout":"","theme-transparent-header-meta":"","adv-header-id-meta":"","stick-header-meta":"","header-above-stick-meta":"","header-main-stick-meta":"","header-below-stick-meta":"","astra-migrate-meta-layouts":"default","ast-page-background-enabled":"default","ast-page-background-meta":{"desktop":{"background-color":"var(--ast-global-color-4)","background-image":"","background-repeat":"repeat","background-position":"center center","background-size":"auto","background-attachment":"scroll","background-type":"","background-media":"","overlay-type":"","overlay-color":"","overlay-opacity":"","overlay-gradient":""},"tablet":{"background-color":"","background-image":"","background-repeat":"repeat","background-position":"center center","background-size":"auto","background-attachment":"scroll","background-type":"","background-media":"","overlay-type":"","overlay-color":"","overlay-opacity":"","overlay-gradient":""},"mobile":{"background-color":"","background-image":"","background-repeat":"repeat","background-position":"center center","background-size":"auto","background-attachment":"scroll","background-type":"","background-media":"","overlay-type":"","overlay-color":"","overlay-opacity":"","overlay-gradient":""}},"ast-content-background-meta":{"desktop":{"background-color":"var(--ast-global-color-5)","background-image":"","background-repeat":"repeat","background-position":"center center","background-size":"auto","background-attachment":"scroll","background-type":"","background-media":"","overlay-type":"","overlay-color":"","overlay-opacity":"","overlay-gradient":""},"tablet":{"background-color":"var(--ast-global-color-5)","background-image":"","background-repeat":"repeat","background-position":"center center","background-size":"auto","background-attachment":"scroll","background-type":"","background-media":"","overlay-type":"","overlay-color":"","overlay-opacity":"","overlay-gradient":""},"mobile":{"background-color":"var(--ast-global-color-5)","background-image":"","background-repeat":"repeat","background-position":"center center","background-size":"auto","background-attachment":"scroll","background-type":"","background-media":"","overlay-type":"","overlay-color":"","overlay-opacity":"","overlay-gradient":""}},"footnotes":""},"categories":[8],"tags":[41628,41693,41694,41691,41692],"class_list":["post-106748","post","type-post","status-publish","format-standard","has-post-thumbnail","hentry","category-noticias","tag-charlie-kirk","tag-sospechoso-de-asesinato","tag-spencer-cox","tag-tyler-robinson","tag-utah"],"_links":{"self":[{"href":"https:\/\/losperiodistas.com.mx\/portal\/wp-json\/wp\/v2\/posts\/106748","targetHints":{"allow":["GET"]}}],"collection":[{"href":"https:\/\/losperiodistas.com.mx\/portal\/wp-json\/wp\/v2\/posts"}],"about":[{"href":"https:\/\/losperiodistas.com.mx\/portal\/wp-json\/wp\/v2\/types\/post"}],"author":[{"embeddable":true,"href":"https:\/\/losperiodistas.com.mx\/portal\/wp-json\/wp\/v2\/users\/1"}],"replies":[{"embeddable":true,"href":"https:\/\/losperiodistas.com.mx\/portal\/wp-json\/wp\/v2\/comments?post=106748"}],"version-history":[{"count":1,"href":"https:\/\/losperiodistas.com.mx\/portal\/wp-json\/wp\/v2\/posts\/106748\/revisions"}],"predecessor-version":[{"id":106754,"href":"https:\/\/losperiodistas.com.mx\/portal\/wp-json\/wp\/v2\/posts\/106748\/revisions\/106754"}],"wp:featuredmedia":[{"embeddable":true,"href":"https:\/\/losperiodistas.com.mx\/portal\/wp-json\/wp\/v2\/media\/106749"}],"wp:attachment":[{"href":"https:\/\/losperiodistas.com.mx\/portal\/wp-json\/wp\/v2\/media?parent=106748"}],"wp:term":[{"taxonomy":"category","embeddable":true,"href":"https:\/\/losperiodistas.com.mx\/portal\/wp-json\/wp\/v2\/categories?post=106748"},{"taxonomy":"post_tag","embeddable":true,"href":"https:\/\/losperiodistas.com.mx\/portal\/wp-json\/wp\/v2\/tags?post=106748"}],"curies":[{"name":"wp","href":"https:\/\/api.w.org\/{rel}","templated":true}]}}