{"id":106741,"date":"2025-09-12T18:41:52","date_gmt":"2025-09-13T00:41:52","guid":{"rendered":"https:\/\/losperiodistas.com.mx\/portal\/?p=106741"},"modified":"2025-09-12T18:41:53","modified_gmt":"2025-09-13T00:41:53","slug":"sube-a-10-cifra-de-fallecidos-por-explosion-de-pipa-de-gas-en-puente-de-la-concordia-el-universal","status":"publish","type":"post","link":"https:\/\/losperiodistas.com.mx\/portal\/sube-a-10-cifra-de-fallecidos-por-explosion-de-pipa-de-gas-en-puente-de-la-concordia-el-universal\/","title":{"rendered":"Sube a 10 cifra de fallecidos por explosi\u00f3n de pipa de gas en Puente de la Concordia | El Universal"},"content":{"rendered":"\n<p>Al momento contin\u00faan internadas 54 personas en diferentes hospitales y 22 ya fueron dadas de alta<\/p>\n\n\n\n<figure class=\"wp-block-image size-large\"><img fetchpriority=\"high\" decoding=\"async\" width=\"1024\" height=\"620\" src=\"https:\/\/losperiodistas.com.mx\/portal\/wp-content\/uploads\/2025\/09\/ExplosionPipa-1024x620.png\" alt=\"\" class=\"wp-image-106742\" srcset=\"https:\/\/losperiodistas.com.mx\/portal\/wp-content\/uploads\/2025\/09\/ExplosionPipa-1024x620.png 1024w, https:\/\/losperiodistas.com.mx\/portal\/wp-content\/uploads\/2025\/09\/ExplosionPipa-300x182.png 300w, https:\/\/losperiodistas.com.mx\/portal\/wp-content\/uploads\/2025\/09\/ExplosionPipa-768x465.png 768w, https:\/\/losperiodistas.com.mx\/portal\/wp-content\/uploads\/2025\/09\/ExplosionPipa.png 1375w\" sizes=\"(max-width: 1024px) 100vw, 1024px\" \/><figcaption class=\"wp-element-caption\">Una pipa de gas volc\u00f3 y explot\u00f3 en el bajo Puente de la Concordia en la alcald\u00eda Iztapalapa, el mi\u00e9rcoles 10 de septiembre de 2025. Foto: Juan Carlos Williams\/EL UNIVERSAL<\/figcaption><\/figure>\n\n\n\n<p class=\"has-vivid-red-color has-text-color has-link-color wp-elements-175e2d837daf4c0436cd2f2279b905eb\">Frida S\u00e1nchez \/ El Universal<\/p>\n\n\n\n<p>El <strong>Gobierno de la Ciudad de M\u00e9xico<\/strong> actualiz\u00f3 las cifras de los afectados por la <strong>explosi\u00f3n <\/strong>de una <strong>pipa de gas<\/strong> en el <strong>Puente de la Concordia<\/strong>, en Iztapalapa.<\/p>\n\n\n\n<p>Al momento se reportan 10 personas fallecidas; 54 personas contin\u00faan internadas en diferentes hospitales; y 22 personas ya fueron dadas de alta.<\/p>\n\n\n\n<h2 class=\"wp-block-heading\">Actualizan lista de lesionados<\/h2>\n\n\n\n<p>La <strong>Secretar\u00eda de Salud de la Ciudad de M\u00e9xico <\/strong>public\u00f3 una lista actualizada con los nombres de las <strong>personas afectadas<\/strong> por la explosi\u00f3n de una pipa de gas en el Puente de la Concordia, en Iztapalapa.<\/p>\n\n\n\n<figure class=\"wp-block-embed is-type-video is-provider-youtube wp-block-embed-youtube wp-embed-aspect-16-9 wp-has-aspect-ratio\"><div class=\"wp-block-embed__wrapper\">\n<iframe title=\"10 fallecidos por explosi\u00f3n de pipa de gas en Puente de la Concordia, actualiza cifra Brugada\" width=\"500\" height=\"281\" src=\"https:\/\/www.youtube.com\/embed\/HRRpmw_Q_qY?feature=oembed\" frameborder=\"0\" allow=\"accelerometer; autoplay; clipboard-write; encrypted-media; gyroscope; picture-in-picture; web-share\" referrerpolicy=\"strict-origin-when-cross-origin\" allowfullscreen><\/iframe>\n<\/div><\/figure>\n\n\n\n<p>En la lista se incluyeron los nombres de las <strong>10 personas fallecidas<\/strong>: Daniela Barrag\u00e1n, Misael Cano Rodr\u00edguez, Irving Uriel Carrillo Reyes, Carlos Iv\u00e1n Contreras Salinas, Oscar Rub\u00e9n Uriel Cortez Cisneros; Eduardo Noe Garc\u00eda Morales, Juan Antonio Hern\u00e1ndez Betancourt, Juan Carlos S\u00e1nchez Blas, Jorge Islas Flores y Jos\u00e9 Armando Antill\u00f3n Crescensio.<\/p>\n\n\n\n<p>En el listado est\u00e1n los nombres de 86 personas, aunque este jueves 11 de septiembre la jefa de Gobierno, Clara Brugada, inform\u00f3 que se ten\u00eda registro de 94 afectados.<\/p>\n\n\n\n<h2 class=\"wp-block-heading\">Explosi\u00f3n dej\u00f3 94 lesionados<\/h2>\n\n\n\n<p>La explosi\u00f3n de una pipa de gas registrada el pasado mi\u00e9rcoles en la alcald\u00eda Iztapalapa dej\u00f3 <strong>94 personas lesionadas<\/strong>, inform\u00f3 la jefa de gobierno capitalino, <strong>Clara Brugada<\/strong>.<\/p>\n\n\n\n<p>Afirm\u00f3 que todas las personas afectadas est\u00e1n recibiendo <strong>atenci\u00f3n m\u00e9dica en 19 hospitales <\/strong>de Gobierno tanto federal como local.<\/p>\n\n\n\n<p>Fuente: <a href=\"https:\/\/www.eluniversal.com.mx\/metropoli\/sube-a-10-cifra-de-fallecidos-por-explosion-de-pipa-de-gas-en-puente-de-la-concordia\/\" target=\"_blank\" rel=\"noreferrer noopener\">El Universal<\/a><\/p>\n","protected":false},"excerpt":{"rendered":"<p>Al momento contin\u00faan internadas 54 personas en diferentes hospitales y 22 ya fueron dadas de alta<\/p>\n","protected":false},"author":1,"featured_media":106742,"comment_status":"open","ping_status":"open","sticky":false,"template":"","format":"standard","meta":{"site-sidebar-layout":"default","site-content-layout":"","ast-site-content-layout":"default","site-content-style":"default","site-sidebar-style":"default","ast-global-header-display":"","ast-banner-title-visibility":"","ast-main-header-display":"","ast-hfb-above-header-display":"","ast-hfb-below-header-display":"","ast-hfb-mobile-header-display":"","site-post-title":"","ast-breadcrumbs-content":"","ast-featured-img":"","footer-sml-layout":"","theme-transparent-header-meta":"","adv-header-id-meta":"","stick-header-meta":"","header-above-stick-meta":"","header-main-stick-meta":"","header-below-stick-meta":"","astra-migrate-meta-layouts":"default","ast-page-background-enabled":"default","ast-page-background-meta":{"desktop":{"background-color":"var(--ast-global-color-4)","background-image":"","background-repeat":"repeat","background-position":"center center","background-size":"auto","background-attachment":"scroll","background-type":"","background-media":"","overlay-type":"","overlay-color":"","overlay-opacity":"","overlay-gradient":""},"tablet":{"background-color":"","background-image":"","background-repeat":"repeat","background-position":"center center","background-size":"auto","background-attachment":"scroll","background-type":"","background-media":"","overlay-type":"","overlay-color":"","overlay-opacity":"","overlay-gradient":""},"mobile":{"background-color":"","background-image":"","background-repeat":"repeat","background-position":"center center","background-size":"auto","background-attachment":"scroll","background-type":"","background-media":"","overlay-type":"","overlay-color":"","overlay-opacity":"","overlay-gradient":""}},"ast-content-background-meta":{"desktop":{"background-color":"var(--ast-global-color-5)","background-image":"","background-repeat":"repeat","background-position":"center center","background-size":"auto","background-attachment":"scroll","background-type":"","background-media":"","overlay-type":"","overlay-color":"","overlay-opacity":"","overlay-gradient":""},"tablet":{"background-color":"var(--ast-global-color-5)","background-image":"","background-repeat":"repeat","background-position":"center center","background-size":"auto","background-attachment":"scroll","background-type":"","background-media":"","overlay-type":"","overlay-color":"","overlay-opacity":"","overlay-gradient":""},"mobile":{"background-color":"var(--ast-global-color-5)","background-image":"","background-repeat":"repeat","background-position":"center center","background-size":"auto","background-attachment":"scroll","background-type":"","background-media":"","overlay-type":"","overlay-color":"","overlay-opacity":"","overlay-gradient":""}},"footnotes":""},"categories":[8],"tags":[41662,25777,41689],"class_list":["post-106741","post","type-post","status-publish","format-standard","has-post-thumbnail","hentry","category-noticias","tag-explosion-pipa","tag-iztapalapa","tag-puente-la-concordia"],"_links":{"self":[{"href":"https:\/\/losperiodistas.com.mx\/portal\/wp-json\/wp\/v2\/posts\/106741","targetHints":{"allow":["GET"]}}],"collection":[{"href":"https:\/\/losperiodistas.com.mx\/portal\/wp-json\/wp\/v2\/posts"}],"about":[{"href":"https:\/\/losperiodistas.com.mx\/portal\/wp-json\/wp\/v2\/types\/post"}],"author":[{"embeddable":true,"href":"https:\/\/losperiodistas.com.mx\/portal\/wp-json\/wp\/v2\/users\/1"}],"replies":[{"embeddable":true,"href":"https:\/\/losperiodistas.com.mx\/portal\/wp-json\/wp\/v2\/comments?post=106741"}],"version-history":[{"count":1,"href":"https:\/\/losperiodistas.com.mx\/portal\/wp-json\/wp\/v2\/posts\/106741\/revisions"}],"predecessor-version":[{"id":106743,"href":"https:\/\/losperiodistas.com.mx\/portal\/wp-json\/wp\/v2\/posts\/106741\/revisions\/106743"}],"wp:featuredmedia":[{"embeddable":true,"href":"https:\/\/losperiodistas.com.mx\/portal\/wp-json\/wp\/v2\/media\/106742"}],"wp:attachment":[{"href":"https:\/\/losperiodistas.com.mx\/portal\/wp-json\/wp\/v2\/media?parent=106741"}],"wp:term":[{"taxonomy":"category","embeddable":true,"href":"https:\/\/losperiodistas.com.mx\/portal\/wp-json\/wp\/v2\/categories?post=106741"},{"taxonomy":"post_tag","embeddable":true,"href":"https:\/\/losperiodistas.com.mx\/portal\/wp-json\/wp\/v2\/tags?post=106741"}],"curies":[{"name":"wp","href":"https:\/\/api.w.org\/{rel}","templated":true}]}}