{"id":106738,"date":"2025-09-12T11:08:03","date_gmt":"2025-09-12T17:08:03","guid":{"rendered":"https:\/\/losperiodistas.com.mx\/portal\/?p=106738"},"modified":"2025-09-13T07:31:59","modified_gmt":"2025-09-13T13:31:59","slug":"opinion-obispos-de-eu-y-mexico-en-favor-de-los-migrantes","status":"publish","type":"post","link":"https:\/\/losperiodistas.com.mx\/portal\/opinion-obispos-de-eu-y-mexico-en-favor-de-los-migrantes\/","title":{"rendered":"Opini\u00f3n | Obispos de EU y M\u00e9xico en favor de los migrantes"},"content":{"rendered":"\n<p class=\"has-medium-font-size\">*Tehuac\u00e1n Busca m\u00e1s Brillo; Amenazas en Huejotzingo; el PRI va por sus fueros<\/p>\n\n\n\n<figure class=\"wp-block-image size-large\"><img fetchpriority=\"high\" decoding=\"async\" width=\"1024\" height=\"683\" src=\"https:\/\/losperiodistas.com.mx\/portal\/wp-content\/uploads\/2025\/09\/ALCALDES-SON-DEL-PRI-1024x683.jpeg\" alt=\"\" class=\"wp-image-106739\" srcset=\"https:\/\/losperiodistas.com.mx\/portal\/wp-content\/uploads\/2025\/09\/ALCALDES-SON-DEL-PRI-1024x683.jpeg 1024w, https:\/\/losperiodistas.com.mx\/portal\/wp-content\/uploads\/2025\/09\/ALCALDES-SON-DEL-PRI-300x200.jpeg 300w, https:\/\/losperiodistas.com.mx\/portal\/wp-content\/uploads\/2025\/09\/ALCALDES-SON-DEL-PRI-768x512.jpeg 768w, https:\/\/losperiodistas.com.mx\/portal\/wp-content\/uploads\/2025\/09\/ALCALDES-SON-DEL-PRI.jpeg 1280w\" sizes=\"(max-width: 1024px) 100vw, 1024px\" \/><\/figure>\n\n\n\n<p class=\"has-vivid-red-color has-text-color has-link-color has-medium-font-size wp-elements-4865f9003ac6cfcf5a7f44570e7f0aa1\"><strong><em>Por Ra\u00fal Torres Salmer\u00f3n \/ Sin L\u00edmites<\/em><\/strong><\/p>\n\n\n\n<p>Esta semana concluy\u00f3 la reuni\u00f3n anual de los obispos de las di\u00f3cesis fronterizas de M\u00e9xico y Estados Unidos con un fuerte llamado a la acci\u00f3n frente a la crisis migratoria. Reunidos en Piedras Negras, los prelados denunciaron las condiciones \u201criesgosas e inhumanas\u201d que atraviesan miles de migrantes en su paso hacia el norte, al tiempo que reafirmaron su compromiso pastoral con quienes huyen de la violencia, la guerra y la pobreza.<\/p>\n\n\n\n<p>Los Obispos de Tamaulipas, Coahuila, Nuevo Le\u00f3n, Chihuahua, Texas, Nuevo M\u00e9xico, Arizona y California se reunieron como cada a\u00f1o, para analizar la problem\u00e1tica que viven las personas que migran por la frontera entre M\u00e9xico y Estados Unidos.<\/p>\n\n\n\n<p>El encuentro anual, inform\u00f3 la Di\u00f3cesis Reynosa Matamoros a cargo del Obispo poblano Eugenio Lira Rugarc\u00eda, concluy\u00f3 que la ruta migratoria que atraviesa M\u00e9xico se ha convertido en la m\u00e1s peligrosa del mundo, debido al control de grupos criminales, las extorsiones y la falta de protecci\u00f3n legal para los viajeros. Hoy, esta franja fronteriza es particularmente hostil para quienes buscan un futuro mejor, advirtieron.<\/p>\n\n\n\n<p>Gustavo Garc\u00eda Siller, Arzobispo de San Antonio, expres\u00f3 con dolor la impotencia que experimenta frente a las actuales pol\u00edticas migratorias en EU. \u201cNunca hab\u00eda sentido tanta frustraci\u00f3n como ahora. Hemos intentado responder con propuestas pastorales y sociales, pero el endurecimiento de las medidas migratorias nos obliga a pensar en nuevas estrategias\u201d, afirm\u00f3.<\/p>\n\n\n\n<p>Los prelados no limitaron su an\u00e1lisis a la teor\u00eda, visitaron el albergue Frontera Digna, donde escucharon testimonios de migrantes centroamericanos, sudamericanos y mexicanos desplazados por la violencia. Entre ellos se repiten historias de familias que lo vendieron todo, pero quedaron atrapadas en un viaje plagado de extorsiones, amenazas y despojos. \u201cSon relatos desgarradores, que muestran el rostro humano de esta tragedia\u201d, se\u00f1al\u00f3 Alfonso Miranda Guardiola, Obispo de Piedras Negras.<\/p>\n\n\n\n<p>En su comunicado final, los obispos pidieron la apertura de corredores humanitarios seguros y legales, as\u00ed como una acci\u00f3n m\u00e1s coordinada entre los gobiernos y la sociedad civil. Recalcaron que el derecho de cada naci\u00f3n a resguardar sus fronteras no puede anteponerse a la obligaci\u00f3n de garantizar la vida y la dignidad de las personas, especialmente aquellas que buscan asilo.<\/p>\n\n\n\n<p><strong>TEHUAC\u00c1N BUSCA M\u00c1S BRILLO<\/strong><\/p>\n\n\n\n<p>Hace pocos d\u00edas se present\u00f3 la Asociaci\u00f3n Civil Tehuac\u00e1n Brillando con Luz Propia, que preside Julio Alfredo Garc\u00eda, con el objetivo de apoyar a los sectores m\u00e1s vulnerables y construir un mejor Tehuac\u00e1n y surge con la intenci\u00f3n de formar un equipo de trabajo en pro de la sociedad de esa gran ciudad.<\/p>\n\n\n\n<p>Julio Alfredo Garc\u00eda, originario de Tehuac\u00e1n y quien tambi\u00e9n es dirigente del Sindicato de Salud en el Estado, reitera que la misi\u00f3n es sumar y establecer alianzas para el trabajo y manifiesta su respeto hacia las autoridades, aclarando que no pretende sustituir su labor ni criticarla.<\/p>\n\n\n\n<p>Como primer logro y atendiendo la primera gesti\u00f3n hecha por la sociedad civil, Julio Alfredo Garc\u00eda entreg\u00f3 al Centro de Atenci\u00f3n M\u00faltiple Gabriela Brimmer un equipo de c\u00f3mputo para fortalecer su labor educativa.<\/p>\n\n\n\n<p>L\u00edderes comunitarios y representantes de diversas organizaciones refrendaron el compromiso de trabajar en conjunto con la Asociaci\u00f3n. Incluso se firmaron convenios de colaboraci\u00f3n con distintas asociaciones, instituciones y organizaciones de la sociedad civil.<\/p>\n\n\n\n<p>El convenio de colaboraci\u00f3n se realiz\u00f3, aparte del Centro Gabriela Brimmer, con la Asociaci\u00f3n Mujeres Protagonistas; Asociaci\u00f3n 505 Rescatando Parques; Asociaci\u00f3n Rescatando Principios y Valores; Asociaci\u00f3n Charros de Tehuac\u00e1n; Escaramuzas Charras del Valle de Tehuac\u00e1n; Lucha Libre X\u2019plosi\u00f3n Warriors Tehuac\u00e1n; Equipo de Futbol Americano Felinos Tehuac\u00e1n y Familias Adoptivas Efectivas y Humanistas.<\/p>\n\n\n\n<p><strong>ALCALDE AMENAZA A ANTORCHISTAS<\/strong><\/p>\n\n\n\n<p>El presidente municipal de Huejotzingo, el morenista Roberto Sol\u00eds Valles, amenaza a sus gobernados con mensajes de texto por tel\u00e9fono celular al estilo criminal: \u201cA como nos toque\u201d y que los espera con \u201ctoda su banda\u201d en el municipio, luego de que un grupo de ciudadanos fue en comisi\u00f3n a la Alcald\u00eda a solicitar obras para un bachillerato y fresado de calles. La comisi\u00f3n de ciudadanos buscaba una reuni\u00f3n con el encargado de Educaci\u00f3n de Huejotzingo, Fernando Mendoza Brito y de poderse con el alcalde, para exponerle sus peticiones.<\/p>\n\n\n\n<p>En vista de la actitud del Alcalde, Andr\u00e9s Bonilla Santiago, l\u00edder estatal de la Federaci\u00f3n Nacional de Estudiantes Revolucionarios Rafael Ram\u00edrez (FNERRR), a nombre de los estudiantes pide que no los amenace con la represi\u00f3n de la fuerza p\u00fablica y que atienda las peticiones de los bachilleratos pobres del municipio, que necesitan ba\u00f1os dignos, laboratorios, bibliotecas o bardas perimetrales.<\/p>\n\n\n\n<p>Acompa\u00f1ado de los dirigentes estudiantiles de Antorcha en Puebla, quienes pidieron la intervenci\u00f3n del Secretario de Educaci\u00f3n P\u00fablica y del Gobernador del Estado para hacer entender al Presidente Sol\u00eds Valles que lo que urge no son las amenazas, sino la atenci\u00f3n a las peticiones reales y comprobadas de los estudiantes.<\/p>\n\n\n\n<p>Un par de d\u00edas antes, ante la petici\u00f3n de infraestructura escolar en el Bachillerato Digital 280, del Bachillerato General Oficial Calm\u00e9cac y de otras escuelas, el Alcalde se enoj\u00f3 y mand\u00f3 v\u00eda WhatsApp, mensajes amenazantes a los j\u00f3venes.<\/p>\n\n\n\n<p>Huitzil\u00edhuitl Bonilla L\u00f3pez, l\u00edder de Antorcha Estudiantil en Puebla, pidi\u00f3 de manera respetuosa la intervenci\u00f3n de la Secretar\u00eda de Educaci\u00f3n P\u00fablica para solucionar los graves problemas que hay en las escuelas, desde la infraestructura b\u00e1sica y hasta de usurpaci\u00f3n de funciones en el Bachillerato Calm\u00e9cac.<\/p>\n\n\n\n<p>El Movimiento Antorchista Estatal pidi\u00f3 al Gobernador de Puebla, Alejandro Armenta Mier, frenar el clima de violencia contra la ciudadan\u00eda organizada en Huejotzingo.<\/p>\n\n\n\n<p><strong>EL PRI POR SUS FUEROS<\/strong><\/p>\n\n\n\n<p>En reuni\u00f3n con secretarios, sectores, organizaciones y organismos del PRI, fue presentado hace un par de semanas, Juan Jos\u00e9 Castro Justo como el nuevo presidente del Comit\u00e9 Estatal en Puebla. Lo present\u00f3 el Secretario de Organizaci\u00f3n, Jorge Armando Meade Ocaranza.<\/p>\n\n\n\n<p>El nuevo l\u00edder del PRI estatal ha sido en tres ocasiones diputado federal, senador de la Rep\u00fablica, as\u00ed como secretario de Estado en Guerrero. Su \u00faltima encomienda fue ser delegado General en las pasadas elecciones en Veracruz.<\/p>\n\n\n\n<p>Entre otras reuniones que ha tenido Castro Justo, con la Secretaria General, Diputada Local Delfina Pozos Vergara, inici\u00f3 giras al interior del estado para reunirse con liderazgos y dirigentes del PRI.<\/p>\n\n\n\n<p>En Zacatl\u00e1n, con la anfitrion\u00eda del Presidente de la Confederaci\u00f3n Nacional Campesina (CNC), Teodomiro Ortega Gonz\u00e1lez, as\u00ed como de Lorenzo Rivera Sosa y Lorenzo Rivera Nava, destac\u00f3 que el instituto pol\u00edtico se encuentra en cuenta regresiva, tras los triunfos en Durango y Veracruz, por lo que es necesario fortalecer la unidad.<\/p>\n\n\n\n<p>Durante el evento, estuvieron los presidentes de los Comit\u00e9s Municipales de Ahuacatl\u00e1n, Amixtl\u00e1n, Aquixtla, Camocuautla, Coatepec, Cuautempan, Chignahuapan, Hermenegildo Galeana, Huitzilan de Serd\u00e1n, Ixtacamaxtitl\u00e1n, San Felipe Tepatl\u00e1n, Tepango de Rodr\u00edguez, Tepetzintla, Tetela de Ocampo, Xochiapulco, Xochitl\u00e1n de Vicente Su\u00e1rez, Zapotitl\u00e1n de M\u00e9ndez, Zautla y Zongozotla, quienes manifestaron su lealtad al PRI.<\/p>\n\n\n\n<p>Asimismo, esta semana, la dirigencia estatal tambi\u00e9n estuvo en Tepeaca, Libres y Atlixco, visitando a la militancia para escucharla.<\/p>\n\n\n\n<p>En fin, como dice la copla flamenca:<\/p>\n\n\n\n<p>Para que me escuche el cielo<\/p>\n\n\n\n<p>levanto fuerte mi voz.<\/p>\n\n\n\n<p>Si es verdad que existe un Dios,<\/p>\n\n\n\n<p>que vuelva la vista al suelo<\/p>\n\n\n\n<p>y haga este mundo mejor.<\/p>\n\n\n\n<p>raultorress@hotmail.com<\/p>\n\n\n\n<p><\/p>\n","protected":false},"excerpt":{"rendered":"<p>*Tehuac\u00e1n Busca m\u00e1s Brillo; Amenazas en Huejotzingo; el PRI va por sus fueros Por Ra\u00fal Torres Salmer\u00f3n \/ Sin L\u00edmites [&hellip;]<\/p>\n","protected":false},"author":1,"featured_media":106739,"comment_status":"open","ping_status":"open","sticky":false,"template":"","format":"standard","meta":{"site-sidebar-layout":"default","site-content-layout":"","ast-site-content-layout":"default","site-content-style":"default","site-sidebar-style":"default","ast-global-header-display":"","ast-banner-title-visibility":"","ast-main-header-display":"","ast-hfb-above-header-display":"","ast-hfb-below-header-display":"","ast-hfb-mobile-header-display":"","site-post-title":"","ast-breadcrumbs-content":"","ast-featured-img":"","footer-sml-layout":"","theme-transparent-header-meta":"","adv-header-id-meta":"","stick-header-meta":"","header-above-stick-meta":"","header-main-stick-meta":"","header-below-stick-meta":"","astra-migrate-meta-layouts":"default","ast-page-background-enabled":"default","ast-page-background-meta":{"desktop":{"background-color":"var(--ast-global-color-4)","background-image":"","background-repeat":"repeat","background-position":"center center","background-size":"auto","background-attachment":"scroll","background-type":"","background-media":"","overlay-type":"","overlay-color":"","overlay-opacity":"","overlay-gradient":""},"tablet":{"background-color":"","background-image":"","background-repeat":"repeat","background-position":"center center","background-size":"auto","background-attachment":"scroll","background-type":"","background-media":"","overlay-type":"","overlay-color":"","overlay-opacity":"","overlay-gradient":""},"mobile":{"background-color":"","background-image":"","background-repeat":"repeat","background-position":"center center","background-size":"auto","background-attachment":"scroll","background-type":"","background-media":"","overlay-type":"","overlay-color":"","overlay-opacity":"","overlay-gradient":""}},"ast-content-background-meta":{"desktop":{"background-color":"var(--ast-global-color-5)","background-image":"","background-repeat":"repeat","background-position":"center center","background-size":"auto","background-attachment":"scroll","background-type":"","background-media":"","overlay-type":"","overlay-color":"","overlay-opacity":"","overlay-gradient":""},"tablet":{"background-color":"var(--ast-global-color-5)","background-image":"","background-repeat":"repeat","background-position":"center center","background-size":"auto","background-attachment":"scroll","background-type":"","background-media":"","overlay-type":"","overlay-color":"","overlay-opacity":"","overlay-gradient":""},"mobile":{"background-color":"var(--ast-global-color-5)","background-image":"","background-repeat":"repeat","background-position":"center center","background-size":"auto","background-attachment":"scroll","background-type":"","background-media":"","overlay-type":"","overlay-color":"","overlay-opacity":"","overlay-gradient":""}},"footnotes":""},"categories":[8,19],"tags":[41688],"class_list":["post-106738","post","type-post","status-publish","format-standard","has-post-thumbnail","hentry","category-noticias","category-sin-limites-2","tag-obispos-y-migrantes"],"_links":{"self":[{"href":"https:\/\/losperiodistas.com.mx\/portal\/wp-json\/wp\/v2\/posts\/106738","targetHints":{"allow":["GET"]}}],"collection":[{"href":"https:\/\/losperiodistas.com.mx\/portal\/wp-json\/wp\/v2\/posts"}],"about":[{"href":"https:\/\/losperiodistas.com.mx\/portal\/wp-json\/wp\/v2\/types\/post"}],"author":[{"embeddable":true,"href":"https:\/\/losperiodistas.com.mx\/portal\/wp-json\/wp\/v2\/users\/1"}],"replies":[{"embeddable":true,"href":"https:\/\/losperiodistas.com.mx\/portal\/wp-json\/wp\/v2\/comments?post=106738"}],"version-history":[{"count":1,"href":"https:\/\/losperiodistas.com.mx\/portal\/wp-json\/wp\/v2\/posts\/106738\/revisions"}],"predecessor-version":[{"id":106740,"href":"https:\/\/losperiodistas.com.mx\/portal\/wp-json\/wp\/v2\/posts\/106738\/revisions\/106740"}],"wp:featuredmedia":[{"embeddable":true,"href":"https:\/\/losperiodistas.com.mx\/portal\/wp-json\/wp\/v2\/media\/106739"}],"wp:attachment":[{"href":"https:\/\/losperiodistas.com.mx\/portal\/wp-json\/wp\/v2\/media?parent=106738"}],"wp:term":[{"taxonomy":"category","embeddable":true,"href":"https:\/\/losperiodistas.com.mx\/portal\/wp-json\/wp\/v2\/categories?post=106738"},{"taxonomy":"post_tag","embeddable":true,"href":"https:\/\/losperiodistas.com.mx\/portal\/wp-json\/wp\/v2\/tags?post=106738"}],"curies":[{"name":"wp","href":"https:\/\/api.w.org\/{rel}","templated":true}]}}