{"id":106733,"date":"2025-09-12T10:45:48","date_gmt":"2025-09-12T16:45:48","guid":{"rendered":"https:\/\/losperiodistas.com.mx\/portal\/?p=106733"},"modified":"2025-09-12T10:45:50","modified_gmt":"2025-09-12T16:45:50","slug":"el-papa-pide-a-los-nuevos-obispos-que-no-archiven-en-un-cajon-los-casos-de-abusos-abc","status":"publish","type":"post","link":"https:\/\/losperiodistas.com.mx\/portal\/el-papa-pide-a-los-nuevos-obispos-que-no-archiven-en-un-cajon-los-casos-de-abusos-abc\/","title":{"rendered":"El Papa pide a los nuevos obispos \u00abque no archiven en un caj\u00f3n\u00bb los casos de abusos | ABC"},"content":{"rendered":"\n<h2 class=\"wp-block-heading has-luminous-vivid-amber-background-color has-background\">En un di\u00e1logo a puerta cerrada solicita \u00abprudencia\u00bb con lo que publican en redes sociales por el peligro de que \u00abcada uno se sienta autorizado a decir lo que quiera, incluso cosas falsas\u00bb<\/h2>\n\n\n\n<h2 class=\"wp-block-heading has-medium-font-size\"><a href=\"https:\/\/www.abc.es\/sociedad\/iglesia-recogio-146-nuevos-testimonios-abusos-2024-20250404171739-nt.html\">La Iglesia recogi\u00f3 146 nuevos testimonios de abusos en 2024, lo que eleva la cifra a 1.203 en cuatro a\u00f1os<\/a><\/h2>\n\n\n\n<figure class=\"wp-block-image\"><img fetchpriority=\"high\" decoding=\"async\" width=\"1200\" height=\"840\" src=\"https:\/\/losperiodistas.com.mx\/portal\/wp-content\/uploads\/2025\/09\/papa-Rr8dNH212B0ul9LmWNM5N5N-1200x840@diario_abc.jpg\" alt=\"Le\u00f3n XIV durante una reuni\u00f3n con los nuevos obispos ordenados este a\u00f1o y los obispos misioneros\" class=\"wp-image-106736\" srcset=\"https:\/\/losperiodistas.com.mx\/portal\/wp-content\/uploads\/2025\/09\/papa-Rr8dNH212B0ul9LmWNM5N5N-1200x840@diario_abc.jpg 1200w, https:\/\/losperiodistas.com.mx\/portal\/wp-content\/uploads\/2025\/09\/papa-Rr8dNH212B0ul9LmWNM5N5N-1200x840@diario_abc-300x210.jpg 300w, https:\/\/losperiodistas.com.mx\/portal\/wp-content\/uploads\/2025\/09\/papa-Rr8dNH212B0ul9LmWNM5N5N-1200x840@diario_abc-1024x717.jpg 1024w, https:\/\/losperiodistas.com.mx\/portal\/wp-content\/uploads\/2025\/09\/papa-Rr8dNH212B0ul9LmWNM5N5N-1200x840@diario_abc-768x538.jpg 768w\" sizes=\"(max-width: 1200px) 100vw, 1200px\" \/><\/figure>\n\n\n\n<p>Le\u00f3n XIV durante una reuni\u00f3n con los nuevos obispos ordenados este a\u00f1o y los obispos misioneros&nbsp;<strong>EFE<\/strong><\/p>\n\n\n\n<p class=\"has-vivid-red-color has-text-color has-link-color has-medium-font-size wp-elements-271b48485c39844880fc37c13e21c6a3\"><strong><a href=\"https:\/\/www.abc.es\/autor\/javier-martinez-brocal-5017\/\">Javier Mart\u00ednez-Brocal<\/a> \/ ABC<\/strong><\/p>\n\n\n\n<p>Corresponsal en el Vaticano<\/p>\n\n\n\n<p><\/p>\n\n\n\n<p><a href=\"javascript:void(0)\"><\/a><\/p>\n\n\n\n<p>El Papa Le\u00f3n XIV se reuni\u00f3 este jueves a puerta cerrada con casi 200 \u00abobispos novatos\u00bb nombrados a lo largo del pasado a\u00f1o, quienes han participado en Roma en un curso acelerado de varios d\u00edas para comprender&nbsp;<strong>en qu\u00e9 consiste su trabajo<\/strong>. El Pont\u00edfice les pidi\u00f3 \u00abque no tengan miedo ante las primeras dificultades\u00bb, \u00abque aborden con prontitud las cuestiones relativas a los comportamientos inapropiados del clero\u00bb, en referencia a los&nbsp;<a href=\"https:\/\/www.abc.es\/sociedad\/iglesia-recogio-146-nuevos-testimonios-abusos-2024-20250404171739-nt.html\">abusos<\/a>, y que \u00abrenueven el contacto con las personas, pues ya no bastan las respuestas que aprendimos hace 25 a\u00f1os en el seminario\u00bb.<\/p>\n\n\n\n<p>En un gesto in\u00e9dito, el Vaticano public\u00f3 muchos detalles de la conversaci\u00f3n de los obispos con el Papa, se\u00f1al de que&nbsp;<strong>Le\u00f3n desea personalmente que trasciendan<\/strong>. Hasta ahora s\u00f3lo se hab\u00eda publicado el discurso oficial que hab\u00eda pronunciado, que seguramente no hab\u00eda preparado \u00e9l.Noticia Relacionada<\/p>\n\n\n\n<figure class=\"wp-block-image\"><img decoding=\"async\" width=\"1200\" height=\"840\" src=\"https:\/\/losperiodistas.com.mx\/portal\/wp-content\/uploads\/2025\/09\/fotos-magan-U23317067416yYY-1200x840@diario_abc.jpg\" alt=\"\" class=\"wp-image-106735\" srcset=\"https:\/\/losperiodistas.com.mx\/portal\/wp-content\/uploads\/2025\/09\/fotos-magan-U23317067416yYY-1200x840@diario_abc.jpg 1200w, https:\/\/losperiodistas.com.mx\/portal\/wp-content\/uploads\/2025\/09\/fotos-magan-U23317067416yYY-1200x840@diario_abc-300x210.jpg 300w, https:\/\/losperiodistas.com.mx\/portal\/wp-content\/uploads\/2025\/09\/fotos-magan-U23317067416yYY-1200x840@diario_abc-1024x717.jpg 1024w, https:\/\/losperiodistas.com.mx\/portal\/wp-content\/uploads\/2025\/09\/fotos-magan-U23317067416yYY-1200x840@diario_abc-768x538.jpg 768w\" sizes=\"(max-width: 1200px) 100vw, 1200px\" \/><\/figure>\n\n\n\n<h3 class=\"wp-block-heading has-medium-font-size\"><a href=\"https:\/\/www.abc.es\/sociedad\/iglesia-recogio-146-nuevos-testimonios-abusos-2024-20250404171739-nt.html#vca=modulo-rel-uno&amp;vso=abc&amp;vmc=noticias-rel&amp;vli=sociedad\">La Iglesia Cat\u00f3lica recogi\u00f3 146 nuevos testimonios de abusos en 2024<\/a><\/h3>\n\n\n\n<p>Jos\u00e9 Ram\u00f3n Navarro-Pareja<\/p>\n\n\n\n<p>Seg\u00fan la oficina de prensa de la Santa Sede, primero les dio las gracias \u00abpor haber aceptado el ministerio\u00bb, pues como ex prefecto del Dicasterio que nombra nuevos obispos, es consciente de que muchos rechazan este encargo por las complicaciones que conlleva. Adem\u00e1s, \u00abantes de responder a sus preguntas, les pidi\u00f3 \u00abque aborden con prontitud las cuestiones relativas a los comportamientos inapropiados del clero\u00bb. Expl\u00edcitamente les dijo que las denuncias \u00abno pueden archivarse en un caj\u00f3n; deben abordarse con misericordia y&nbsp;<strong>verdadera justicia<\/strong>&nbsp;hacia las v\u00edctimas y los acusados\u00bb.<\/p>\n\n\n\n<p>Tambi\u00e9n les aconsej\u00f3 que sean \u00abprudentes en el<strong>&nbsp;uso de las redes sociales<\/strong>, donde existe el riesgo de que \u00abcada uno se sienta autorizado a decir lo que quiera, incluso cosas falsas\u00bb\u00bb. Por otro lado, confirm\u00f3 que \u00abhay momentos en los que<strong>&nbsp;alcanzar la verdad es doloroso, pero necesario<\/strong>\u00bb. Seg\u00fan el comunicado, les dijo que \u00aben este sentido, es \u00fatil dejarse ayudar por profesionales de la comunicaci\u00f3n, personas preparadas en este \u00e1mbito\u00bb. El Vaticano resume la receta del Papa en tres ideas: \u00abCalma, una buena cabeza y la ayuda de un profesional\u00bb.<\/p>\n\n\n\n<p>En otro pasaje interesante del encuentro, Le\u00f3n XIV abord\u00f3 las \u00abconsecuencias de las&nbsp;<strong>crisis medioambientales<\/strong>\u00bb. En su respuesta, \u00abrecord\u00f3 el d\u00e9cimo aniversario de la enc\u00edclica Laudato y anim\u00f3 a promover esta cuesti\u00f3n en la pastoral, a\u00f1adiendo que en este importante frente \u00abla Iglesia estar\u00e1 presente\u00bb, sin que se mezclen con ello otras cuestiones contrarias a la antropolog\u00eda cristiana\u00bb, aunque el comunicado no precis\u00f3 cu\u00e1les.<\/p>\n\n\n\n<p>Les record\u00f3 que el estilo de su tarea es \u00abtender puentes, buscar el di\u00e1logo,&nbsp;<strong>incluso all\u00ed donde los cristianos son minor\u00eda<\/strong>, con aut\u00e9ntico respeto por las personas de otras tradiciones religiosas, sobre todo a trav\u00e9s del testimonio del aut\u00e9ntico amor y la misericordia cristiana\u00ab, porque \u00abpor c\u00f3mo os am\u00e1is os reconocer\u00e1n\u00bb\u00bb.<\/p>\n\n\n\n<p>Tambi\u00e9n en otro momento subray\u00f3 el \u00abvalor del testimonio\u00bb que deben dar y les pidi\u00f3 que cultiven \u00abla capacidad de renovar el contacto con el mundo para responder a las preguntas que se plantean los hombres y mujeres de este tiempo sobre el&nbsp;<strong>sentido de la vida y el mal<\/strong>&nbsp;en el mundo: \u00abNo bastan las respuestas preparadas, aprendidas hace 25 a\u00f1os en el seminario\u00bb. \u00abSed cercanos al pueblo y a los sacerdotes; sed misericordiosos y firmes, incluso cuando se trata de juzgar; sed capaces de escuchar y dialogar, y no solo de dar sermones\u00bb.<\/p>\n\n\n\n<p>Como consejo personal, les \u00abadvirti\u00f3 contra la tentaci\u00f3n de formar un grupo propio y encerrarse en \u00e9l\u00bb y les sugiri\u00f3 que \u00abreconozcan los propios dones y los propios l\u00edmites y la necesidad de la ayuda de los dem\u00e1s, quiz\u00e1 confiando en la&nbsp;<strong>valiosa experiencia de un buen obispo em\u00e9rito<\/strong>&nbsp;que les acompa\u00f1e o ayude\u00bb. Para sus di\u00f3cesis, les \u00absugiri\u00f3 confiar tambi\u00e9n en los laicos aut\u00e9nticamente misioneros presentes en los movimientos, que pueden ser una esperanza para la Iglesia local\u00bb.<\/p>\n\n\n\n<p>Entre los espa\u00f1oles presentes estaba&nbsp;<a href=\"https:\/\/www.abc.es\/sociedad\/dominico-xabier-gomez-nombrado-nuevo-obispo-sant-20241008121319-nt.html\">Xabier G\u00f3mez<\/a>, nuevo obispo de Sant Feliu de Llobregat, y&nbsp;<a href=\"https:\/\/www.abc.es\/espana\/comunidad-valenciana\/arzobispo-valencia-ordena-obispos-auxiliares-arturo-garcia-20250111172259-nt.html\">Fernando Enrique Ram\u00f3n<\/a>, obispo auxiliar de Valencia. Precisamente, G\u00f3mez destaca a ABC \u00abla cercan\u00eda del Papa y su invitaci\u00f3n a que cada uno de nosotros fu\u00e9ramos nosotros mismos. Agradecimos su estilo cercano y franco, ese darnos tiempo para poderle preguntar y dialogar con libertad\u00bb. Asegura que entre los obispos y el Pont\u00edfice se notaba \u00abla preocupaci\u00f3n por la paz\u00bb y \u00abquedaba patente la diversidad de la catolicidad en los diversos contextos culturales\u00bb. En cuando a los temas que abordaron los resume en el binomio \u00abcomuni\u00f3n y misi\u00f3n, y conversi\u00f3n a Cristo en una Iglesia sinodal\u00bb.<\/p>\n\n\n\n<p>Fuente: <a href=\"https:\/\/www.abc.es\/sociedad\/papa-pide-nuevos-obispos-archiven-cajon-casos-20250912123846-nt.html\">https:\/\/www.abc.es\/sociedad\/papa-pide-nuevos-obispos-archiven-cajon-casos-20250912123846-nt.html<\/a><\/p>\n","protected":false},"excerpt":{"rendered":"<p>En un di\u00e1logo a puerta cerrada solicita \u00abprudencia\u00bb con lo que publican en redes sociales por el peligro de que [&hellip;]<\/p>\n","protected":false},"author":1,"featured_media":106734,"comment_status":"open","ping_status":"open","sticky":false,"template":"","format":"standard","meta":{"site-sidebar-layout":"default","site-content-layout":"","ast-site-content-layout":"default","site-content-style":"default","site-sidebar-style":"default","ast-global-header-display":"","ast-banner-title-visibility":"","ast-main-header-display":"","ast-hfb-above-header-display":"","ast-hfb-below-header-display":"","ast-hfb-mobile-header-display":"","site-post-title":"","ast-breadcrumbs-content":"","ast-featured-img":"","footer-sml-layout":"","theme-transparent-header-meta":"","adv-header-id-meta":"","stick-header-meta":"","header-above-stick-meta":"","header-main-stick-meta":"","header-below-stick-meta":"","astra-migrate-meta-layouts":"default","ast-page-background-enabled":"default","ast-page-background-meta":{"desktop":{"background-color":"var(--ast-global-color-4)","background-image":"","background-repeat":"repeat","background-position":"center center","background-size":"auto","background-attachment":"scroll","background-type":"","background-media":"","overlay-type":"","overlay-color":"","overlay-opacity":"","overlay-gradient":""},"tablet":{"background-color":"","background-image":"","background-repeat":"repeat","background-position":"center center","background-size":"auto","background-attachment":"scroll","background-type":"","background-media":"","overlay-type":"","overlay-color":"","overlay-opacity":"","overlay-gradient":""},"mobile":{"background-color":"","background-image":"","background-repeat":"repeat","background-position":"center center","background-size":"auto","background-attachment":"scroll","background-type":"","background-media":"","overlay-type":"","overlay-color":"","overlay-opacity":"","overlay-gradient":""}},"ast-content-background-meta":{"desktop":{"background-color":"var(--ast-global-color-5)","background-image":"","background-repeat":"repeat","background-position":"center center","background-size":"auto","background-attachment":"scroll","background-type":"","background-media":"","overlay-type":"","overlay-color":"","overlay-opacity":"","overlay-gradient":""},"tablet":{"background-color":"var(--ast-global-color-5)","background-image":"","background-repeat":"repeat","background-position":"center center","background-size":"auto","background-attachment":"scroll","background-type":"","background-media":"","overlay-type":"","overlay-color":"","overlay-opacity":"","overlay-gradient":""},"mobile":{"background-color":"var(--ast-global-color-5)","background-image":"","background-repeat":"repeat","background-position":"center center","background-size":"auto","background-attachment":"scroll","background-type":"","background-media":"","overlay-type":"","overlay-color":"","overlay-opacity":"","overlay-gradient":""}},"footnotes":""},"categories":[8],"tags":[2743,41687],"class_list":["post-106733","post","type-post","status-publish","format-standard","has-post-thumbnail","hentry","category-noticias","tag-abusos-sexuales","tag-papa-leon-xiv-obispos"],"_links":{"self":[{"href":"https:\/\/losperiodistas.com.mx\/portal\/wp-json\/wp\/v2\/posts\/106733","targetHints":{"allow":["GET"]}}],"collection":[{"href":"https:\/\/losperiodistas.com.mx\/portal\/wp-json\/wp\/v2\/posts"}],"about":[{"href":"https:\/\/losperiodistas.com.mx\/portal\/wp-json\/wp\/v2\/types\/post"}],"author":[{"embeddable":true,"href":"https:\/\/losperiodistas.com.mx\/portal\/wp-json\/wp\/v2\/users\/1"}],"replies":[{"embeddable":true,"href":"https:\/\/losperiodistas.com.mx\/portal\/wp-json\/wp\/v2\/comments?post=106733"}],"version-history":[{"count":1,"href":"https:\/\/losperiodistas.com.mx\/portal\/wp-json\/wp\/v2\/posts\/106733\/revisions"}],"predecessor-version":[{"id":106737,"href":"https:\/\/losperiodistas.com.mx\/portal\/wp-json\/wp\/v2\/posts\/106733\/revisions\/106737"}],"wp:featuredmedia":[{"embeddable":true,"href":"https:\/\/losperiodistas.com.mx\/portal\/wp-json\/wp\/v2\/media\/106734"}],"wp:attachment":[{"href":"https:\/\/losperiodistas.com.mx\/portal\/wp-json\/wp\/v2\/media?parent=106733"}],"wp:term":[{"taxonomy":"category","embeddable":true,"href":"https:\/\/losperiodistas.com.mx\/portal\/wp-json\/wp\/v2\/categories?post=106733"},{"taxonomy":"post_tag","embeddable":true,"href":"https:\/\/losperiodistas.com.mx\/portal\/wp-json\/wp\/v2\/tags?post=106733"}],"curies":[{"name":"wp","href":"https:\/\/api.w.org\/{rel}","templated":true}]}}