{"id":106723,"date":"2025-09-12T10:23:13","date_gmt":"2025-09-12T16:23:13","guid":{"rendered":"https:\/\/losperiodistas.com.mx\/portal\/?p=106723"},"modified":"2025-09-12T10:23:15","modified_gmt":"2025-09-12T16:23:15","slug":"asi-es-la-nueva-novia-de-carlos-alcaraz-ex-del-principe-constantino-de-grecia-los-rumores-son-ciertos-pop","status":"publish","type":"post","link":"https:\/\/losperiodistas.com.mx\/portal\/asi-es-la-nueva-novia-de-carlos-alcaraz-ex-del-principe-constantino-de-grecia-los-rumores-son-ciertos-pop\/","title":{"rendered":"As\u00ed es la nueva novia de Carlos Alcaraz, ex del pr\u00edncipe Constantino de Grecia: \u201cLos rumores son ciertos\u201d | POP"},"content":{"rendered":"\n<h2 class=\"wp-block-heading has-pale-pink-background-color has-background\" style=\"text-decoration:underline\">Pareja sorpresa<\/h2>\n\n\n\n<h2 class=\"wp-block-heading\">La hermana de&nbsp;Brooks Nader ha confirmado en un acto en Nueva York que el tenista y la modelo salen juntos<\/h2>\n\n\n\n<figure class=\"wp-block-image size-full\"><img fetchpriority=\"high\" decoding=\"async\" width=\"990\" height=\"484\" src=\"https:\/\/losperiodistas.com.mx\/portal\/wp-content\/uploads\/2025\/09\/68c2ac913564d.r_d.907-624-7037.jpeg\" alt=\"\" class=\"wp-image-106724\" srcset=\"https:\/\/losperiodistas.com.mx\/portal\/wp-content\/uploads\/2025\/09\/68c2ac913564d.r_d.907-624-7037.jpeg 990w, https:\/\/losperiodistas.com.mx\/portal\/wp-content\/uploads\/2025\/09\/68c2ac913564d.r_d.907-624-7037-300x147.jpeg 300w, https:\/\/losperiodistas.com.mx\/portal\/wp-content\/uploads\/2025\/09\/68c2ac913564d.r_d.907-624-7037-768x375.jpeg 768w\" sizes=\"(max-width: 990px) 100vw, 990px\" \/><figcaption class=\"wp-element-caption\">Brooks Nader en una imagen de archivo reciente | Kevin MazurGetty Images for Rais<\/figcaption><\/figure>\n\n\n\n<p class=\"has-vivid-red-color has-text-color has-link-color has-medium-font-size wp-elements-88e8f23d4e10789d5d787a0d0648a4db\"><strong>POP \/ LA VANGUARDIA<\/strong><\/p>\n\n\n\n<p>El tenista Carlos Alcaraz podr\u00eda tener su primera novia conocida. La vida sentimental del joven deportista murciano de 22 a\u00f1os ha acaparado titulares fuera de las pistas tras confirmarse su relaci\u00f3n con la modelo estadounidense Brooks Nader, de 28 a\u00f1os. La noticia ha sido desvelada por una de las hermanas de la joven, Grace Ann Nader, durante la Semana de la Moda de Nueva York. Preguntada por los rumores, afirm\u00f3 con rotundidad que \u201cson ciertos\u201d, aunque matiz\u00f3 que la expresi\u00f3n \u201csalir con alguien\u201d es un t\u00e9rmino muy amplio. Ni el tenista ni la modelo se han pronunciado p\u00fablicamente hasta el momento.<\/p>\n\n\n\n<p>Brooks Nader, de 28 a\u00f1os, es una reconocida modelo de ascendencia libanesa con gran presencia en el mundo de la moda y los medios de comunicaci\u00f3n. Su carrera la ha llevado a trabajar para importantes cabeceras y a aparecer en televisi\u00f3n y cine, con un papel en el thriller\u00a0<em>Backtrace<\/em>. Adem\u00e1s, cuenta con dos millones de seguidores en redes sociales, lo que le otorga una fuerte proyecci\u00f3n internacional.<\/p>\n\n\n\n<figure class=\"wp-block-image size-large\"><img decoding=\"async\" width=\"798\" height=\"1024\" src=\"https:\/\/losperiodistas.com.mx\/portal\/wp-content\/uploads\/2025\/09\/Captura-de-pantalla-2025-09-12-a-las-10.21.19-798x1024.png\" alt=\"\" class=\"wp-image-106725\" srcset=\"https:\/\/losperiodistas.com.mx\/portal\/wp-content\/uploads\/2025\/09\/Captura-de-pantalla-2025-09-12-a-las-10.21.19-798x1024.png 798w, https:\/\/losperiodistas.com.mx\/portal\/wp-content\/uploads\/2025\/09\/Captura-de-pantalla-2025-09-12-a-las-10.21.19-234x300.png 234w, https:\/\/losperiodistas.com.mx\/portal\/wp-content\/uploads\/2025\/09\/Captura-de-pantalla-2025-09-12-a-las-10.21.19-768x985.png 768w, https:\/\/losperiodistas.com.mx\/portal\/wp-content\/uploads\/2025\/09\/Captura-de-pantalla-2025-09-12-a-las-10.21.19.png 1132w\" sizes=\"(max-width: 798px) 100vw, 798px\" \/><figcaption class=\"wp-element-caption\"><strong><a href=\"https:\/\/www.instagram.com\/p\/DORTW85CW-P\/?utm_source=ig_web_copy_link\">VER EN INSTAGRAM<\/a><\/strong><\/figcaption><\/figure>\n\n\n\n<p><\/p>\n\n\n\n<p><\/p>\n\n\n\n<p>Su vida sentimental tambi\u00e9n ha estado marcada por la atenci\u00f3n medi\u00e1tica. En el pasado mantuvo una relaci\u00f3n con el pr\u00edncipe Constantino de Grecia, y m\u00e1s recientemente con el bailar\u00edn y core\u00f3grafo Gleb Savchenko, a quien conoci\u00f3 en el concurso televisivo&nbsp;<em>Bailando con las estrellas<\/em>. Su relaci\u00f3n termin\u00f3 en abril del 2025. Antes, en el 2019, Brooks contrajo matrimonio con William Haire tras tres a\u00f1os de noviazgo, aunque ese v\u00ednculo no se ha disuelto legalmente por el momento. La propia modelo ha reconocido que, a pesar de su separaci\u00f3n emocional, sigue casada a nivel legal.<\/p>\n\n\n\n<p>El entorno familiar de Nader tambi\u00e9n ha tenido un papel en esta confirmaci\u00f3n. Grace Ann, que habl\u00f3 con los medios, se\u00f1al\u00f3 que Alcaraz ya ha tenido ocasi\u00f3n de coincidir con dos de sus hermanas, Mary Holland y Sarah Jane, aunque ella a\u00fan no ha conocido al deportista. Estas declaraciones refuerzan la impresi\u00f3n de que la relaci\u00f3n entre la modelo y el tenista se encuentra en un momento de creciente cercan\u00eda.<\/p>\n\n\n\n<figure class=\"wp-block-image\"><img decoding=\"async\" src=\"https:\/\/www.lavanguardia.com\/files\/content_image_mobile_filter\/uploads\/2025\/09\/07\/68be002a0e45e.jpeg\" alt=\"Horizontal\"\/><figcaption class=\"wp-element-caption\">Carlos Alcaraz el pasado 7 de septiembre.&nbsp;&nbsp;Kirsty Wigglesworth \/ Ap-LaPresse<\/figcaption><\/figure>\n\n\n\n<p>La discreci\u00f3n de Alcaraz en su vida privada contrasta con la expectaci\u00f3n medi\u00e1tica que despiertan tanto sus \u00e9xitos en la pista como sus relaciones personales. La confirmaci\u00f3n indirecta de este romance a\u00f1ade un nuevo cap\u00edtulo a la proyecci\u00f3n p\u00fablica del murciano, que con solo 22 a\u00f1os ya se ha consolidado como uno de los grandes referentes del tenis mundial y, ahora, como protagonista habitual de la cr\u00f3nica social.<\/p>\n\n\n\n<p>Fuente: <a href=\"https:\/\/www.lavanguardia.com\/gente\/20250911\/11050062\/asi-nueva-novia-carlos-alcaraz-ex-principe-constantino-grecia-rumores-son.html\">https:\/\/www.lavanguardia.com\/gente\/20250911\/11050062\/asi-nueva-novia-carlos-alcaraz-ex-principe-constantino-grecia-rumores-son.html<\/a><\/p>\n\n\n\n<p><\/p>\n","protected":false},"excerpt":{"rendered":"<p>Pareja sorpresa La hermana de&nbsp;Brooks Nader ha confirmado en un acto en Nueva York que el tenista y la modelo [&hellip;]<\/p>\n","protected":false},"author":1,"featured_media":106724,"comment_status":"open","ping_status":"open","sticky":false,"template":"","format":"standard","meta":{"site-sidebar-layout":"default","site-content-layout":"","ast-site-content-layout":"default","site-content-style":"default","site-sidebar-style":"default","ast-global-header-display":"","ast-banner-title-visibility":"","ast-main-header-display":"","ast-hfb-above-header-display":"","ast-hfb-below-header-display":"","ast-hfb-mobile-header-display":"","site-post-title":"","ast-breadcrumbs-content":"","ast-featured-img":"","footer-sml-layout":"","theme-transparent-header-meta":"","adv-header-id-meta":"","stick-header-meta":"","header-above-stick-meta":"","header-main-stick-meta":"","header-below-stick-meta":"","astra-migrate-meta-layouts":"default","ast-page-background-enabled":"default","ast-page-background-meta":{"desktop":{"background-color":"var(--ast-global-color-4)","background-image":"","background-repeat":"repeat","background-position":"center center","background-size":"auto","background-attachment":"scroll","background-type":"","background-media":"","overlay-type":"","overlay-color":"","overlay-opacity":"","overlay-gradient":""},"tablet":{"background-color":"","background-image":"","background-repeat":"repeat","background-position":"center center","background-size":"auto","background-attachment":"scroll","background-type":"","background-media":"","overlay-type":"","overlay-color":"","overlay-opacity":"","overlay-gradient":""},"mobile":{"background-color":"","background-image":"","background-repeat":"repeat","background-position":"center center","background-size":"auto","background-attachment":"scroll","background-type":"","background-media":"","overlay-type":"","overlay-color":"","overlay-opacity":"","overlay-gradient":""}},"ast-content-background-meta":{"desktop":{"background-color":"var(--ast-global-color-5)","background-image":"","background-repeat":"repeat","background-position":"center center","background-size":"auto","background-attachment":"scroll","background-type":"","background-media":"","overlay-type":"","overlay-color":"","overlay-opacity":"","overlay-gradient":""},"tablet":{"background-color":"var(--ast-global-color-5)","background-image":"","background-repeat":"repeat","background-position":"center center","background-size":"auto","background-attachment":"scroll","background-type":"","background-media":"","overlay-type":"","overlay-color":"","overlay-opacity":"","overlay-gradient":""},"mobile":{"background-color":"var(--ast-global-color-5)","background-image":"","background-repeat":"repeat","background-position":"center center","background-size":"auto","background-attachment":"scroll","background-type":"","background-media":"","overlay-type":"","overlay-color":"","overlay-opacity":"","overlay-gradient":""}},"footnotes":""},"categories":[8],"tags":[41681,41682],"class_list":["post-106723","post","type-post","status-publish","format-standard","has-post-thumbnail","hentry","category-noticias","tag-carlos-alcaraz-pareja","tag-modelo-brooks-nader"],"_links":{"self":[{"href":"https:\/\/losperiodistas.com.mx\/portal\/wp-json\/wp\/v2\/posts\/106723","targetHints":{"allow":["GET"]}}],"collection":[{"href":"https:\/\/losperiodistas.com.mx\/portal\/wp-json\/wp\/v2\/posts"}],"about":[{"href":"https:\/\/losperiodistas.com.mx\/portal\/wp-json\/wp\/v2\/types\/post"}],"author":[{"embeddable":true,"href":"https:\/\/losperiodistas.com.mx\/portal\/wp-json\/wp\/v2\/users\/1"}],"replies":[{"embeddable":true,"href":"https:\/\/losperiodistas.com.mx\/portal\/wp-json\/wp\/v2\/comments?post=106723"}],"version-history":[{"count":1,"href":"https:\/\/losperiodistas.com.mx\/portal\/wp-json\/wp\/v2\/posts\/106723\/revisions"}],"predecessor-version":[{"id":106726,"href":"https:\/\/losperiodistas.com.mx\/portal\/wp-json\/wp\/v2\/posts\/106723\/revisions\/106726"}],"wp:featuredmedia":[{"embeddable":true,"href":"https:\/\/losperiodistas.com.mx\/portal\/wp-json\/wp\/v2\/media\/106724"}],"wp:attachment":[{"href":"https:\/\/losperiodistas.com.mx\/portal\/wp-json\/wp\/v2\/media?parent=106723"}],"wp:term":[{"taxonomy":"category","embeddable":true,"href":"https:\/\/losperiodistas.com.mx\/portal\/wp-json\/wp\/v2\/categories?post=106723"},{"taxonomy":"post_tag","embeddable":true,"href":"https:\/\/losperiodistas.com.mx\/portal\/wp-json\/wp\/v2\/tags?post=106723"}],"curies":[{"name":"wp","href":"https:\/\/api.w.org\/{rel}","templated":true}]}}