{"id":106717,"date":"2025-09-12T08:54:57","date_gmt":"2025-09-12T14:54:57","guid":{"rendered":"https:\/\/losperiodistas.com.mx\/portal\/?p=106717"},"modified":"2025-09-12T08:55:00","modified_gmt":"2025-09-12T14:55:00","slug":"un-ano-de-violencia-sin-fin-en-sinaloa-1-800-homicidios-y-2-300-desparecidos-efe","status":"publish","type":"post","link":"https:\/\/losperiodistas.com.mx\/portal\/un-ano-de-violencia-sin-fin-en-sinaloa-1-800-homicidios-y-2-300-desparecidos-efe\/","title":{"rendered":"Un a\u00f1o de violencia sin fin en Sinaloa: 1.800 homicidios y 2.300 desparecidos | EFE"},"content":{"rendered":"\n<figure class=\"wp-block-image size-full\"><img fetchpriority=\"high\" decoding=\"async\" width=\"900\" height=\"600\" src=\"https:\/\/losperiodistas.com.mx\/portal\/wp-content\/uploads\/2025\/09\/OBJ_20230105T234156S0013I_1_299_1_15_7_4.jpeg\" alt=\"\" class=\"wp-image-106718\" srcset=\"https:\/\/losperiodistas.com.mx\/portal\/wp-content\/uploads\/2025\/09\/OBJ_20230105T234156S0013I_1_299_1_15_7_4.jpeg 900w, https:\/\/losperiodistas.com.mx\/portal\/wp-content\/uploads\/2025\/09\/OBJ_20230105T234156S0013I_1_299_1_15_7_4-300x200.jpeg 300w, https:\/\/losperiodistas.com.mx\/portal\/wp-content\/uploads\/2025\/09\/OBJ_20230105T234156S0013I_1_299_1_15_7_4-768x512.jpeg 768w\" sizes=\"(max-width: 900px) 100vw, 900px\" \/><\/figure>\n\n\n\n<p class=\"has-vivid-red-color has-text-color has-link-color has-medium-font-size wp-elements-7bd7d38049f75e956374bee6f8e6b615\"><strong>Por Juan Manuel Ram\u00edrez G. \/ EFE<\/strong><\/p>\n\n\n\n<p>Ciudad de M\u00e9xico (EFE).- Un a\u00f1o despu\u00e9s del estallido de la crisis de violencia en Culiac\u00e1n, capital del estado mexicano de Sinaloa (noroeste), debido a una pugna interna del cartel de Sinaloa, el saldo es tr\u00e1gico: 1.828 homicidios dolosos y 2.390 desapariciones en doce meses marcados por la desesperanza, la angustia colectiva y el temor en los habitantes del estado.<\/p>\n\n\n\n<p>\u00abHemos vivido un a\u00f1o en el que si hacemos una analog\u00eda es como si estuviera lloviendo todos los d\u00edas\u00bb, cont\u00f3 a EFE en una entrevista, Miguel Calder\u00f3n Quevedo, coordinador del Consejo Estatal de Seguridad P\u00fablica (CESP), una ONG que eval\u00faan la problem\u00e1tica social de la violencia y la inseguridad, con criterios objetivos, cuantitativos y cualitativos.<\/p>\n\n\n\n<p>Este pasado domingo, miles de ciudadanos de Culiac\u00e1n se manifestaron bajo el lema \u00ab\u00a1Ya basta!, Queremos paz\u00bb en la que criticaron la inactividad del gobierno estatal de Rub\u00e9n Rocha Moya.<\/p>\n\n\n\n<h2 class=\"wp-block-heading\" id=\"h-violencia-en-sinaloa-por-capturas-de-capos\">Violencia en Sinaloa por capturas de capos<\/h2>\n\n\n\n<p>\u00abA veces es intensa la tormenta, otras como una especie de hurac\u00e1n de categor\u00eda cinco, y a veces parece que el cielo se despeja, con una lluvia menos intensa, pero, desafortunadamente, no ha dejado de \u2018llover\u2019, de haber eventos violentos semana con semana\u00bb, a\u00f1adi\u00f3.<\/p>\n\n\n\n<p>Calder\u00f3n se\u00f1al\u00f3 a octubre y noviembre de 2024 (con 182 y 172 homicidios dolosos) y junio de 2025 (con 207) \u00abcomo los momentos en los cuales hemos tenido los acontecimientos m\u00e1s \u00e1lgidos y quiz\u00e1s m\u00e1s penosos y tr\u00e1gicos de todo este ciclo\u00bb.<\/p>\n\n\n\n<p>Desde septiembre de 2024 existe una pugna interna del cartel de Sinaloa, al que Estados Unidos declar\u00f3 como un grupo terrorista este a\u00f1o, tras la detenci\u00f3n en julio pasado de Ismael \u2018el Mayo\u2019 Zambada, cofundador de la organizaci\u00f3n, porque Joaqu\u00edn Guzm\u00e1n L\u00f3pez, uno de los hijos de Joaqu\u00edn \u2018el Chapo\u2019 Guzm\u00e1n, lo entreg\u00f3 a Estados Unidos.<\/p>\n\n\n\n<figure class=\"wp-block-image\"><img decoding=\"async\" src=\"https:\/\/i0.wp.com\/efe.com\/wp-content\/uploads\/2025\/09\/OBJ_20240927T055727S0013I_1_299_1_15_8_2.webp?resize=900%2C599&amp;ssl=1\" alt=\"\" class=\"wp-image-2133197\"\/><figcaption class=\"wp-element-caption\">Fotograf\u00eda de archivo de soldados del Ej\u00e9rcito mexicano y de la Guardia Nacional (GN) patrullando en Ciudad Ju\u00e1rez (M\u00e9xico). EFE\/ Luis Torres<\/figcaption><\/figure>\n\n\n\n<p>Seg\u00fan cifras del propio CESP, el conflicto entre Los Chapitos y Los Mayos, seguidores de uno y otro respectivamente, ha causado 1.828 muertos en Sinaloa desde que comenz\u00f3, el 9 de septiembre de 2024, adem\u00e1s de 2.390 desapariciones forzadas.<\/p>\n\n\n\n<figure class=\"wp-block-embed is-type-wp-embed is-provider-efe-noticias wp-block-embed-efe-noticias\"><div class=\"wp-block-embed__wrapper\">\n<blockquote class=\"wp-embedded-content\" data-secret=\"X9WhWCfDLh\"><a href=\"https:\/\/efe.com\/mundo\/2025-08-27\/mexico-cartel-sinaloa-detencion-mayo-zambada\/\">M\u00e9xico descarta que el cartel de Sinaloa est\u00e9 \u00abterminado\u00bb tras la detenci\u00f3n de El Mayo Zambada<\/a><\/blockquote><iframe class=\"wp-embedded-content\" sandbox=\"allow-scripts\" security=\"restricted\" style=\"position: absolute; visibility: hidden;\" title=\"\u00abM\u00e9xico descarta que el cartel de Sinaloa est\u00e9 \u00abterminado\u00bb tras la detenci\u00f3n de El Mayo Zambada\u00bb \u2014 EFE Noticias\" src=\"https:\/\/efe.com\/mundo\/2025-08-27\/mexico-cartel-sinaloa-detencion-mayo-zambada\/embed\/#?secret=Iq1F5a8HBB#?secret=X9WhWCfDLh\" data-secret=\"X9WhWCfDLh\" width=\"500\" height=\"282\" frameborder=\"0\" marginwidth=\"0\" marginheight=\"0\" scrolling=\"no\"><\/iframe>\n<\/div><\/figure>\n\n\n\n<h2 class=\"wp-block-heading\" id=\"h-el-miedo-trastoca-la-cotidianidad\">El miedo trastoca la cotidianidad<\/h2>\n\n\n\n<p>Precisamente las cifras del delito de desaparici\u00f3n forzada, dijo Calder\u00f3n, se traducen en el n\u00famero de colectivos que han surgido de madres buscando a sus hijos \u00abporque la capacidad gubernamental ha estado rebasada\u00bb.<\/p>\n\n\n\n<p>Apunt\u00f3 que son alrededor de 2.000 denuncias en este a\u00f1o \u00aby suponemos que en este delito en particular puede ser el doble porque muchas familias no conf\u00edan en la autoridad, pero s\u00ed conf\u00edan en la delincuencia como un elemento de fe para que sus familiares regresen con bien\u00bb.<\/p>\n\n\n\n<p>Para el especialista, Sinaloa ha tenido otras crisis parecidas, la primera al inicio de 2008 y que finaliz\u00f3 en 2011 y otra en 2017 que tambi\u00e9n se deriv\u00f3 de fricciones al interior del grupo criminal dominante (Cartel de Sinaloa).<\/p>\n\n\n\n<p>\u00abS\u00ed como sociedad hemos tenido algo diferente respecto a las anteriores crisis de violencia es que esta ha trastocado nuestra cotidianidad, cancel\u00f3 nuestra vida nocturna y en algunos momentos las actividades escolares y laborales se ha interrumpido\u00bb, apunt\u00f3.<\/p>\n\n\n\n<figure class=\"wp-block-image\"><img decoding=\"async\" src=\"https:\/\/i0.wp.com\/efe.com\/wp-content\/uploads\/2025\/09\/OBJ_20230106T184957S0022I_1_299_1_15_7_4.webp?resize=900%2C606&amp;ssl=1\" alt=\"Sinaloa Violencia\" class=\"wp-image-2133194\"\/><figcaption class=\"wp-element-caption\">Miembros del Ej\u00e9rcito mexicano patrullan un d\u00eda despu\u00e9s de los enfrentamientos de las Fuerzas Federales con grupos armados tras la detenci\u00f3n de Ovidio Guzm\u00e1n, en la ciudad de Culiac\u00e1n, estado de Sinaloa (M\u00e9xico), en una fotograf\u00eda de archivo. EFE\/ Juan Carlos Cruz<\/figcaption><\/figure>\n\n\n\n<h2 class=\"wp-block-heading\" id=\"h-mayor-presupuesto\">Mayor presupuesto<\/h2>\n\n\n\n<p>Calder\u00f3n consider\u00f3 que para tener un mejor escenario en el futuro es necesario un mayor presupuesto para el fortalecimiento de las instituciones de Seguridad P\u00fablica y Procuraci\u00f3n de Justicia del Estado, polic\u00edas, ministerios p\u00fablicos y peritos.<\/p>\n\n\n\n<p>\u00abTenemos unas instituciones estatal muy d\u00e9biles para enfrentar problemas y en esta crisis hemos dependido de las corporaciones de seguridad federales (\u2026) si ellos no estuvieran aqu\u00ed presentes, el problema ser\u00eda dos o tres veces m\u00e1s grave o m\u00e1s tr\u00e1gico\u00bb, finaliz\u00f3.<\/p>\n\n\n\n<figure class=\"wp-block-embed is-type-wp-embed is-provider-efe-noticias wp-block-embed-efe-noticias\"><div class=\"wp-block-embed__wrapper\">\n<blockquote class=\"wp-embedded-content\" data-secret=\"X27KsQ2hdb\"><a href=\"https:\/\/efe.com\/mundo\/2025-08-25\/violencia-sinaloa-el-mayo-zambada-mexico-carteles-narcotrafico\/\">Cesar la violencia en Sinaloa, el pedido de &#8216;El Mayo&#8217; Zambada a la facci\u00f3n de su hijo y los Chapitos<\/a><\/blockquote><iframe class=\"wp-embedded-content\" sandbox=\"allow-scripts\" security=\"restricted\" style=\"position: absolute; visibility: hidden;\" title=\"\u00abCesar la violencia en Sinaloa, el pedido de &#8216;El Mayo&#8217; Zambada a la facci\u00f3n de su hijo y los Chapitos\u00bb \u2014 EFE Noticias\" src=\"https:\/\/efe.com\/mundo\/2025-08-25\/violencia-sinaloa-el-mayo-zambada-mexico-carteles-narcotrafico\/embed\/#?secret=PBhaupGGwn#?secret=X27KsQ2hdb\" data-secret=\"X27KsQ2hdb\" width=\"500\" height=\"282\" frameborder=\"0\" marginwidth=\"0\" marginheight=\"0\" scrolling=\"no\"><\/iframe>\n<\/div><\/figure>\n\n\n\n<p>En este sentido, la presidenta Claudia Sheinbaum reafirm\u00f3 este lunes su compromiso para lograr controlar la situaci\u00f3n, aunque reconoci\u00f3 que es un trabajo gradual y de esfuerzo continuado.<\/p>\n\n\n\n<p>\u201cVamos a seguir trabajando, ah\u00ed est\u00e1 el gabinete de seguridad cada 15 d\u00edas, hay elementos del Ej\u00e9rcito, de la Guardia Nacional, de Marina, de investigaci\u00f3n, hay muchas detenciones y vamos a ir pacificando Sinaloa\u00bb, se\u00f1al\u00f3 la mandataria.<\/p>\n\n\n\n<p>Fuente: <a href=\"https:\/\/efe.com\/mundo\/2025-09-12\/sinaloa-violencia-carteles\/\">https:\/\/efe.com\/mundo\/2025-09-12\/sinaloa-violencia-carteles\/<\/a><a href=\"https:\/\/efe.com\/mundo\/\"><\/a><\/p>\n","protected":false},"excerpt":{"rendered":"<p>Por Juan Manuel Ram\u00edrez G. \/ EFE Ciudad de M\u00e9xico (EFE).- Un a\u00f1o despu\u00e9s del estallido de la crisis de [&hellip;]<\/p>\n","protected":false},"author":1,"featured_media":106718,"comment_status":"open","ping_status":"open","sticky":false,"template":"","format":"standard","meta":{"site-sidebar-layout":"default","site-content-layout":"","ast-site-content-layout":"default","site-content-style":"default","site-sidebar-style":"default","ast-global-header-display":"","ast-banner-title-visibility":"","ast-main-header-display":"","ast-hfb-above-header-display":"","ast-hfb-below-header-display":"","ast-hfb-mobile-header-display":"","site-post-title":"","ast-breadcrumbs-content":"","ast-featured-img":"","footer-sml-layout":"","theme-transparent-header-meta":"","adv-header-id-meta":"","stick-header-meta":"","header-above-stick-meta":"","header-main-stick-meta":"","header-below-stick-meta":"","astra-migrate-meta-layouts":"default","ast-page-background-enabled":"default","ast-page-background-meta":{"desktop":{"background-color":"var(--ast-global-color-4)","background-image":"","background-repeat":"repeat","background-position":"center center","background-size":"auto","background-attachment":"scroll","background-type":"","background-media":"","overlay-type":"","overlay-color":"","overlay-opacity":"","overlay-gradient":""},"tablet":{"background-color":"","background-image":"","background-repeat":"repeat","background-position":"center center","background-size":"auto","background-attachment":"scroll","background-type":"","background-media":"","overlay-type":"","overlay-color":"","overlay-opacity":"","overlay-gradient":""},"mobile":{"background-color":"","background-image":"","background-repeat":"repeat","background-position":"center center","background-size":"auto","background-attachment":"scroll","background-type":"","background-media":"","overlay-type":"","overlay-color":"","overlay-opacity":"","overlay-gradient":""}},"ast-content-background-meta":{"desktop":{"background-color":"var(--ast-global-color-5)","background-image":"","background-repeat":"repeat","background-position":"center center","background-size":"auto","background-attachment":"scroll","background-type":"","background-media":"","overlay-type":"","overlay-color":"","overlay-opacity":"","overlay-gradient":""},"tablet":{"background-color":"var(--ast-global-color-5)","background-image":"","background-repeat":"repeat","background-position":"center center","background-size":"auto","background-attachment":"scroll","background-type":"","background-media":"","overlay-type":"","overlay-color":"","overlay-opacity":"","overlay-gradient":""},"mobile":{"background-color":"var(--ast-global-color-5)","background-image":"","background-repeat":"repeat","background-position":"center center","background-size":"auto","background-attachment":"scroll","background-type":"","background-media":"","overlay-type":"","overlay-color":"","overlay-opacity":"","overlay-gradient":""}},"footnotes":""},"categories":[8],"tags":[41677,41676,23574],"class_list":["post-106717","post","type-post","status-publish","format-standard","has-post-thumbnail","hentry","category-noticias","tag-homicidios-dolosos-sinaloa","tag-miguel-calderon-quevedo","tag-sinaloa-violencia"],"_links":{"self":[{"href":"https:\/\/losperiodistas.com.mx\/portal\/wp-json\/wp\/v2\/posts\/106717","targetHints":{"allow":["GET"]}}],"collection":[{"href":"https:\/\/losperiodistas.com.mx\/portal\/wp-json\/wp\/v2\/posts"}],"about":[{"href":"https:\/\/losperiodistas.com.mx\/portal\/wp-json\/wp\/v2\/types\/post"}],"author":[{"embeddable":true,"href":"https:\/\/losperiodistas.com.mx\/portal\/wp-json\/wp\/v2\/users\/1"}],"replies":[{"embeddable":true,"href":"https:\/\/losperiodistas.com.mx\/portal\/wp-json\/wp\/v2\/comments?post=106717"}],"version-history":[{"count":1,"href":"https:\/\/losperiodistas.com.mx\/portal\/wp-json\/wp\/v2\/posts\/106717\/revisions"}],"predecessor-version":[{"id":106719,"href":"https:\/\/losperiodistas.com.mx\/portal\/wp-json\/wp\/v2\/posts\/106717\/revisions\/106719"}],"wp:featuredmedia":[{"embeddable":true,"href":"https:\/\/losperiodistas.com.mx\/portal\/wp-json\/wp\/v2\/media\/106718"}],"wp:attachment":[{"href":"https:\/\/losperiodistas.com.mx\/portal\/wp-json\/wp\/v2\/media?parent=106717"}],"wp:term":[{"taxonomy":"category","embeddable":true,"href":"https:\/\/losperiodistas.com.mx\/portal\/wp-json\/wp\/v2\/categories?post=106717"},{"taxonomy":"post_tag","embeddable":true,"href":"https:\/\/losperiodistas.com.mx\/portal\/wp-json\/wp\/v2\/tags?post=106717"}],"curies":[{"name":"wp","href":"https:\/\/api.w.org\/{rel}","templated":true}]}}