{"id":106624,"date":"2025-09-11T05:55:52","date_gmt":"2025-09-11T11:55:52","guid":{"rendered":"https:\/\/losperiodistas.com.mx\/portal\/?p=106624"},"modified":"2025-09-11T07:03:38","modified_gmt":"2025-09-11T13:03:38","slug":"opinion-4t-regeneracion-con-cimientos-de-barro","status":"publish","type":"post","link":"https:\/\/losperiodistas.com.mx\/portal\/opinion-4t-regeneracion-con-cimientos-de-barro\/","title":{"rendered":"Opini\u00f3n | 4T: \u00bfRegeneraci\u00f3n con cimientos de barro?"},"content":{"rendered":"\n<figure class=\"wp-block-image alignright size-full is-resized\"><img fetchpriority=\"high\" decoding=\"async\" width=\"500\" height=\"500\" src=\"https:\/\/losperiodistas.com.mx\/portal\/wp-content\/uploads\/2024\/04\/Fidencio-Aguilar.jpeg\" alt=\"\" class=\"wp-image-71831\" style=\"width:270px;height:auto\" srcset=\"https:\/\/losperiodistas.com.mx\/portal\/wp-content\/uploads\/2024\/04\/Fidencio-Aguilar.jpeg 500w, https:\/\/losperiodistas.com.mx\/portal\/wp-content\/uploads\/2024\/04\/Fidencio-Aguilar-300x300.jpeg 300w, https:\/\/losperiodistas.com.mx\/portal\/wp-content\/uploads\/2024\/04\/Fidencio-Aguilar-150x150.jpeg 150w\" sizes=\"(max-width: 500px) 100vw, 500px\" \/><\/figure>\n\n\n\n<p><em>A la memoria de&nbsp;<strong>don Manuel D\u00edaz Cid<\/strong>,<\/em><br><em>en el s\u00e9ptimo aniversario de su fallecimiento.<\/em><\/p>\n\n\n\n<p><em>\u201cEl poder es prisionero de sus propias mentiras<\/em><br><em>y, por tanto, tiene que estar diciendo<\/em><br><em>constantemente falsedades.\u201d<\/em><br><strong>V. Havel<\/strong>&nbsp;(2013),&nbsp;<em>El poder de los sin poder<\/em><br><em>y otros escritos<\/em>, Encuentro, p. 31.<\/p>\n\n\n\n<p class=\"has-vivid-red-color has-text-color has-link-color has-medium-font-size wp-elements-f215c4c2aa9ac08c5c670e0211dfac47\"><strong>Por Dr. Fidencio Aguilar V\u00edquez<\/strong><\/p>\n\n\n\n<p>Los hechos que involucran a&nbsp;<strong>actores relevantes<\/strong>&nbsp;del&nbsp;<strong>r\u00e9gimen morenista gobernante&nbsp;<\/strong>dejan mal parado a su proyecto pol\u00edtico y de pa\u00eds. La red del&nbsp;<strong><em>huachicol fiscal<\/em><\/strong>&nbsp;recientemente exhibida, el&nbsp;<strong><em>affaire<\/em>&nbsp;Noro\u00f1a<\/strong>&nbsp;con su casa de millonario y sus desplantes de poder, los afectos a los lujos de la diputada&nbsp;<strong>\u201cDato protegido\u201d y su esposo<\/strong>, \u00bfacaso no reproducen la odiada premisa de \u201cgobierno rico y pueblo pobre\u201d?&nbsp;<strong>L\u00f3pez Obrador<\/strong>&nbsp;tras su triunfo y al asumir la presidencia prometi\u00f3 dar fin a la corrupci\u00f3n y la impunidad.<\/p>\n\n\n\n<p>En efecto, tanto en el Z\u00f3calo capitalino como en San L\u00e1zaro, el&nbsp;<strong>expresidente<\/strong>&nbsp;plante\u00f3&nbsp;<strong>cambios profundos<\/strong>&nbsp;\u2014dentro del marco legal\u2014 para establecer una aut\u00e9ntica democracia y la reconciliaci\u00f3n nacional, y marcar un rotundo \u00abno\u00bb a la dictadura.&nbsp;La<strong>&nbsp;Constituci\u00f3n<\/strong>&nbsp;fue \u201csaltada\u201d con la&nbsp;<strong>sobrerrepresentaci\u00f3n<\/strong>&nbsp;del 54 (real) al 75 % (artificial), la&nbsp;<strong>democracia&nbsp;<\/strong>se vuelve hegem\u00f3nica y la&nbsp;<strong>reconciliaci\u00f3n nacional&nbsp;<\/strong>no ha sido ni es prioridad para el r\u00e9gimen gobernante. Por el contrario, la premisa sigue siendo la&nbsp;<strong>polarizaci\u00f3n<\/strong>.<\/p>\n\n\n\n<p>En ese primer discurso del 2 de julio de 2018 el&nbsp;<strong>expresidente<\/strong>&nbsp;quiso calmar las aguas. Adem\u00e1s de lo anterior se pronunci\u00f3 por la libertad empresarial, las libertades de expresi\u00f3n, asociaci\u00f3n y de creencias; dijo garantizar y promover las&nbsp;<strong>libertades y derechos c\u00edvicos y pol\u00edticos.&nbsp;<\/strong>Habl\u00f3 de dos premisas que los gobiernos anteriores al de \u00e9l hab\u00edan establecido: la&nbsp;<strong>autonom\u00eda&nbsp;<\/strong>del&nbsp;<strong>Banco de M\u00e9xico<\/strong>&nbsp;y la&nbsp;<strong>disciplina financiera<\/strong>. A\u00f1adi\u00f3 que no habr\u00eda m\u00e1s impuestos ni endeudamiento ni gasolinazos. \u00bfCumpli\u00f3?<\/p>\n\n\n\n<p>Habl\u00f3 tambi\u00e9n del&nbsp;<strong>pueblo mexicano<\/strong>. El heredero de grandes civilizaciones, honesto y trabajador; de hecho, plante\u00f3 el perfil del&nbsp;<strong>nuevo mexicano:<\/strong>&nbsp;que trabaja, es feliz y si emigra a otros lugares lo hace por gusto. Habl\u00f3 de un Estado que&nbsp;<strong>une a ricos y pobres<\/strong>, a las ciudades y al campo, a los creyentes y no creyentes; en suma, dibuj\u00f3 un&nbsp;<strong>r\u00e9gimen inclusivo<\/strong>, de respeto a todos, aunque con la premisa de \u201cprimero los pobres\u201d. Su estrategia de seguridad, sostuvo, ser\u00eda el atender las causas:&nbsp;<strong>abatir la desigualdad<\/strong>.<\/p>\n\n\n\n<p>Reconoci\u00f3 a<strong>&nbsp;Pe\u00f1a<\/strong>&nbsp;por no intervenir en la elecci\u00f3n, a los&nbsp;<strong>medios<\/strong>&nbsp;por ser plurales y a las<strong>&nbsp;redes sociales<\/strong>. Dijo que no iba a traicionar la confianza de millones ni a fallar. Prometi\u00f3&nbsp;<strong>\u201crectitud y justicia\u201d<\/strong>, conducirse con ideales y principios. Se pronunci\u00f3 por poner en alto \u201cla grandeza de nuestra patria\u201d y, sobre todo, por una&nbsp;<strong>mejor sociedad<\/strong>, es decir, la dicha y felicidad de todos los mexicanos. En los hechos, utiliz\u00f3 la&nbsp;<strong>maquinaria estatal<\/strong>&nbsp;para hacer ganar a su partido y a su candidata en 2024, tras el trago amargo de 2021.<\/p>\n\n\n\n<p>Al hablar sobre las&nbsp;<strong>falsedades del poder<\/strong>,&nbsp;<strong>Havel<\/strong>&nbsp;a\u00f1ade:&nbsp;<em>\u201cFalsedades sobre el pasado. Falsedades sobre el presente y sobre el futuro. Falsifica los datos estad\u00edsticos.\u201d<\/em>&nbsp;(1). Los<strong>&nbsp;\u201cotros datos\u201d&nbsp;<\/strong>del expresidente se establecieron como&nbsp;<strong>pol\u00edtica de Estado<\/strong>, cuyas bases, me parece, las sostuvo y las mantuvo bajo im\u00e1genes simb\u00f3licas. En otros art\u00edculos he abordado el abuso de la historia y de una introyectada&nbsp;<strong>\u201csuperioridad moral\u201d<\/strong>&nbsp;de la nueva clase gobernante. Hablar\u00e9 brevemente de los elementos m\u00edtico-pol\u00edticos del r\u00e9gimen.<\/p>\n\n\n\n<p>Los&nbsp;<strong>antiguos rituales m\u00edtico-m\u00e1gicos<\/strong>&nbsp;contaban con&nbsp;<strong>cinco elementos<\/strong>&nbsp;que compon\u00edan el circuito de la convicci\u00f3n o creencia religiosa, arcana, misteriosa, s\u00f3lo esclarecida en las palabras rituales. En la visi\u00f3n moderna prevalecen esos elementos, pero secularizados, es decir,&nbsp;<strong>\u201ctraducidos\u201d&nbsp;<\/strong>a una&nbsp;<strong>visi\u00f3n de la historia<\/strong>,&nbsp;<strong>del Estado<\/strong>&nbsp;y de la din\u00e1mica pol\u00edtica o del poder como nuevas \u201cfuerzas\u201d an\u00edmico-simb\u00f3licas. Esos elementos son: el&nbsp;<strong>sujeto<\/strong>, la&nbsp;<strong>meta<\/strong>, el&nbsp;<strong>camino<\/strong>, el<strong>&nbsp;enemigo&nbsp;<\/strong>y el&nbsp;<strong>\u201cmes\u00edas\u201d salvador<\/strong>.<\/p>\n\n\n\n<p>El&nbsp;<strong>sujeto<\/strong>&nbsp;representa a quien se le habla \u2014el \u201ciniciado\u201d ritualmente\u2014, en este caso, al&nbsp;<strong>pueblo<\/strong>. En su mencionado discurso, el&nbsp;<strong>expresidente<\/strong>&nbsp;se\u00f1al\u00f3:&nbsp;<em>\u201cPropongo al pueblo de M\u00e9xico que pongamos un punto final a esta horrible historia y mejor empecemos de nuevo\u201d.<\/em>&nbsp;En un texto previo, hab\u00eda planteado su&nbsp;<strong>tesis central<\/strong>:&nbsp;<em>\u201cSostenemos que la salida a la crisis actual de M\u00e9xico es la honestidad. (\u2026) me he propuesto convocar al pueblo para convertir esta virtud en una forma de vida y de gobierno. (\u2026) la honestidad es un valor inherente a nuestras culturas.\u201d&nbsp;<\/em>(2) El&nbsp;<strong>sujeto es sacralizado<\/strong>, tambi\u00e9n quien lo representa.<\/p>\n\n\n\n<p>El&nbsp;<strong>segundo elemento<\/strong>&nbsp;es la&nbsp;<strong>meta<\/strong>, el prop\u00f3sito: la&nbsp;<strong>tierra prometida<\/strong>. Se trata de&nbsp;<em>\u201cemprender la regeneraci\u00f3n verdadera y radical de la vida p\u00fablica de M\u00e9xico, la construcci\u00f3n de una nueva patria, la reactivaci\u00f3n econ\u00f3mica y la pacificaci\u00f3n del pa\u00eds.\u201d<\/em>&nbsp;(3) A\u00f1adi\u00f3 el&nbsp;<strong>expresidente<\/strong>:&nbsp;<em>\u201cTransitaremos hacia una verdadera democracia, se acabar\u00e1 la vergonzosa tradici\u00f3n de fraudes electorales. Las elecciones ser\u00e1n limpias y libres y quien utilice recursos p\u00fablicos o privados para comprar votos y traficar con la pobreza de la gente o el que utilice el presupuesto para favorecer a candidatos o partidos, ir\u00e1 a la c\u00e1rcel sin derecho a fianza.\u201d (4).&nbsp;<\/em>En suma<em>, \u201cbienestar material y bienestar del alma.\u201d<\/em>&nbsp;(5).<\/p>\n\n\n\n<p>El&nbsp;<strong>camino es el tercer elemento<\/strong>. Se refiere este elemento al c\u00f3mo conseguir llegar a la meta. El&nbsp;<strong>expresidente<\/strong>&nbsp;pareci\u00f3 en sus discursos se\u00f1alarlo con claridad:&nbsp;<em>\u201cRecu\u00e9rdese que luego de la etapa violenta de la Revoluci\u00f3n, desde los a\u00f1os 30 a los 70, del siglo pasado, durante 40 a\u00f1os, la econom\u00eda de M\u00e9xico creci\u00f3 a una tasa promedio anual del 5%.\u201d<\/em>&nbsp;(6). A\u00f1adi\u00f3 sus&nbsp;<strong>megaproyectos&nbsp;<\/strong>del Tren Maya, Dos Bocas, el Tren Transoce\u00e1nico y el programa de atenci\u00f3n m\u00e9dica y medicamentos gratuitos en todo el pa\u00eds.<\/p>\n\n\n\n<p>El&nbsp;<strong>cuarto elemento simb\u00f3lico<\/strong>&nbsp;(m\u00e1gico-ritual) es la&nbsp;<strong>visibilizaci\u00f3n del enemigo<\/strong>. De hecho esto es lo que ha prevalecido. Se plantea un enemigo que ha saqueado al pa\u00eds, que ha pervertido la vida p\u00fablica y al que hay que vencer radicalmente. Se trata del&nbsp;<strong>r\u00e9gimen neoliberal<\/strong>, impulsado por el expresidente Salinas y continuado por el PRIAN, con Calder\u00f3n como cabeza visible de la&nbsp;<strong>\u201cmafia del poder\u201d.<\/strong>&nbsp;\u00c9sta encarna la&nbsp;<strong>corrupci\u00f3n y la impunidad<\/strong>&nbsp;que impiden el renacimiento de M\u00e9xico.<\/p>\n\n\n\n<p>Frente a esos enemigos, otrora poderosos y pervertidos, hay que seguir la&nbsp;<strong>voz del l\u00edder moral<\/strong>, la voz mesi\u00e1nica, el l\u00edder nato del pueblo que&nbsp;<strong>encarna el ant\u00eddoto<\/strong>&nbsp;contra esos enemigos. El quinto elemento es el&nbsp;<strong><em>mes\u00edas<\/em><\/strong>:&nbsp;<em>\u201cCon apego a mis convicciones y en uso de mis facultades, me comprometo a no robar y a no permitir que nadie se aproveche de su cargo o posici\u00f3n para sustraer bienes del erario o hacer negocios al amparo del poder p\u00fablico. Esto aplica a amigos, aplica a compa\u00f1eros de lucha y familiares.\u201d<\/em>&nbsp;(7).<\/p>\n\n\n\n<p>Todo esto, con las&nbsp;<strong>actitudes de los actores morenistas<\/strong>&nbsp;mencionados al inicio, ha sido&nbsp;<strong>desmentido<\/strong>, desacreditado o&nbsp;<strong>ignorado<\/strong>. Adem\u00e1s los esc\u00e1ndalos de SEGALMEX, la deuda p\u00fablica billonaria completan un circuito de un&nbsp;<strong>uso del poder<\/strong>&nbsp;que&nbsp;<strong>V. Havel describi\u00f3 con crudeza:<\/strong>&nbsp;[el poder]&nbsp;<em>\u201cDa a entender que no existe un aparato policiaco omnipotente y capaz de todo. Miente cuando dice que respeta los derechos humanos. Miente cuando dice que no persigue a nadie. Miente cuando dice que no tiene miedo. Miente cuando dice que no miente.\u201d<\/em>&nbsp;(8).<\/p>\n\n\n\n<p><strong>Referencias:<\/strong><br>1. V. Havel (2013),&nbsp;<em>El poder de los sin poder y otros escritos<\/em>, Encuentro, Madrid, p. 31.<br>2. A. M. L\u00f3pez Obrador (s. f. e.),&nbsp;<em>Este soy yo<\/em>, p. 56.<br>3. A. M. L\u00f3pez Obrador (2018)&nbsp;<em>Discurso tras la jornada electoral<\/em>; tambi\u00e9n:&nbsp;<em>Discurso tras<br>protestar como Presidente de la Rep\u00fablica<\/em>.<br>4.&nbsp;<em>\u00cddem<\/em>.<br>5.&nbsp;<em>Este soy yo<\/em>, op. cit., p. 67.<br>6.&nbsp;<em>Discurso tras la jornada electoral<\/em>&nbsp;y&nbsp;<em>Discurso tras protestar como Presidente de la Rep\u00fablica<\/em>, op. cit.<br>7.&nbsp;<em>\u00cddem<\/em>.<br>8. Havel,&nbsp;<em>op. cit<\/em>., p. 31.<\/p>\n\n\n\n<hr class=\"wp-block-separator has-alpha-channel-opacity\"\/>\n\n\n\n<p><strong>+ OPINI\u00d3N : Las opiniones expresadas son responsabilidad del autor<\/strong><\/p>\n","protected":false},"excerpt":{"rendered":"<p>A la memoria de&nbsp;don Manuel D\u00edaz Cid,en el s\u00e9ptimo aniversario de su fallecimiento. \u201cEl poder es prisionero de sus propias [&hellip;]<\/p>\n","protected":false},"author":1,"featured_media":71831,"comment_status":"open","ping_status":"open","sticky":false,"template":"","format":"standard","meta":{"site-sidebar-layout":"default","site-content-layout":"","ast-site-content-layout":"default","site-content-style":"default","site-sidebar-style":"default","ast-global-header-display":"","ast-banner-title-visibility":"","ast-main-header-display":"","ast-hfb-above-header-display":"","ast-hfb-below-header-display":"","ast-hfb-mobile-header-display":"","site-post-title":"","ast-breadcrumbs-content":"","ast-featured-img":"","footer-sml-layout":"","theme-transparent-header-meta":"","adv-header-id-meta":"","stick-header-meta":"","header-above-stick-meta":"","header-main-stick-meta":"","header-below-stick-meta":"","astra-migrate-meta-layouts":"default","ast-page-background-enabled":"default","ast-page-background-meta":{"desktop":{"background-color":"var(--ast-global-color-4)","background-image":"","background-repeat":"repeat","background-position":"center center","background-size":"auto","background-attachment":"scroll","background-type":"","background-media":"","overlay-type":"","overlay-color":"","overlay-opacity":"","overlay-gradient":""},"tablet":{"background-color":"","background-image":"","background-repeat":"repeat","background-position":"center center","background-size":"auto","background-attachment":"scroll","background-type":"","background-media":"","overlay-type":"","overlay-color":"","overlay-opacity":"","overlay-gradient":""},"mobile":{"background-color":"","background-image":"","background-repeat":"repeat","background-position":"center center","background-size":"auto","background-attachment":"scroll","background-type":"","background-media":"","overlay-type":"","overlay-color":"","overlay-opacity":"","overlay-gradient":""}},"ast-content-background-meta":{"desktop":{"background-color":"var(--ast-global-color-5)","background-image":"","background-repeat":"repeat","background-position":"center center","background-size":"auto","background-attachment":"scroll","background-type":"","background-media":"","overlay-type":"","overlay-color":"","overlay-opacity":"","overlay-gradient":""},"tablet":{"background-color":"var(--ast-global-color-5)","background-image":"","background-repeat":"repeat","background-position":"center center","background-size":"auto","background-attachment":"scroll","background-type":"","background-media":"","overlay-type":"","overlay-color":"","overlay-opacity":"","overlay-gradient":""},"mobile":{"background-color":"var(--ast-global-color-5)","background-image":"","background-repeat":"repeat","background-position":"center center","background-size":"auto","background-attachment":"scroll","background-type":"","background-media":"","overlay-type":"","overlay-color":"","overlay-opacity":"","overlay-gradient":""}},"footnotes":""},"categories":[8,22],"tags":[3927,18772,41637],"class_list":["post-106624","post","type-post","status-publish","format-standard","has-post-thumbnail","hentry","category-noticias","category-opinion-invitada","tag-4t","tag-manuel-diaz-cid","tag-regeneracion-cimientos-de-barro"],"_links":{"self":[{"href":"https:\/\/losperiodistas.com.mx\/portal\/wp-json\/wp\/v2\/posts\/106624","targetHints":{"allow":["GET"]}}],"collection":[{"href":"https:\/\/losperiodistas.com.mx\/portal\/wp-json\/wp\/v2\/posts"}],"about":[{"href":"https:\/\/losperiodistas.com.mx\/portal\/wp-json\/wp\/v2\/types\/post"}],"author":[{"embeddable":true,"href":"https:\/\/losperiodistas.com.mx\/portal\/wp-json\/wp\/v2\/users\/1"}],"replies":[{"embeddable":true,"href":"https:\/\/losperiodistas.com.mx\/portal\/wp-json\/wp\/v2\/comments?post=106624"}],"version-history":[{"count":1,"href":"https:\/\/losperiodistas.com.mx\/portal\/wp-json\/wp\/v2\/posts\/106624\/revisions"}],"predecessor-version":[{"id":106625,"href":"https:\/\/losperiodistas.com.mx\/portal\/wp-json\/wp\/v2\/posts\/106624\/revisions\/106625"}],"wp:featuredmedia":[{"embeddable":true,"href":"https:\/\/losperiodistas.com.mx\/portal\/wp-json\/wp\/v2\/media\/71831"}],"wp:attachment":[{"href":"https:\/\/losperiodistas.com.mx\/portal\/wp-json\/wp\/v2\/media?parent=106624"}],"wp:term":[{"taxonomy":"category","embeddable":true,"href":"https:\/\/losperiodistas.com.mx\/portal\/wp-json\/wp\/v2\/categories?post=106624"},{"taxonomy":"post_tag","embeddable":true,"href":"https:\/\/losperiodistas.com.mx\/portal\/wp-json\/wp\/v2\/tags?post=106624"}],"curies":[{"name":"wp","href":"https:\/\/api.w.org\/{rel}","templated":true}]}}