{"id":1063,"date":"2020-11-10T18:40:58","date_gmt":"2020-11-11T00:40:58","guid":{"rendered":"http:\/\/losperiodistas.com.mx\/portal\/?p=1063"},"modified":"2020-11-10T18:40:58","modified_gmt":"2020-11-11T00:40:58","slug":"ayuntamiento-de-puebla-mejora-espacios-educativos","status":"publish","type":"post","link":"https:\/\/losperiodistas.com.mx\/portal\/ayuntamiento-de-puebla-mejora-espacios-educativos\/","title":{"rendered":"Ayuntamiento de Puebla mejora espacios educativos"},"content":{"rendered":"\n<p style=\"font-size:18px\"><em>M\u00e1s infraestructura en Santo Tom\u00e1s Chautla<\/em><\/p>\n\n\n\n<p class=\"has-vivid-cyan-blue-color has-text-color has-medium-font-size\">REDACCI\u00d3N<\/p>\n\n\n\n<p>En beneficio de una comunidad escolar de 425 estudiantes y 24 educadores, el Gobierno de la Ciudad de Puebla construy\u00f3 un domo en la primaria matutina Progreso-vespertina Gregorio de Gante, en Santo Tom\u00e1s Chautla.<\/p>\n\n\n\n<p>La entrega de la infraestructura de 539 metros cuadrados de techado es resultado de una pol\u00edtica de mejoramiento de espacios educativos en zonas de mayor vulnerabilidad, implementada por la Secretar\u00eda de Infraestructura y Servicios P\u00fablicos, en coordinaci\u00f3n con la Secretar\u00eda de Bienestar. <\/p>\n\n\n\n<p>\u201cEste tipo de acciones que vienen de mandato popular nos permiten estar cumpliendo de cara a la ciudadan\u00eda con un compromiso de transformar de fondo, considerando como sujetos de derechos y libertades a nuestras ni\u00f1as y ni\u00f1os\u201d, coment\u00f3 la Presienta Municipal de Puebla, Claudia Rivera Vivanco. <\/p>\n\n\n\n<p>De esta forma, con una inversi\u00f3n de un mill\u00f3n 320 mil pesos, el Ayuntamiento de Puebla consolida una obra de impacto social que propiciar\u00e1 un ambiente favorable y m\u00e1s digno para el desarrollo acad\u00e9mico de la comunidad, una vez superada la contingencia sanitaria.<\/p>\n\n\n\n<p>Representantes de la instituci\u00f3n educativa beneficiada reconocieron la envergadura de la intervenci\u00f3n realizada, pues exist\u00eda una exposici\u00f3n climatol\u00f3gica significativa para las y los ni\u00f1os de ambos turnos. <\/p>\n\n\n\n<p>A este acto de entrega de infraestructura educativa asisti\u00f3 Mar\u00eda del Carmen Pizarro L\u00f3pez, directora de la primaria Progreso, turno matutino; Mauricio Arag\u00f3n Vergara, director de la primaria Gregorio de Gante, turno vespertino; representantes de los comit\u00e9s de madres y padres de familia de la instituci\u00f3n; Israel Rom\u00e1n Romano, secretario de Infraestructura y Servicios P\u00fablicos; Ren\u00e9 S\u00e1nchez Galindo, secretario de Gobernaci\u00f3n; as\u00ed como el regidor Iv\u00e1n Herrera Villag\u00f3mez, presidente de la Comisi\u00f3n de Bienestar.<\/p>\n\n\n\n<p>Fuente: http:\/\/www.pueblacapital.gob.mx\/noticias\/noticias-destacadas\/item\/14496-ayuntamiento-de-puebla-mejora-espacios-educativos-con-mas-infraestructura-en-santo-tomas-chautla<\/p>\n","protected":false},"excerpt":{"rendered":"<p>M\u00e1s infraestructura en Santo Tom\u00e1s Chautla REDACCI\u00d3N En beneficio de una comunidad escolar de 425 estudiantes y 24 educadores, el [&hellip;]<\/p>\n","protected":false},"author":1,"featured_media":1064,"comment_status":"open","ping_status":"open","sticky":false,"template":"","format":"standard","meta":{"site-sidebar-layout":"default","site-content-layout":"","ast-site-content-layout":"default","site-content-style":"default","site-sidebar-style":"default","ast-global-header-display":"","ast-banner-title-visibility":"","ast-main-header-display":"","ast-hfb-above-header-display":"","ast-hfb-below-header-display":"","ast-hfb-mobile-header-display":"","site-post-title":"","ast-breadcrumbs-content":"","ast-featured-img":"","footer-sml-layout":"","theme-transparent-header-meta":"","adv-header-id-meta":"","stick-header-meta":"","header-above-stick-meta":"","header-main-stick-meta":"","header-below-stick-meta":"","astra-migrate-meta-layouts":"default","ast-page-background-enabled":"default","ast-page-background-meta":{"desktop":{"background-color":"var(--ast-global-color-4)","background-image":"","background-repeat":"repeat","background-position":"center center","background-size":"auto","background-attachment":"scroll","background-type":"","background-media":"","overlay-type":"","overlay-color":"","overlay-opacity":"","overlay-gradient":""},"tablet":{"background-color":"","background-image":"","background-repeat":"repeat","background-position":"center center","background-size":"auto","background-attachment":"scroll","background-type":"","background-media":"","overlay-type":"","overlay-color":"","overlay-opacity":"","overlay-gradient":""},"mobile":{"background-color":"","background-image":"","background-repeat":"repeat","background-position":"center center","background-size":"auto","background-attachment":"scroll","background-type":"","background-media":"","overlay-type":"","overlay-color":"","overlay-opacity":"","overlay-gradient":""}},"ast-content-background-meta":{"desktop":{"background-color":"var(--ast-global-color-5)","background-image":"","background-repeat":"repeat","background-position":"center center","background-size":"auto","background-attachment":"scroll","background-type":"","background-media":"","overlay-type":"","overlay-color":"","overlay-opacity":"","overlay-gradient":""},"tablet":{"background-color":"var(--ast-global-color-5)","background-image":"","background-repeat":"repeat","background-position":"center center","background-size":"auto","background-attachment":"scroll","background-type":"","background-media":"","overlay-type":"","overlay-color":"","overlay-opacity":"","overlay-gradient":""},"mobile":{"background-color":"var(--ast-global-color-5)","background-image":"","background-repeat":"repeat","background-position":"center center","background-size":"auto","background-attachment":"scroll","background-type":"","background-media":"","overlay-type":"","overlay-color":"","overlay-opacity":"","overlay-gradient":""}},"footnotes":""},"categories":[8],"tags":[],"class_list":["post-1063","post","type-post","status-publish","format-standard","has-post-thumbnail","hentry","category-noticias"],"_links":{"self":[{"href":"https:\/\/losperiodistas.com.mx\/portal\/wp-json\/wp\/v2\/posts\/1063","targetHints":{"allow":["GET"]}}],"collection":[{"href":"https:\/\/losperiodistas.com.mx\/portal\/wp-json\/wp\/v2\/posts"}],"about":[{"href":"https:\/\/losperiodistas.com.mx\/portal\/wp-json\/wp\/v2\/types\/post"}],"author":[{"embeddable":true,"href":"https:\/\/losperiodistas.com.mx\/portal\/wp-json\/wp\/v2\/users\/1"}],"replies":[{"embeddable":true,"href":"https:\/\/losperiodistas.com.mx\/portal\/wp-json\/wp\/v2\/comments?post=1063"}],"version-history":[{"count":1,"href":"https:\/\/losperiodistas.com.mx\/portal\/wp-json\/wp\/v2\/posts\/1063\/revisions"}],"predecessor-version":[{"id":1065,"href":"https:\/\/losperiodistas.com.mx\/portal\/wp-json\/wp\/v2\/posts\/1063\/revisions\/1065"}],"wp:featuredmedia":[{"embeddable":true,"href":"https:\/\/losperiodistas.com.mx\/portal\/wp-json\/wp\/v2\/media\/1064"}],"wp:attachment":[{"href":"https:\/\/losperiodistas.com.mx\/portal\/wp-json\/wp\/v2\/media?parent=1063"}],"wp:term":[{"taxonomy":"category","embeddable":true,"href":"https:\/\/losperiodistas.com.mx\/portal\/wp-json\/wp\/v2\/categories?post=1063"},{"taxonomy":"post_tag","embeddable":true,"href":"https:\/\/losperiodistas.com.mx\/portal\/wp-json\/wp\/v2\/tags?post=1063"}],"curies":[{"name":"wp","href":"https:\/\/api.w.org\/{rel}","templated":true}]}}