{"id":105992,"date":"2025-09-02T05:48:42","date_gmt":"2025-09-02T11:48:42","guid":{"rendered":"https:\/\/losperiodistas.com.mx\/portal\/?p=105992"},"modified":"2025-09-02T05:48:44","modified_gmt":"2025-09-02T11:48:44","slug":"opinion-que-curioso-11-dirigentes-han-abandonado-al-pri","status":"publish","type":"post","link":"https:\/\/losperiodistas.com.mx\/portal\/opinion-que-curioso-11-dirigentes-han-abandonado-al-pri\/","title":{"rendered":"Opini\u00f3n | Qu\u00e9 curioso: 11 dirigentes han abandonado al PRI"},"content":{"rendered":"\n<p class=\"has-medium-font-size\">*Unos han ido a otros partidos y otros solo se alejaron<\/p>\n\n\n\n<figure class=\"wp-block-image size-large\"><img fetchpriority=\"high\" decoding=\"async\" width=\"1024\" height=\"766\" src=\"https:\/\/losperiodistas.com.mx\/portal\/wp-content\/uploads\/2025\/09\/GALERIA-DE-PRESIDENTES-DEL-PRI-1024x766.jpg\" alt=\"\" class=\"wp-image-105993\" srcset=\"https:\/\/losperiodistas.com.mx\/portal\/wp-content\/uploads\/2025\/09\/GALERIA-DE-PRESIDENTES-DEL-PRI-1024x766.jpg 1024w, https:\/\/losperiodistas.com.mx\/portal\/wp-content\/uploads\/2025\/09\/GALERIA-DE-PRESIDENTES-DEL-PRI-300x225.jpg 300w, https:\/\/losperiodistas.com.mx\/portal\/wp-content\/uploads\/2025\/09\/GALERIA-DE-PRESIDENTES-DEL-PRI-768x575.jpg 768w, https:\/\/losperiodistas.com.mx\/portal\/wp-content\/uploads\/2025\/09\/GALERIA-DE-PRESIDENTES-DEL-PRI.jpg 1280w\" sizes=\"(max-width: 1024px) 100vw, 1024px\" \/><\/figure>\n\n\n\n<p class=\"has-vivid-red-color has-text-color has-link-color has-medium-font-size wp-elements-e78e8b65c483324f69021f20983aeb24\"><strong><em>Por Ra\u00fal Torres Salmer\u00f3n \/ Sin Limites<\/em><\/strong><\/p>\n\n\n\n<p>A lo largo de la historia, el Partido Revolucionario Institucional (PRI), ha destacado por su labor social en beneficio de M\u00e9xico, con la mayor preocupaci\u00f3n las clases populares y los sectores m\u00e1s necesitados y desprotegidos y la formaci\u00f3n de cuadros competitivos capaces de llevar las riendas del pa\u00eds durante mucho tiempo, a tal grado que se lleg\u00f3 a decir que todos los mexicanos eran pri\u00edstas, salvo prueba en contrario.<\/p>\n\n\n\n<p>En Puebla, de algunos a\u00f1os a la fecha el PRI se ha enfrentado al desprestigio causado por algunos personajes pol\u00edticos, que han mostrado un inter\u00e9s personal, antes que el partidista, pese a tener m\u00faltiples oportunidades con posiciones internas en el tricolor, cargos de elecci\u00f3n popular y puestos p\u00fablicos en administraciones municipales, estatales y federales.<\/p>\n\n\n\n<p>Para otros, el inter\u00e9s por preservar sus privilegios ha sido mayor, que la preocupaci\u00f3n por generar un aut\u00e9ntico cambio por M\u00e9xico, por lo que, han tomado la decisi\u00f3n de emigrar a otras fuerzas pol\u00edticas y olvidan, pero al parecer lo llevan en la sangre, aunque digan lo contrario, que el PRI es y fue una escuela, una familia que los acogi\u00f3 y les ense\u00f1\u00f3 c\u00f3mo hacer pol\u00edtica.<\/p>\n\n\n\n<p>Lo m\u00e1s curioso es que en los \u00faltimos tiempos el abandono del PRI ha sido a cargo de quienes fueron dirigentes. En Puebla suman 11 los casos de abandono del PRI de militantes que fueron Presidentes del Comit\u00e9 Directivo Estatal. Algunos se fueron a otros partidos, otros est\u00e1n alejados de la pol\u00edtica. En el caso de Mario Mar\u00edn, fue expulsado en 2022 seg\u00fan declar\u00f3 el ex dirigente N\u00e9stor Camarillo.<\/p>\n\n\n\n<p>La lista es la siguiente seg\u00fan un recuento hist\u00f3rico del columnista en libros, Internet y archivos personales<\/p>\n\n\n\n<p>1. Germ\u00e1n Sierra S\u00e1nchez, quien ocup\u00f3 la cartera de Presidente del 21 de julio de 1987 al 30 de marzo de 1988 en el sexenio del Gobernador Mariano Pi\u00f1a Olaya.<\/p>\n\n\n\n<p>2. Adri\u00e1n V\u00edctor Hugo Islas Hern\u00e1ndez, dirigente estatal del 20 de marzo de 1993 al 4 de febrero de 1995, en el Gobierno de Manuel Bartlett D\u00edaz.<\/p>\n\n\n\n<p>3. Ignacio Mier Velasco, fungi\u00f3 en el cargo del 4 de febrero de 1995 al 18 de marzo de 1996 en la administraci\u00f3n de Manuel Bartlett D\u00edaz.<\/p>\n\n\n\n<p>4. Mario Mar\u00edn Torres, quien actualmente enfrenta un proceso legal, fue l\u00edder estatal del PRI del 9 de abril de 1997 al 5 de junio de 1998, durante el periodo de Gobernador de Manuel Bartlett D\u00edaz.<\/p>\n\n\n\n<p>5. Luis Antonio Godina Herrera, se desempe\u00f1\u00f3 como Presidente del 5 de junio de 1998 al 18 de febrero de 1999, en el Gobierno de Manuel Bartlett D\u00edaz.<\/p>\n\n\n\n<p>6. Jos\u00e9 Alarc\u00f3n Hern\u00e1ndez ocup\u00f3 el m\u00e1ximo puesto del PRI del 12 de septiembre de 2001 al 31 de octubre de 2002 cuando gobern\u00f3 Puebla Melquiades Morales Flores.<\/p>\n\n\n\n<p>7. Juan Manuel Vega Rayet, dirigi\u00f3 el PRI del 14 de febrero al 9 de noviembre de 2006, en el Gobierno de Mario Mar\u00edn Torres.<\/p>\n\n\n\n<p>8. Wenceslao Herrera Coyac presidi\u00f3 el PRI en 2008 en el Gobierno de Mario Mar\u00edn Torres.<\/p>\n\n\n\n<p>9. Alejandro Armenta Mier, fue l\u00edder estatal del PRI del 19 de marzo del 2008 al 13 de abril del 2010, en el Gobierno de Mario Mar\u00edn Torres.<\/p>\n\n\n\n<p>10. Fernando Morales Mart\u00ednez estuvo al frente del PRI del 14 de febrero al 25 de noviembre de 2012, durante la gesti\u00f3n del Gobernador Mario Mar\u00edn Torres.<\/p>\n\n\n\n<p>11. El \u00faltimo dirigente en salir del PRI es N\u00e9stor Camarillo Medina, del 25 de septiembre de 2021 al 26 de agosto de 2025. Estuvo en los \u00faltimos 5 a\u00f1os al frente del Institucional, en los gobiernos de Alejandro Armenta, Sergio Salom\u00f3n C\u00e9spedes y Miguel Barbosa Huerta.<\/p>\n\n\n\n<p>Lo curioso del asunto, es que suman 11 dirigentes quienes han abandonado al PRI, en los \u00faltimos a\u00f1os sin contar que muchos otros pri\u00edstas de renombre han salido del ex partidazo<\/p>\n\n\n\n<p>Algunos m\u00e1s se han alejado del tricolor, incluidos algunos ex presidentes.<\/p>\n\n\n\n<p>En fin, como escribi\u00f3 Alfonsina Storni (Argentina,1892-1938), en su poema Encuentro:<\/p>\n\n\n\n<p>Me abandon\u00f3. De prisa le vi cruzar la calle<\/p>\n\n\n\n<p>y con su manga oscura rozar el blanco talle<\/p>\n\n\n\n<p>de alguna vagabunda que andaba por la v\u00eda.<\/p>\n\n\n\n<p>Persegu\u00ed por un rato su sombrero que hu\u00eda&#8230;<\/p>\n\n\n\n<p>despu\u00e9s fue, ya lejana, una mancha de herrumbre.<\/p>\n\n\n\n<p>y lo engull\u00f3 de nuevo la espesa muchedumbre.<\/p>\n\n\n\n<p>raultorress@hotmail.com<\/p>\n\n\n\n<hr class=\"wp-block-separator has-alpha-channel-opacity\"\/>\n\n\n\n<p><strong>+ OPINI\u00d3N : Las opiniones expresadas son responsabilidad del autor<\/strong><\/p>\n","protected":false},"excerpt":{"rendered":"<p>*Unos han ido a otros partidos y otros solo se alejaron Por Ra\u00fal Torres Salmer\u00f3n \/ Sin Limites A lo [&hellip;]<\/p>\n","protected":false},"author":1,"featured_media":105993,"comment_status":"open","ping_status":"open","sticky":false,"template":"","format":"standard","meta":{"site-sidebar-layout":"default","site-content-layout":"","ast-site-content-layout":"default","site-content-style":"default","site-sidebar-style":"default","ast-global-header-display":"","ast-banner-title-visibility":"","ast-main-header-display":"","ast-hfb-above-header-display":"","ast-hfb-below-header-display":"","ast-hfb-mobile-header-display":"","site-post-title":"","ast-breadcrumbs-content":"","ast-featured-img":"","footer-sml-layout":"","theme-transparent-header-meta":"","adv-header-id-meta":"","stick-header-meta":"","header-above-stick-meta":"","header-main-stick-meta":"","header-below-stick-meta":"","astra-migrate-meta-layouts":"default","ast-page-background-enabled":"default","ast-page-background-meta":{"desktop":{"background-color":"var(--ast-global-color-4)","background-image":"","background-repeat":"repeat","background-position":"center center","background-size":"auto","background-attachment":"scroll","background-type":"","background-media":"","overlay-type":"","overlay-color":"","overlay-opacity":"","overlay-gradient":""},"tablet":{"background-color":"","background-image":"","background-repeat":"repeat","background-position":"center center","background-size":"auto","background-attachment":"scroll","background-type":"","background-media":"","overlay-type":"","overlay-color":"","overlay-opacity":"","overlay-gradient":""},"mobile":{"background-color":"","background-image":"","background-repeat":"repeat","background-position":"center center","background-size":"auto","background-attachment":"scroll","background-type":"","background-media":"","overlay-type":"","overlay-color":"","overlay-opacity":"","overlay-gradient":""}},"ast-content-background-meta":{"desktop":{"background-color":"var(--ast-global-color-5)","background-image":"","background-repeat":"repeat","background-position":"center center","background-size":"auto","background-attachment":"scroll","background-type":"","background-media":"","overlay-type":"","overlay-color":"","overlay-opacity":"","overlay-gradient":""},"tablet":{"background-color":"var(--ast-global-color-5)","background-image":"","background-repeat":"repeat","background-position":"center center","background-size":"auto","background-attachment":"scroll","background-type":"","background-media":"","overlay-type":"","overlay-color":"","overlay-opacity":"","overlay-gradient":""},"mobile":{"background-color":"var(--ast-global-color-5)","background-image":"","background-repeat":"repeat","background-position":"center center","background-size":"auto","background-attachment":"scroll","background-type":"","background-media":"","overlay-type":"","overlay-color":"","overlay-opacity":"","overlay-gradient":""}},"footnotes":""},"categories":[8,19],"tags":[41373],"class_list":["post-105992","post","type-post","status-publish","format-standard","has-post-thumbnail","hentry","category-noticias","category-sin-limites-2","tag-presidentes-pri-puebla"],"_links":{"self":[{"href":"https:\/\/losperiodistas.com.mx\/portal\/wp-json\/wp\/v2\/posts\/105992","targetHints":{"allow":["GET"]}}],"collection":[{"href":"https:\/\/losperiodistas.com.mx\/portal\/wp-json\/wp\/v2\/posts"}],"about":[{"href":"https:\/\/losperiodistas.com.mx\/portal\/wp-json\/wp\/v2\/types\/post"}],"author":[{"embeddable":true,"href":"https:\/\/losperiodistas.com.mx\/portal\/wp-json\/wp\/v2\/users\/1"}],"replies":[{"embeddable":true,"href":"https:\/\/losperiodistas.com.mx\/portal\/wp-json\/wp\/v2\/comments?post=105992"}],"version-history":[{"count":1,"href":"https:\/\/losperiodistas.com.mx\/portal\/wp-json\/wp\/v2\/posts\/105992\/revisions"}],"predecessor-version":[{"id":105994,"href":"https:\/\/losperiodistas.com.mx\/portal\/wp-json\/wp\/v2\/posts\/105992\/revisions\/105994"}],"wp:featuredmedia":[{"embeddable":true,"href":"https:\/\/losperiodistas.com.mx\/portal\/wp-json\/wp\/v2\/media\/105993"}],"wp:attachment":[{"href":"https:\/\/losperiodistas.com.mx\/portal\/wp-json\/wp\/v2\/media?parent=105992"}],"wp:term":[{"taxonomy":"category","embeddable":true,"href":"https:\/\/losperiodistas.com.mx\/portal\/wp-json\/wp\/v2\/categories?post=105992"},{"taxonomy":"post_tag","embeddable":true,"href":"https:\/\/losperiodistas.com.mx\/portal\/wp-json\/wp\/v2\/tags?post=105992"}],"curies":[{"name":"wp","href":"https:\/\/api.w.org\/{rel}","templated":true}]}}