{"id":105887,"date":"2025-08-31T10:38:54","date_gmt":"2025-08-31T16:38:54","guid":{"rendered":"https:\/\/losperiodistas.com.mx\/portal\/?p=105887"},"modified":"2025-08-31T10:38:55","modified_gmt":"2025-08-31T16:38:55","slug":"opinion-comunalidad-y-justicia-un-nuevo-horizonte-para-la-scjn","status":"publish","type":"post","link":"https:\/\/losperiodistas.com.mx\/portal\/opinion-comunalidad-y-justicia-un-nuevo-horizonte-para-la-scjn\/","title":{"rendered":"Opini\u00f3n | Comunalidad y justicia \u00bfUn nuevo horizonte para la SCJN?"},"content":{"rendered":"\n<figure class=\"wp-block-image aligncenter size-full is-resized\"><img fetchpriority=\"high\" decoding=\"async\" width=\"500\" height=\"500\" src=\"https:\/\/losperiodistas.com.mx\/portal\/wp-content\/uploads\/2024\/11\/WhatsApp-Image-2024-11-08-at-15.02.41-1.jpeg\" alt=\"\" class=\"wp-image-91308\" style=\"width:236px;height:auto\" srcset=\"https:\/\/losperiodistas.com.mx\/portal\/wp-content\/uploads\/2024\/11\/WhatsApp-Image-2024-11-08-at-15.02.41-1.jpeg 500w, https:\/\/losperiodistas.com.mx\/portal\/wp-content\/uploads\/2024\/11\/WhatsApp-Image-2024-11-08-at-15.02.41-1-300x300.jpeg 300w, https:\/\/losperiodistas.com.mx\/portal\/wp-content\/uploads\/2024\/11\/WhatsApp-Image-2024-11-08-at-15.02.41-1-150x150.jpeg 150w\" sizes=\"(max-width: 500px) 100vw, 500px\" \/><\/figure>\n\n\n\n<p class=\"has-vivid-red-color has-text-color has-link-color has-medium-font-size wp-elements-16c86fa0aeb2337e038537374d7418b2\"><strong>Por Ricardo Mart\u00ednez Mart\u00ednez<\/strong><\/p>\n\n\n\n<p><strong>@ricardommz07<\/strong><\/p>\n\n\n\n<p>El primero de septiembre la Corte mexicana se abre a un hecho hist\u00f3rico: un presidente electo por voto popular y de origen ind\u00edgena, el oaxaque\u00f1os Hugo Aguilar Ortiz, asumir\u00e1 la m\u00e1xima magistratura judicial. Su sola presencia desaf\u00eda siglos de distancia entre el derecho estatal y los pueblos originarios.<\/p>\n\n\n\n<p>Pero m\u00e1s all\u00e1 de la biograf\u00eda, el reto real es conceptual: \u00bfpuede la SCJN pensarse desde la comunalidad?<\/p>\n\n\n\n<p>El jurista mixe Floriberto D\u00edaz defini\u00f3 la comunalidad como la categor\u00eda central de los pueblos ind\u00edgenas de Oaxaca. Territorio compartido, trabajo colectivo (tequio), fiesta como cohesi\u00f3n y asamblea como espacio de decisi\u00f3n. No es folclor ni costumbre, sino una epistemolog\u00eda que articula vida, derecho y pol\u00edtica.<\/p>\n\n\n\n<p>Pensar la Corte desde la comunalidad, como lo ha referido en m\u00faltiples entrevistas el futuro ministro presidente, es introducir una pregunta de fondo: \u00bfc\u00f3mo se legitima la justicia cuando se reconoce que el \u201cnosotros\u201d est\u00e1 antes que el \u201cyo\u201d?<\/p>\n\n\n\n<p>La comparaci\u00f3n ayuda. Bolivia incorpor\u00f3 la jurisdicci\u00f3n ind\u00edgena en su Constituci\u00f3n, estableciendo un pluralismo jur\u00eddico que convive con el tribunal ordinario. En Canad\u00e1, la Corte Suprema ha reconocido los derechos ancestrales de las First Nations, obligando a consultas previas en proyectos extractivos. En Colombia, la Corte Constitucional ha desarrollado el concepto de \u201cderechos de la naturaleza\u201d, resonando con cosmovisiones comunitarias. M\u00e9xico, en cambio, mantiene la ficci\u00f3n de una justicia uniforme, aunque en los hechos convive con sistemas normativos ind\u00edgenas en todo el territorio.<\/p>\n\n\n\n<p>El arribo de Aguilar puede abrir la grieta. Una Corte itinerante que sesione en comunidades, que traduzca sus sentencias a lenguas originarias, que reconozca derechos colectivos m\u00e1s all\u00e1 del individuo, dar\u00eda pasos firmes hacia una justicia comunal. No se trata de sustituir la Constituci\u00f3n, sino de enriquecerla con categor\u00edas que la modernidad jur\u00eddica ha despreciado.<\/p>\n\n\n\n<p>El valor de la comunalidad en este contexto implica claramente desaf\u00edos.<\/p>\n\n\n\n<p>Internamente, da sentido a una presidencia breve: en dos a\u00f1os no se reformar\u00e1 la maquinaria, pero s\u00ed se puede sembrar un horizonte simb\u00f3lico de justicia con ra\u00edz.<\/p>\n\n\n\n<p>Externamente, posiciona a M\u00e9xico como referente en la discusi\u00f3n global sobre pluralismo jur\u00eddico y derechos colectivos, tema que interesa a organismos internacionales y cortes hermanas.<\/p>\n\n\n\n<p>Floriberto D\u00edaz escribi\u00f3 que la comunalidad es la manera en que los pueblos \u201csiguen existiendo pese a todo\u201d. Convertirla en categor\u00eda judicial ser\u00eda reconocer que la justicia no solo resuelve casos, sino que sostiene comunidades. El legado de esta presidencia podr\u00eda ser, justamente, abrir la puerta de la toga al nosotros.<\/p>\n\n\n\n<hr class=\"wp-block-separator has-alpha-channel-opacity\"\/>\n\n\n\n<p><strong>+ OPINI\u00d3N : Las opiniones expresadas son responsabilidad del autor<\/strong><\/p>\n","protected":false},"excerpt":{"rendered":"<p>Por Ricardo Mart\u00ednez Mart\u00ednez @ricardommz07 El primero de septiembre la Corte mexicana se abre a un hecho hist\u00f3rico: un presidente [&hellip;]<\/p>\n","protected":false},"author":1,"featured_media":91308,"comment_status":"open","ping_status":"open","sticky":false,"template":"","format":"standard","meta":{"site-sidebar-layout":"default","site-content-layout":"","ast-site-content-layout":"default","site-content-style":"default","site-sidebar-style":"default","ast-global-header-display":"","ast-banner-title-visibility":"","ast-main-header-display":"","ast-hfb-above-header-display":"","ast-hfb-below-header-display":"","ast-hfb-mobile-header-display":"","site-post-title":"","ast-breadcrumbs-content":"","ast-featured-img":"","footer-sml-layout":"","theme-transparent-header-meta":"","adv-header-id-meta":"","stick-header-meta":"","header-above-stick-meta":"","header-main-stick-meta":"","header-below-stick-meta":"","astra-migrate-meta-layouts":"default","ast-page-background-enabled":"default","ast-page-background-meta":{"desktop":{"background-color":"var(--ast-global-color-4)","background-image":"","background-repeat":"repeat","background-position":"center center","background-size":"auto","background-attachment":"scroll","background-type":"","background-media":"","overlay-type":"","overlay-color":"","overlay-opacity":"","overlay-gradient":""},"tablet":{"background-color":"","background-image":"","background-repeat":"repeat","background-position":"center center","background-size":"auto","background-attachment":"scroll","background-type":"","background-media":"","overlay-type":"","overlay-color":"","overlay-opacity":"","overlay-gradient":""},"mobile":{"background-color":"","background-image":"","background-repeat":"repeat","background-position":"center center","background-size":"auto","background-attachment":"scroll","background-type":"","background-media":"","overlay-type":"","overlay-color":"","overlay-opacity":"","overlay-gradient":""}},"ast-content-background-meta":{"desktop":{"background-color":"var(--ast-global-color-5)","background-image":"","background-repeat":"repeat","background-position":"center center","background-size":"auto","background-attachment":"scroll","background-type":"","background-media":"","overlay-type":"","overlay-color":"","overlay-opacity":"","overlay-gradient":""},"tablet":{"background-color":"var(--ast-global-color-5)","background-image":"","background-repeat":"repeat","background-position":"center center","background-size":"auto","background-attachment":"scroll","background-type":"","background-media":"","overlay-type":"","overlay-color":"","overlay-opacity":"","overlay-gradient":""},"mobile":{"background-color":"var(--ast-global-color-5)","background-image":"","background-repeat":"repeat","background-position":"center center","background-size":"auto","background-attachment":"scroll","background-type":"","background-media":"","overlay-type":"","overlay-color":"","overlay-opacity":"","overlay-gradient":""}},"footnotes":""},"categories":[32663,8,22],"tags":[1136],"class_list":["post-105887","post","type-post","status-publish","format-standard","has-post-thumbnail","hentry","category-entre-ruidos-y-senales","category-noticias","category-opinion-invitada","tag-scjn"],"_links":{"self":[{"href":"https:\/\/losperiodistas.com.mx\/portal\/wp-json\/wp\/v2\/posts\/105887","targetHints":{"allow":["GET"]}}],"collection":[{"href":"https:\/\/losperiodistas.com.mx\/portal\/wp-json\/wp\/v2\/posts"}],"about":[{"href":"https:\/\/losperiodistas.com.mx\/portal\/wp-json\/wp\/v2\/types\/post"}],"author":[{"embeddable":true,"href":"https:\/\/losperiodistas.com.mx\/portal\/wp-json\/wp\/v2\/users\/1"}],"replies":[{"embeddable":true,"href":"https:\/\/losperiodistas.com.mx\/portal\/wp-json\/wp\/v2\/comments?post=105887"}],"version-history":[{"count":1,"href":"https:\/\/losperiodistas.com.mx\/portal\/wp-json\/wp\/v2\/posts\/105887\/revisions"}],"predecessor-version":[{"id":105888,"href":"https:\/\/losperiodistas.com.mx\/portal\/wp-json\/wp\/v2\/posts\/105887\/revisions\/105888"}],"wp:featuredmedia":[{"embeddable":true,"href":"https:\/\/losperiodistas.com.mx\/portal\/wp-json\/wp\/v2\/media\/91308"}],"wp:attachment":[{"href":"https:\/\/losperiodistas.com.mx\/portal\/wp-json\/wp\/v2\/media?parent=105887"}],"wp:term":[{"taxonomy":"category","embeddable":true,"href":"https:\/\/losperiodistas.com.mx\/portal\/wp-json\/wp\/v2\/categories?post=105887"},{"taxonomy":"post_tag","embeddable":true,"href":"https:\/\/losperiodistas.com.mx\/portal\/wp-json\/wp\/v2\/tags?post=105887"}],"curies":[{"name":"wp","href":"https:\/\/api.w.org\/{rel}","templated":true}]}}