{"id":105426,"date":"2025-08-24T08:12:38","date_gmt":"2025-08-24T14:12:38","guid":{"rendered":"https:\/\/losperiodistas.com.mx\/portal\/?p=105426"},"modified":"2025-08-24T08:12:39","modified_gmt":"2025-08-24T14:12:39","slug":"la-novelista-mexicana-alma-delia-murillo-escribo-con-mucha-rabia-con-muchas-emociones-efe","status":"publish","type":"post","link":"https:\/\/losperiodistas.com.mx\/portal\/la-novelista-mexicana-alma-delia-murillo-escribo-con-mucha-rabia-con-muchas-emociones-efe\/","title":{"rendered":"La novelista mexicana Alma Delia Murillo: \u00abEscribo con mucha rabia, con muchas emociones\u00bb | EFE"},"content":{"rendered":"\n<figure class=\"wp-block-image size-full\"><img fetchpriority=\"high\" decoding=\"async\" width=\"900\" height=\"599\" src=\"https:\/\/losperiodistas.com.mx\/portal\/wp-content\/uploads\/2025\/08\/Alma_Delia_Murillo_escritora.jpeg\" alt=\"\" class=\"wp-image-105427\" srcset=\"https:\/\/losperiodistas.com.mx\/portal\/wp-content\/uploads\/2025\/08\/Alma_Delia_Murillo_escritora.jpeg 900w, https:\/\/losperiodistas.com.mx\/portal\/wp-content\/uploads\/2025\/08\/Alma_Delia_Murillo_escritora-300x200.jpeg 300w, https:\/\/losperiodistas.com.mx\/portal\/wp-content\/uploads\/2025\/08\/Alma_Delia_Murillo_escritora-768x511.jpeg 768w\" sizes=\"(max-width: 900px) 100vw, 900px\" \/><figcaption class=\"wp-element-caption\">Fotograf\u00eda de la escritora mexicana Alma Delia Murillo posando durante una entrevista con EFE, en la Feria Internacional del Libro en Ciudad de Panam\u00e1 (Panam\u00e1). EFE\/ Bienvenido Velasco<\/figcaption><\/figure>\n\n\n\n<p class=\"has-vivid-red-color has-text-color has-link-color has-medium-font-size wp-elements-41ac89fd3940e4614c459175063412da\"><strong>Por Fabio Agrana \/ EFE<\/strong><\/p>\n\n\n\n<p>Ciudad de Panam\u00e1 (EFE).- Para la novelista mexicana Alma Delia Murillo es ineludible escribir sobre la desigualdad, la violencia, el narcotr\u00e1fico y la \u00abemergencia\u00bb de los desaparecidos en M\u00e9xico, y lo hace empujada por la rabia y la emoci\u00f3n para que m\u00e1s gente sepa sobre la situaci\u00f3n y \u00abhaya memoria\u00bb.<\/p>\n\n\n\n<p>La autora, que present\u00f3 este mes su novela \u2018Ra\u00edz que no desaparece\u2019 (Alfaguara, 2025) en la Feria Internacional del Libro (FIL) de Panam\u00e1, declar\u00f3 en una entrevista con EFE que cada escritor encontrar\u00e1 la respuesta sobre cu\u00e1l es su papel. En su caso, afirm\u00f3: \u00abCuando vives en pa\u00edses como M\u00e9xico con tanta desigualdad, con tanta rabia, con tanta crisis, pues es inevitable escribir desde ah\u00ed\u00bb.<\/p>\n\n\n\n<p>\u00abYo escribo con mucha rabia, escribo con muchas emociones\u00bb, subray\u00f3.<\/p>\n\n\n\n<p>En \u2018Ra\u00edz que no desaparece\u2019 aborda la crisis en M\u00e9xico de las personas desaparecidas, donde seg\u00fan datos oficiales suman m\u00e1s de 132.800 desde el inicio del registro a mediados del siglo XX, con un aumento dr\u00e1stico que comenz\u00f3 a producirse en 2006.<\/p>\n\n\n\n<figure class=\"wp-block-image\"><img decoding=\"async\" src=\"https:\/\/i0.wp.com\/efe.com\/wp-content\/uploads\/2025\/08\/Raiz_que_no_desaparece.webp?resize=900%2C600&amp;ssl=1\" alt=\"M\u00e9xico desapariciones literatura\" class=\"wp-image-2095309\"\/><figcaption class=\"wp-element-caption\">Fotograf\u00eda del libro \u2018Ra\u00edz que no desaparece\u2019, de la escritora Alma Delia Murillo. EFE\/ Bienvenido Velasco<\/figcaption><\/figure>\n\n\n\n<p>Al tratar esta problem\u00e1tica, busca \u00abque quede una memoria, porque ya hemos tenido intentos de esta base de datos oficial de personas desaparecidas de borrarla, o sea, de desaparecer a los desaparecidos\u00bb.<\/p>\n\n\n\n<p>Alma Delia Murillo (Nezahualc\u00f3yotl,1979) considera \u00abtan agudo\u00bb y similar a una \u00abepidemia\u00bb el tema, porque, dijo, \u00abaunque hay desapariciones desde los a\u00f1os 70 en una especie de guerrilla, es la acumulaci\u00f3n hist\u00f3rica, es lo que ha pasado en los \u00faltimos 15, 18 a\u00f1os (\u2026) con alrededor de 100.000 desapariciones\u00bb.<\/p>\n\n\n\n<h2 class=\"wp-block-heading\" id=\"h-desenterrando-la-memoria\">Desenterrando la memoria<\/h2>\n\n\n\n<p>La escritora apunta que en M\u00e9xico, un pa\u00eds \u00abmuy joven\u00bb, la edad promedio son 28 a\u00f1os y que estos j\u00f3venes \u00absalen a buscar trabajo, y cuando llegan a la supuesta entrevista de trabajo son secuestrados y esclavizados por los carteles del narcotr\u00e1fico\u00bb, que, observ\u00f3, \u00abtambi\u00e9n es otro fen\u00f3meno que est\u00e1 inevitablemente en este relato\u00bb.<\/p>\n\n\n\n<p>\u00abPasamos nosotros de tener tres carteles en los 90 a tener 16, 18, de unas dimensiones de operaci\u00f3n muy grandes. Y cuando te dedicas a escribir pues inevitablemente vas recogiendo lo que le va doliendo a tu pa\u00eds, y eso es lo que est\u00e1 pasando ahora mismo\u00bb, indic\u00f3 la escritora.<\/p>\n\n\n\n<p>Para incorporar el tema de las desapariciones en su nueva novela, la narradora se involucr\u00f3 con los&nbsp;<a href=\"https:\/\/efe.com\/mundo\/2025-07-09\/mexico-violencia-mujeres-buscadoras\/\">colectivos de madres buscadoras&nbsp;<\/a>que rastrean a sus hijos desaparecidos en M\u00e9xico, a las que sigui\u00f3 \u00aba las fosas clandestinas, a levantar con la pala, a meter la varilla, esperar que la retroexcavadora removiera la tierra\u00bb.<\/p>\n\n\n\n<figure class=\"wp-block-image\"><img decoding=\"async\" src=\"https:\/\/i0.wp.com\/efe.com\/wp-content\/uploads\/2025\/08\/Novelista_mexicana_Alma_Delia_Murillo.webp?resize=900%2C600&amp;ssl=1\" alt=\"La novelista mexicana Alma Delia Murillo: &quot;Escribo con mucha rabia, con muchas emociones&quot;\" class=\"wp-image-2095304\"\/><figcaption class=\"wp-element-caption\">La escritora mexicana Alma Delia Murillo posando durante una entrevista con EFE, en Ciudad de Panam\u00e1 (Panam\u00e1). EFE\/ Bienvenido Velasco<\/figcaption><\/figure>\n\n\n\n<p>\u00abVivir esa experiencia de primera mano y junto a ellas es brutal, te rebasa. Y ten\u00eda que hacerlo porque sin eso hab\u00eda una carencia \u00e9tica en ponerme a escribir de un tema sin conocerlo lo m\u00e1s cerca\u00bb, sostuvo.<\/p>\n\n\n\n<p>A la prosista le \u00abhonrar\u00eda much\u00edsimo\u00bb que quieran leer \u00abesta historia sobre Ada\u00bb, que en \u2018Ra\u00edz que no desaparece\u2019 es \u00abuna madre buscadora que sue\u00f1a que tiene que buscar a su hijo en un \u00e1rbol y que representa de alguna manera lo que miles, cientos de miles de madres mexicanas est\u00e1n haciendo ahora mismo\u00bb.<\/p>\n\n\n\n<figure class=\"wp-block-embed is-type-wp-embed is-provider-efe-noticias wp-block-embed-efe-noticias\"><div class=\"wp-block-embed__wrapper\">\n<blockquote class=\"wp-embedded-content\" data-secret=\"vJablhoOZR\"><a href=\"https:\/\/efe.com\/mundo\/2025-07-13\/madres-buscadoras-fosas-restos-humanos-mexico\/\">Madres buscadoras hallan fosas con restos humanos y m\u00e1s de 200 prendas en el norte de M\u00e9xico<\/a><\/blockquote><iframe class=\"wp-embedded-content\" sandbox=\"allow-scripts\" security=\"restricted\" style=\"position: absolute; visibility: hidden;\" title=\"\u00abMadres buscadoras hallan fosas con restos humanos y m\u00e1s de 200 prendas en el norte de M\u00e9xico\u00bb \u2014 EFE Noticias\" src=\"https:\/\/efe.com\/mundo\/2025-07-13\/madres-buscadoras-fosas-restos-humanos-mexico\/embed\/#?secret=mJPHXEiBYj#?secret=vJablhoOZR\" data-secret=\"vJablhoOZR\" width=\"500\" height=\"282\" frameborder=\"0\" marginwidth=\"0\" marginheight=\"0\" scrolling=\"no\"><\/iframe>\n<\/div><\/figure>\n\n\n\n<p>\u00abPara nosotros es muy importante que se sepa, que haya memoria. Este libro tiene adem\u00e1s fichas reales de personas desaparecidas, fichas de b\u00fasqueda\u00bb, agreg\u00f3.<\/p>\n\n\n\n<h2 class=\"wp-block-heading\" id=\"h-desapariciones-nada-ha-cambiado-en-mexico\">Desapariciones, \u00abnada ha cambiado\u00bb en M\u00e9xico<\/h2>\n\n\n\n<p>La autora de la novela \u2018La cabeza de mi padre\u2019 (Alfaguara, 2022) valor\u00f3 positivamente que este mes el estado de Jalisco -el m\u00e1s afectado por desapariciones en M\u00e9xico- ofreciera una disculpa p\u00fablica por la desaparici\u00f3n de cuatro personas en 2010, un hecho que marca un importante precedente.<\/p>\n\n\n\n<p>De acuerdo con datos recientes de la Comisi\u00f3n Nacional de B\u00fasqueda en M\u00e9xico, Jalisco es el estado con m\u00e1s casos de&nbsp;<a href=\"https:\/\/efe.com\/mundo\/2025-03-20\/mexico-busqueda-desaparecidos-rancho-jalisco\/\">personas desaparecidas&nbsp;<\/a>con 15.539, de las 132.804 en todo el pa\u00eds.<\/p>\n\n\n\n<p>\u00abEso no ha cambiado, por el contrario, el n\u00famero de personas desaparecidas (\u2026) solo sigue creciendo\u00bb, resalt\u00f3.<\/p>\n\n\n\n<p>Por ello, tras se\u00f1alar a Jalisco como una de las \u00abzonas m\u00e1s violentas\u00bb por el \u00abcartel de Jalisco Nueva Generaci\u00f3n, que es de los m\u00e1s poderosos a la par del cartel de Sinaloa\u00bb, y recordar el caso de la desaparici\u00f3n de 43 estudiantes en Ayotzinapa, indic\u00f3 que lo que ha sucedido es que \u00abning\u00fan partido de ning\u00fan color ha podido realmente con este tema\u00bb.<\/p>\n\n\n\n<p>Destac\u00f3 que \u00abla presi\u00f3n social ya es tanta que por lo menos las familias ahora piden que se reconozca, que se disculpen\u00bb por las desapariciones, y cree que \u00abva a empezar a suceder algo (en M\u00e9xico) con este Gobierno\u00bb, que en octubre cumple un a\u00f1o de haber asumido.<\/p>\n\n\n\n<p>\u00abYo no s\u00e9 si por voluntad pol\u00edtica o porque de verdad estamos en un momento en que desaparece una persona cada 40 minutos en M\u00e9xico. Entonces -asegur\u00f3- si no se habla del tema desde el Estado creo que les va a reventar en las manos antes o despu\u00e9s\u00bb.Categor\u00edas<\/p>\n\n\n\n<p>Fuente: <a href=\"https:\/\/efe.com\/cultura\/2025-08-24\/novelista-mexico-alma-delia-murillo-raiz-que-no-desaparece\/\">https:\/\/efe.com\/cultura\/2025-08-24\/novelista-mexico-alma-delia-murillo-raiz-que-no-desaparece\/<\/a><a href=\"https:\/\/efe.com\/cultura\/\"><\/a><\/p>\n\n\n\n<p><\/p>\n","protected":false},"excerpt":{"rendered":"<p>Por Fabio Agrana \/ EFE Ciudad de Panam\u00e1 (EFE).- Para la novelista mexicana Alma Delia Murillo es ineludible escribir sobre [&hellip;]<\/p>\n","protected":false},"author":1,"featured_media":105427,"comment_status":"open","ping_status":"open","sticky":false,"template":"","format":"standard","meta":{"site-sidebar-layout":"default","site-content-layout":"","ast-site-content-layout":"default","site-content-style":"default","site-sidebar-style":"default","ast-global-header-display":"","ast-banner-title-visibility":"","ast-main-header-display":"","ast-hfb-above-header-display":"","ast-hfb-below-header-display":"","ast-hfb-mobile-header-display":"","site-post-title":"","ast-breadcrumbs-content":"","ast-featured-img":"","footer-sml-layout":"","theme-transparent-header-meta":"","adv-header-id-meta":"","stick-header-meta":"","header-above-stick-meta":"","header-main-stick-meta":"","header-below-stick-meta":"","astra-migrate-meta-layouts":"default","ast-page-background-enabled":"default","ast-page-background-meta":{"desktop":{"background-color":"var(--ast-global-color-4)","background-image":"","background-repeat":"repeat","background-position":"center center","background-size":"auto","background-attachment":"scroll","background-type":"","background-media":"","overlay-type":"","overlay-color":"","overlay-opacity":"","overlay-gradient":""},"tablet":{"background-color":"","background-image":"","background-repeat":"repeat","background-position":"center center","background-size":"auto","background-attachment":"scroll","background-type":"","background-media":"","overlay-type":"","overlay-color":"","overlay-opacity":"","overlay-gradient":""},"mobile":{"background-color":"","background-image":"","background-repeat":"repeat","background-position":"center center","background-size":"auto","background-attachment":"scroll","background-type":"","background-media":"","overlay-type":"","overlay-color":"","overlay-opacity":"","overlay-gradient":""}},"ast-content-background-meta":{"desktop":{"background-color":"var(--ast-global-color-5)","background-image":"","background-repeat":"repeat","background-position":"center center","background-size":"auto","background-attachment":"scroll","background-type":"","background-media":"","overlay-type":"","overlay-color":"","overlay-opacity":"","overlay-gradient":""},"tablet":{"background-color":"var(--ast-global-color-5)","background-image":"","background-repeat":"repeat","background-position":"center center","background-size":"auto","background-attachment":"scroll","background-type":"","background-media":"","overlay-type":"","overlay-color":"","overlay-opacity":"","overlay-gradient":""},"mobile":{"background-color":"var(--ast-global-color-5)","background-image":"","background-repeat":"repeat","background-position":"center center","background-size":"auto","background-attachment":"scroll","background-type":"","background-media":"","overlay-type":"","overlay-color":"","overlay-opacity":"","overlay-gradient":""}},"footnotes":""},"categories":[8],"tags":[41129,13549,41130],"class_list":["post-105426","post","type-post","status-publish","format-standard","has-post-thumbnail","hentry","category-noticias","tag-alma-delia-murillo","tag-fil","tag-raiz-que-no-desaparece"],"_links":{"self":[{"href":"https:\/\/losperiodistas.com.mx\/portal\/wp-json\/wp\/v2\/posts\/105426","targetHints":{"allow":["GET"]}}],"collection":[{"href":"https:\/\/losperiodistas.com.mx\/portal\/wp-json\/wp\/v2\/posts"}],"about":[{"href":"https:\/\/losperiodistas.com.mx\/portal\/wp-json\/wp\/v2\/types\/post"}],"author":[{"embeddable":true,"href":"https:\/\/losperiodistas.com.mx\/portal\/wp-json\/wp\/v2\/users\/1"}],"replies":[{"embeddable":true,"href":"https:\/\/losperiodistas.com.mx\/portal\/wp-json\/wp\/v2\/comments?post=105426"}],"version-history":[{"count":1,"href":"https:\/\/losperiodistas.com.mx\/portal\/wp-json\/wp\/v2\/posts\/105426\/revisions"}],"predecessor-version":[{"id":105428,"href":"https:\/\/losperiodistas.com.mx\/portal\/wp-json\/wp\/v2\/posts\/105426\/revisions\/105428"}],"wp:featuredmedia":[{"embeddable":true,"href":"https:\/\/losperiodistas.com.mx\/portal\/wp-json\/wp\/v2\/media\/105427"}],"wp:attachment":[{"href":"https:\/\/losperiodistas.com.mx\/portal\/wp-json\/wp\/v2\/media?parent=105426"}],"wp:term":[{"taxonomy":"category","embeddable":true,"href":"https:\/\/losperiodistas.com.mx\/portal\/wp-json\/wp\/v2\/categories?post=105426"},{"taxonomy":"post_tag","embeddable":true,"href":"https:\/\/losperiodistas.com.mx\/portal\/wp-json\/wp\/v2\/tags?post=105426"}],"curies":[{"name":"wp","href":"https:\/\/api.w.org\/{rel}","templated":true}]}}