{"id":105403,"date":"2025-08-23T18:32:17","date_gmt":"2025-08-24T00:32:17","guid":{"rendered":"https:\/\/losperiodistas.com.mx\/portal\/?p=105403"},"modified":"2025-08-23T18:33:34","modified_gmt":"2025-08-24T00:33:34","slug":"autobus-de-pasajeros-se-desbarranca-en-puebla-hay-al-menos-tres-muertos-y-21-heridos","status":"publish","type":"post","link":"https:\/\/losperiodistas.com.mx\/portal\/autobus-de-pasajeros-se-desbarranca-en-puebla-hay-al-menos-tres-muertos-y-21-heridos\/","title":{"rendered":"Autob\u00fas de pasajeros se desbarranca en Puebla: hay al menos tres muertos y 21 heridos"},"content":{"rendered":"\n<p>Un autob\u00fas de la l\u00ednea Futura sufri\u00f3 un fatal accidente este s\u00e1bado en la carretera federal M\u00e9xico-Tuxpan mientras cubr\u00eda la ruta Central de Huauchinango a CDMX<\/p>\n\n\n\n<figure class=\"wp-block-image size-large\"><img fetchpriority=\"high\" decoding=\"async\" width=\"1024\" height=\"576\" src=\"https:\/\/losperiodistas.com.mx\/portal\/wp-content\/uploads\/2025\/08\/AccidentePue-1024x576.jpg\" alt=\"\" class=\"wp-image-105404\" srcset=\"https:\/\/losperiodistas.com.mx\/portal\/wp-content\/uploads\/2025\/08\/AccidentePue-1024x576.jpg 1024w, https:\/\/losperiodistas.com.mx\/portal\/wp-content\/uploads\/2025\/08\/AccidentePue-300x169.jpg 300w, https:\/\/losperiodistas.com.mx\/portal\/wp-content\/uploads\/2025\/08\/AccidentePue-768x432.jpg 768w, https:\/\/losperiodistas.com.mx\/portal\/wp-content\/uploads\/2025\/08\/AccidentePue-1536x864.jpg 1536w, https:\/\/losperiodistas.com.mx\/portal\/wp-content\/uploads\/2025\/08\/AccidentePue.jpg 1600w\" sizes=\"(max-width: 1024px) 100vw, 1024px\" \/><figcaption class=\"wp-element-caption\">Accidente vial en la carretera federal M\u00e9xico-Tuxpan<\/figcaption><\/figure>\n\n\n\n<p class=\"has-vivid-red-color has-text-color has-link-color wp-elements-0822cee42b5d679c4c75b80d0e1c1ef7\">Carolina Solis \/ Tribuna MX<\/p>\n\n\n\n<p>Un <strong>fatal accidente<\/strong> con saldo de al menos tres muertos y una veintena de heridos se registr\u00f3 la ma\u00f1ana de este s\u00e1bado <strong>23 de agosto de 2025<\/strong> en la <strong>carretera federal M\u00e9xico-Tuxpan<\/strong>, a la altura del paraje <strong>Finca Alegre<\/strong> en Huauchinango, Puebla.<\/p>\n\n\n\n<p>El <strong>autob\u00fas accidentado <\/strong>es de la<strong> l\u00ednea Futura<\/strong> y seg\u00fan datos proporcionados por los sobrevivientes, la unidad desbarranc\u00f3 luego de que su conductor perdiera el control en una curva.<\/p>\n\n\n\n<p>Mediante un post en redes sociales, <strong>Protecci\u00f3n Civil del Estado de Puebla<\/strong> dio a conocer que el <strong>saldo preliminar es de tres personas fallecidas y 21 lesionados<\/strong>, han confirmado.<\/p>\n\n\n\n<p>El accidente se registr\u00f3 alrededor del medio d\u00eda de este s\u00e1bado y tras ser reportado el percance vial se han movilizado a la zona equipos de emergencia y autoridades de los tres \u00f3rdenes de gobierno para atender a las v\u00edctimas y realizar las <strong>labores de rescate<\/strong>.<\/p>\n\n\n\n<p>El&nbsp;<strong>autob\u00fas de la empresa Futura<\/strong>&nbsp;hab\u00eda salido de la Central de Huauchinango con m\u00e1s de 25 pasajeros con <strong>destino a la Ciudad de M\u00e9xico (CDMX)<\/strong>.<\/p>\n\n\n\n<p>Debido a las labores de rescate, la carretera federal M\u00e9xico-Tuxpan fue <strong>cerrada completamente<\/strong>.<\/p>\n\n\n\n<figure class=\"wp-block-gallery has-nested-images columns-default is-cropped wp-block-gallery-1 is-layout-flex wp-block-gallery-is-layout-flex\">\n<figure class=\"wp-block-image size-large\"><img decoding=\"async\" width=\"1024\" height=\"576\" data-id=\"105405\" src=\"https:\/\/losperiodistas.com.mx\/portal\/wp-content\/uploads\/2025\/08\/WhatsApp-Image-2025-08-23-at-15.51.292-1024x576.jpeg\" alt=\"\" class=\"wp-image-105405\" srcset=\"https:\/\/losperiodistas.com.mx\/portal\/wp-content\/uploads\/2025\/08\/WhatsApp-Image-2025-08-23-at-15.51.292-1024x576.jpeg 1024w, https:\/\/losperiodistas.com.mx\/portal\/wp-content\/uploads\/2025\/08\/WhatsApp-Image-2025-08-23-at-15.51.292-300x169.jpeg 300w, https:\/\/losperiodistas.com.mx\/portal\/wp-content\/uploads\/2025\/08\/WhatsApp-Image-2025-08-23-at-15.51.292-768x432.jpeg 768w, https:\/\/losperiodistas.com.mx\/portal\/wp-content\/uploads\/2025\/08\/WhatsApp-Image-2025-08-23-at-15.51.292-1536x864.jpeg 1536w, https:\/\/losperiodistas.com.mx\/portal\/wp-content\/uploads\/2025\/08\/WhatsApp-Image-2025-08-23-at-15.51.292.jpeg 1600w\" sizes=\"(max-width: 1024px) 100vw, 1024px\" \/><\/figure>\n\n\n\n<figure class=\"wp-block-image size-large\"><img decoding=\"async\" width=\"768\" height=\"1024\" data-id=\"105406\" src=\"https:\/\/losperiodistas.com.mx\/portal\/wp-content\/uploads\/2025\/08\/WhatsApp-Image-2025-08-23-at-15.51.291-768x1024.jpeg\" alt=\"\" class=\"wp-image-105406\" srcset=\"https:\/\/losperiodistas.com.mx\/portal\/wp-content\/uploads\/2025\/08\/WhatsApp-Image-2025-08-23-at-15.51.291-768x1024.jpeg 768w, https:\/\/losperiodistas.com.mx\/portal\/wp-content\/uploads\/2025\/08\/WhatsApp-Image-2025-08-23-at-15.51.291-225x300.jpeg 225w, https:\/\/losperiodistas.com.mx\/portal\/wp-content\/uploads\/2025\/08\/WhatsApp-Image-2025-08-23-at-15.51.291.jpeg 960w\" sizes=\"(max-width: 768px) 100vw, 768px\" \/><\/figure>\n\n\n\n<figure class=\"wp-block-image size-large\"><img loading=\"lazy\" decoding=\"async\" width=\"768\" height=\"1024\" data-id=\"105407\" src=\"https:\/\/losperiodistas.com.mx\/portal\/wp-content\/uploads\/2025\/08\/WhatsApp-Image-2025-08-23-at-15.51.29-768x1024.jpeg\" alt=\"\" class=\"wp-image-105407\" srcset=\"https:\/\/losperiodistas.com.mx\/portal\/wp-content\/uploads\/2025\/08\/WhatsApp-Image-2025-08-23-at-15.51.29-768x1024.jpeg 768w, https:\/\/losperiodistas.com.mx\/portal\/wp-content\/uploads\/2025\/08\/WhatsApp-Image-2025-08-23-at-15.51.29-225x300.jpeg 225w, https:\/\/losperiodistas.com.mx\/portal\/wp-content\/uploads\/2025\/08\/WhatsApp-Image-2025-08-23-at-15.51.29.jpeg 960w\" sizes=\"(max-width: 768px) 100vw, 768px\" \/><\/figure>\n\n\n\n<figure class=\"wp-block-image size-large\"><img loading=\"lazy\" decoding=\"async\" width=\"768\" height=\"1024\" data-id=\"105408\" src=\"https:\/\/losperiodistas.com.mx\/portal\/wp-content\/uploads\/2025\/08\/WhatsApp-Image-2025-08-23-at-15.51.28-768x1024.jpeg\" alt=\"\" class=\"wp-image-105408\" srcset=\"https:\/\/losperiodistas.com.mx\/portal\/wp-content\/uploads\/2025\/08\/WhatsApp-Image-2025-08-23-at-15.51.28-768x1024.jpeg 768w, https:\/\/losperiodistas.com.mx\/portal\/wp-content\/uploads\/2025\/08\/WhatsApp-Image-2025-08-23-at-15.51.28-225x300.jpeg 225w, https:\/\/losperiodistas.com.mx\/portal\/wp-content\/uploads\/2025\/08\/WhatsApp-Image-2025-08-23-at-15.51.28-1152x1536.jpeg 1152w, https:\/\/losperiodistas.com.mx\/portal\/wp-content\/uploads\/2025\/08\/WhatsApp-Image-2025-08-23-at-15.51.28.jpeg 1200w\" sizes=\"(max-width: 768px) 100vw, 768px\" \/><\/figure>\n<\/figure>\n\n\n\n<h2 class=\"wp-block-heading\"><strong>Lista de heridos en el accidente del autob\u00fas Futura en la M\u00e9xico-Tuxpan<\/strong><\/h2>\n\n\n\n<p>De forma extraoficial se ha dado a conocer la <strong>lista de los heridos en el accidente de autob\u00fas Futura en la carretera M\u00e9xico-Tuxpan<\/strong>, as\u00ed como su edad.<\/p>\n\n\n\n<p>\u2022 Cristian Eduardo D\u00edaz Guti\u00e9rrez 19 a\u00f1os<br>\u2022 Abelino Garc\u00eda Sosa 71 a\u00f1os<br>\u2022 Yobany Onofre 23 a\u00f1os<br>\u2022 Ma. De Lourdes S\u00e1nchez 64 a\u00f1os<br>\u2022 Alejandro Jim\u00e9nez Rom\u00e1n 81 a\u00f1os<br>\u2022 Dayana o Mariana Jim\u00e9nez S\u00e1nchez 20 a\u00f1os<br>\u2022 Norma Alicia Ram\u00edrez Gonz\u00e1lez 30 a\u00f1os<br>\u2022 German Luna M\u00e1rquez 31 a\u00f1os<br>\u2022 Ofelia T\u00e9llez Cruz (embarazada) 22 a\u00f1os<br>\u2022 Ma. Fernanda Mendoza Castro 24 a\u00f1os<br>\u2022 Lucila Castro \u00c1vila 56 a\u00f1os<br>\u2022 Jos\u00e9 Alfredo Garrido P\u00e9rez 17 a\u00f1os<br>\u2022 Angelina Moreno Aguirre 21 a\u00f1os<br>\u2022 \u00c1ngel T\u00e9llez Mendoza Castro 31 a\u00f1os<br>\u2022 Agustina Hern\u00e1ndez Hern\u00e1ndez<br>\u2022 Isabel P\u00e9rez Luna 27 a\u00f1os<br>\u2022 Abel P\u00e9rez Luna 27 a\u00f1os<br>\u2022 Aida V\u00e1zquez Hern\u00e1ndez 14 a\u00f1os<br>\u2022 Oscar P\u00e9rez Ch\u00e1vez, internado en el ISSSTEP<br>\u2022 Sherlin Vel\u00e1zquez Amador, internada en el ISSSTEP<br>\u2022 Madeley Ivonne Bautista Batalla, internada en el ISSSTEP<br>\u2022 Mar\u00eda Elena Fern\u00e1ndez Barallo, internada en el ISSSTEP<br>\u2022 Ascensi\u00f3n Cruz Mariano, internado en el ISSSTEP<br>\u2022 \u00c1ngel T\u00e9llez Mendoza, internado en el ISSSTEP<br>\u2022 Honoria Castro \u00c1vila, internada en el ISSSTEP<br>\u2022 Amado German Mart\u00ednez Mart\u00ednez, internado en el ISSSTEP<br>\u2022 Silvia Ortega Amador internado en el ISSSTEP<\/p>\n\n\n\n<p>Presumiblemente, los heridos fueron trasladados al Hospital Integral de Huauchinango y otros al ISSSTEP.<\/p>\n\n\n\n<p>Las autoridades de la <strong>Fiscal\u00eda General del Estado<\/strong> se har\u00e1n cargo de las diligencias correspondientes para <strong>investigar a fondo las causas exactas<\/strong> que derivaron en este <strong>fatal accidente<\/strong>.<\/p>\n\n\n\n<p>Fuente: <a href=\"https:\/\/tribunademexico.com\/autobus-puebla-muertos-heridos\/\" target=\"_blank\" rel=\"noreferrer noopener\">Tribuna MX<\/a><\/p>\n","protected":false},"excerpt":{"rendered":"<p>Un autob\u00fas de la l\u00ednea Futura sufri\u00f3 un fatal accidente este s\u00e1bado en la carretera federal M\u00e9xico-Tuxpan mientras cubr\u00eda la ruta Central de Huauchinango a CDMX<\/p>\n","protected":false},"author":1,"featured_media":105404,"comment_status":"open","ping_status":"open","sticky":false,"template":"","format":"standard","meta":{"site-sidebar-layout":"default","site-content-layout":"","ast-site-content-layout":"default","site-content-style":"default","site-sidebar-style":"default","ast-global-header-display":"","ast-banner-title-visibility":"","ast-main-header-display":"","ast-hfb-above-header-display":"","ast-hfb-below-header-display":"","ast-hfb-mobile-header-display":"","site-post-title":"","ast-breadcrumbs-content":"","ast-featured-img":"","footer-sml-layout":"","theme-transparent-header-meta":"","adv-header-id-meta":"","stick-header-meta":"","header-above-stick-meta":"","header-main-stick-meta":"","header-below-stick-meta":"","astra-migrate-meta-layouts":"default","ast-page-background-enabled":"default","ast-page-background-meta":{"desktop":{"background-color":"var(--ast-global-color-4)","background-image":"","background-repeat":"repeat","background-position":"center center","background-size":"auto","background-attachment":"scroll","background-type":"","background-media":"","overlay-type":"","overlay-color":"","overlay-opacity":"","overlay-gradient":""},"tablet":{"background-color":"","background-image":"","background-repeat":"repeat","background-position":"center center","background-size":"auto","background-attachment":"scroll","background-type":"","background-media":"","overlay-type":"","overlay-color":"","overlay-opacity":"","overlay-gradient":""},"mobile":{"background-color":"","background-image":"","background-repeat":"repeat","background-position":"center center","background-size":"auto","background-attachment":"scroll","background-type":"","background-media":"","overlay-type":"","overlay-color":"","overlay-opacity":"","overlay-gradient":""}},"ast-content-background-meta":{"desktop":{"background-color":"var(--ast-global-color-5)","background-image":"","background-repeat":"repeat","background-position":"center center","background-size":"auto","background-attachment":"scroll","background-type":"","background-media":"","overlay-type":"","overlay-color":"","overlay-opacity":"","overlay-gradient":""},"tablet":{"background-color":"var(--ast-global-color-5)","background-image":"","background-repeat":"repeat","background-position":"center center","background-size":"auto","background-attachment":"scroll","background-type":"","background-media":"","overlay-type":"","overlay-color":"","overlay-opacity":"","overlay-gradient":""},"mobile":{"background-color":"var(--ast-global-color-5)","background-image":"","background-repeat":"repeat","background-position":"center center","background-size":"auto","background-attachment":"scroll","background-type":"","background-media":"","overlay-type":"","overlay-color":"","overlay-opacity":"","overlay-gradient":""}},"footnotes":""},"categories":[8],"tags":[14583,41116,41118,4442,41117],"class_list":["post-105403","post","type-post","status-publish","format-standard","has-post-thumbnail","hentry","category-noticias","tag-accidente","tag-autobus-desbarranca","tag-futura","tag-huauchinango","tag-mexico-tuxpan"],"_links":{"self":[{"href":"https:\/\/losperiodistas.com.mx\/portal\/wp-json\/wp\/v2\/posts\/105403","targetHints":{"allow":["GET"]}}],"collection":[{"href":"https:\/\/losperiodistas.com.mx\/portal\/wp-json\/wp\/v2\/posts"}],"about":[{"href":"https:\/\/losperiodistas.com.mx\/portal\/wp-json\/wp\/v2\/types\/post"}],"author":[{"embeddable":true,"href":"https:\/\/losperiodistas.com.mx\/portal\/wp-json\/wp\/v2\/users\/1"}],"replies":[{"embeddable":true,"href":"https:\/\/losperiodistas.com.mx\/portal\/wp-json\/wp\/v2\/comments?post=105403"}],"version-history":[{"count":1,"href":"https:\/\/losperiodistas.com.mx\/portal\/wp-json\/wp\/v2\/posts\/105403\/revisions"}],"predecessor-version":[{"id":105409,"href":"https:\/\/losperiodistas.com.mx\/portal\/wp-json\/wp\/v2\/posts\/105403\/revisions\/105409"}],"wp:featuredmedia":[{"embeddable":true,"href":"https:\/\/losperiodistas.com.mx\/portal\/wp-json\/wp\/v2\/media\/105404"}],"wp:attachment":[{"href":"https:\/\/losperiodistas.com.mx\/portal\/wp-json\/wp\/v2\/media?parent=105403"}],"wp:term":[{"taxonomy":"category","embeddable":true,"href":"https:\/\/losperiodistas.com.mx\/portal\/wp-json\/wp\/v2\/categories?post=105403"},{"taxonomy":"post_tag","embeddable":true,"href":"https:\/\/losperiodistas.com.mx\/portal\/wp-json\/wp\/v2\/tags?post=105403"}],"curies":[{"name":"wp","href":"https:\/\/api.w.org\/{rel}","templated":true}]}}