{"id":105396,"date":"2025-08-23T17:51:35","date_gmt":"2025-08-23T23:51:35","guid":{"rendered":"https:\/\/losperiodistas.com.mx\/portal\/?p=105396"},"modified":"2025-08-23T17:51:36","modified_gmt":"2025-08-23T23:51:36","slug":"eu-examinara-a-fondo-solicitudes-de-visa-de-aficionados-para-el-mundial-2026-entrar-sera-mas-dificil-para-unos-paises-dice-trump","status":"publish","type":"post","link":"https:\/\/losperiodistas.com.mx\/portal\/eu-examinara-a-fondo-solicitudes-de-visa-de-aficionados-para-el-mundial-2026-entrar-sera-mas-dificil-para-unos-paises-dice-trump\/","title":{"rendered":"EU examinar\u00e1 \u00aba fondo\u00bb solicitudes de visa de aficionados para el Mundial 2026; entrar ser\u00e1 \u00abm\u00e1s dif\u00edcil\u00bb para unos pa\u00edses, dice Trump"},"content":{"rendered":"\n<p>La competici\u00f3n llega en un momento de gran tensi\u00f3n en EU en lo que respecta a la pol\u00edtica migratoria, donde a diario se detiene a migrantes indocumentados en redadas masivas<\/p>\n\n\n\n<figure class=\"wp-block-image size-large\"><img fetchpriority=\"high\" decoding=\"async\" width=\"1024\" height=\"620\" src=\"https:\/\/losperiodistas.com.mx\/portal\/wp-content\/uploads\/2025\/08\/Pasaporte-1024x620.png\" alt=\"\" class=\"wp-image-105397\" srcset=\"https:\/\/losperiodistas.com.mx\/portal\/wp-content\/uploads\/2025\/08\/Pasaporte-1024x620.png 1024w, https:\/\/losperiodistas.com.mx\/portal\/wp-content\/uploads\/2025\/08\/Pasaporte-300x182.png 300w, https:\/\/losperiodistas.com.mx\/portal\/wp-content\/uploads\/2025\/08\/Pasaporte-768x465.png 768w, https:\/\/losperiodistas.com.mx\/portal\/wp-content\/uploads\/2025\/08\/Pasaporte.png 1375w\" sizes=\"(max-width: 1024px) 100vw, 1024px\" \/><figcaption class=\"wp-element-caption\">La secretaria de Seguridad Nacional de Estados Unidos, Kristi Noem, afirm\u00f3 que tienen \u00abun proceso establecido que implementaremos para la aprobaci\u00f3n de visas\u00bb. Foto: Freepik<\/figcaption><\/figure>\n\n\n\n<p class=\"has-vivid-red-color has-text-color has-link-color wp-elements-ab482743c3a845b5e15541dcdb1cf81d\">Redacci\u00f3n \/ El Universal<\/p>\n\n\n\n<p>La secretaria de Seguridad Nacional de Estados Unidos, <strong>Kristi Noem<\/strong>, afirm\u00f3 que se <strong>examinar\u00e1n <\/strong>a fondo las <strong>solicitudes de visado <\/strong>de los <strong>turistas <\/strong>interesados en viajar a <strong>Estados Unidos <\/strong>para asistir al <strong>Mundial de F\u00fatbol del 2026<\/strong>, del que M\u00e9xico y Canad\u00e1 tambi\u00e9n son coanfitriones.<\/p>\n\n\n\n<p>\u00abTenemos un proceso establecido que implementaremos para la aprobaci\u00f3n de <strong>visas<\/strong>. Todos ser\u00e1n examinados a fondo, pero ser\u00e1n bienvenidos a este pa\u00eds\u00bb, dijo Noem desde el <strong>Despacho Oval <\/strong>junto al presidente <strong>Donald Trump<\/strong>, y el jefe de la <strong>FIFA<\/strong>, Gianni Infantino.<\/p>\n\n\n\n<p>\u00abEspero que en todo el mundo, la gente sepa que Estados Unidos est\u00e1 emocionado de traer a sus familias aqu\u00ed para disfrutar de este evento\u00bb, agreg\u00f3.<\/p>\n\n\n\n<figure class=\"wp-block-image size-large\"><img decoding=\"async\" width=\"1024\" height=\"683\" src=\"https:\/\/losperiodistas.com.mx\/portal\/wp-content\/uploads\/2025\/08\/Visas-EU-1024x683.png\" alt=\"\" class=\"wp-image-105398\" srcset=\"https:\/\/losperiodistas.com.mx\/portal\/wp-content\/uploads\/2025\/08\/Visas-EU-1024x683.png 1024w, https:\/\/losperiodistas.com.mx\/portal\/wp-content\/uploads\/2025\/08\/Visas-EU-300x200.png 300w, https:\/\/losperiodistas.com.mx\/portal\/wp-content\/uploads\/2025\/08\/Visas-EU-768x512.png 768w, https:\/\/losperiodistas.com.mx\/portal\/wp-content\/uploads\/2025\/08\/Visas-EU.png 1162w\" sizes=\"(max-width: 1024px) 100vw, 1024px\" \/><figcaption class=\"wp-element-caption\">El Gobierno estadounidense ha revocado adem\u00e1s permisos de residencia temporal de los ciudadanos de varias nacionalidades. Foto: Freepik<\/figcaption><\/figure>\n\n\n\n<p>Minutos antes, el propio Trump hab\u00eda asegurado que algunos <strong>pa\u00edses <\/strong>lo tendr\u00edan <strong>\u00abmuy f\u00e1cil\u00bb para entrar<\/strong>, mientras que para los ciudadanos de otros pa\u00edses ser\u00eda \u00abun poco <strong>m\u00e1s dif\u00edcil<\/strong>\u00ab.<\/p>\n\n\n\n<p>La declaraci\u00f3n tuvo lugar durante un acto en el que Trump anunci\u00f3 que el <strong>sorteo <\/strong>para determinar la composici\u00f3n de los grupos del <strong>Mundial <\/strong>se llevar\u00e1 a cabo el pr\u00f3ximo <strong>5 de diciembre<\/strong> en el Centro Kennedy de <strong>Washington D.C<\/strong>.<\/p>\n\n\n\n<p>El torneo, en el que la <strong>selecci\u00f3n argentina <\/strong>defender\u00e1 el <strong>t\u00edtulo <\/strong>conquistado en <strong>Qatar<\/strong>, se desarrollar\u00e1 entre el 11 de junio y el 19 de julio de 2026 en Canad\u00e1, Estados Unidos y M\u00e9xico. La final tendr\u00e1 lugar en el <strong>estadio MetLife <\/strong>en las afueras de <strong>Nueva York<\/strong>.<\/p>\n\n\n\n<h2 class=\"wp-block-heading\">EU verifica a m\u00e1s de 55 millones de personas con visados v\u00e1lidos<\/h2>\n\n\n\n<p>Sin embargo, la competici\u00f3n llega en un momento de gran tensi\u00f3n en Estados Unidos en lo que respecta a la <strong>pol\u00edtica migratoria<\/strong>, donde se detiene a diario a migrantes indocumentados en redadas masivas para deportarlos a otros pa\u00edses.<\/p>\n\n\n\n<p>El Gobierno estadounidense ha <strong>revocado <\/strong>adem\u00e1s <strong>permisos de residencia <\/strong>temporal de los ciudadanos de varias nacionalidades, y el jueves anunci\u00f3 que est\u00e1 verificando a m\u00e1s de 55 millones de personas con <strong>visados v\u00e1lidos<\/strong>, en busca de posibles infracciones que podr\u00edan resultar en la anulaci\u00f3n de los documentos y la deportaci\u00f3n de Estados Unidos.<\/p>\n\n\n\n<p>Esto ha generado dudas sobre el posible impacto de estas medidas sobre <strong>extranjeros <\/strong>que quieran viajar al evento en Estados Unidos, y sobre la asistencia al torneo de <strong>inmigrantes <\/strong>que viven en el pa\u00eds, dado el temor de que al acudir a los estadios sean <strong>arrestados <\/strong>por las <strong>autoridades migratorias<\/strong>.<\/p>\n\n\n\n<p>La <strong>FIFA <\/strong>ya minimiz\u00f3 el pasado junio el impacto de la pol\u00edtica migratoria de Estados Unidos sobre sus torneos durante el transcurso del Mundial de Clubes que se desarroll\u00f3 tambi\u00e9n en este pa\u00eds.<\/p>\n\n\n\n<p>Fuente: <a href=\"https:\/\/www.eluniversal.com.mx\/mundo\/eu-examinara-a-fondo-solicitudes-de-visa-de-aficionados-para-el-mundial-2026-entrar-sera-mas-dificil-para-unos-paises-dice-trump\/\" target=\"_blank\" rel=\"noreferrer noopener\">El Universal<\/a><\/p>\n\n\n\n<p><\/p>\n","protected":false},"excerpt":{"rendered":"<p>La competici\u00f3n llega en un momento de gran tensi\u00f3n en EU en lo que respecta a la pol\u00edtica migratoria, donde a diario se detiene a migrantes indocumentados en redadas masivas<\/p>\n","protected":false},"author":1,"featured_media":105397,"comment_status":"open","ping_status":"open","sticky":false,"template":"","format":"standard","meta":{"site-sidebar-layout":"default","site-content-layout":"","ast-site-content-layout":"default","site-content-style":"default","site-sidebar-style":"default","ast-global-header-display":"","ast-banner-title-visibility":"","ast-main-header-display":"","ast-hfb-above-header-display":"","ast-hfb-below-header-display":"","ast-hfb-mobile-header-display":"","site-post-title":"","ast-breadcrumbs-content":"","ast-featured-img":"","footer-sml-layout":"","theme-transparent-header-meta":"","adv-header-id-meta":"","stick-header-meta":"","header-above-stick-meta":"","header-main-stick-meta":"","header-below-stick-meta":"","astra-migrate-meta-layouts":"default","ast-page-background-enabled":"default","ast-page-background-meta":{"desktop":{"background-color":"var(--ast-global-color-4)","background-image":"","background-repeat":"repeat","background-position":"center center","background-size":"auto","background-attachment":"scroll","background-type":"","background-media":"","overlay-type":"","overlay-color":"","overlay-opacity":"","overlay-gradient":""},"tablet":{"background-color":"","background-image":"","background-repeat":"repeat","background-position":"center center","background-size":"auto","background-attachment":"scroll","background-type":"","background-media":"","overlay-type":"","overlay-color":"","overlay-opacity":"","overlay-gradient":""},"mobile":{"background-color":"","background-image":"","background-repeat":"repeat","background-position":"center center","background-size":"auto","background-attachment":"scroll","background-type":"","background-media":"","overlay-type":"","overlay-color":"","overlay-opacity":"","overlay-gradient":""}},"ast-content-background-meta":{"desktop":{"background-color":"var(--ast-global-color-5)","background-image":"","background-repeat":"repeat","background-position":"center center","background-size":"auto","background-attachment":"scroll","background-type":"","background-media":"","overlay-type":"","overlay-color":"","overlay-opacity":"","overlay-gradient":""},"tablet":{"background-color":"var(--ast-global-color-5)","background-image":"","background-repeat":"repeat","background-position":"center center","background-size":"auto","background-attachment":"scroll","background-type":"","background-media":"","overlay-type":"","overlay-color":"","overlay-opacity":"","overlay-gradient":""},"mobile":{"background-color":"var(--ast-global-color-5)","background-image":"","background-repeat":"repeat","background-position":"center center","background-size":"auto","background-attachment":"scroll","background-type":"","background-media":"","overlay-type":"","overlay-color":"","overlay-opacity":"","overlay-gradient":""}},"footnotes":""},"categories":[8],"tags":[2997,40258,41111,10989,8334],"class_list":["post-105396","post","type-post","status-publish","format-standard","has-post-thumbnail","hentry","category-noticias","tag-eeuu","tag-mundial-2026","tag-solicitudes-de-visa","tag-trump","tag-visa"],"_links":{"self":[{"href":"https:\/\/losperiodistas.com.mx\/portal\/wp-json\/wp\/v2\/posts\/105396","targetHints":{"allow":["GET"]}}],"collection":[{"href":"https:\/\/losperiodistas.com.mx\/portal\/wp-json\/wp\/v2\/posts"}],"about":[{"href":"https:\/\/losperiodistas.com.mx\/portal\/wp-json\/wp\/v2\/types\/post"}],"author":[{"embeddable":true,"href":"https:\/\/losperiodistas.com.mx\/portal\/wp-json\/wp\/v2\/users\/1"}],"replies":[{"embeddable":true,"href":"https:\/\/losperiodistas.com.mx\/portal\/wp-json\/wp\/v2\/comments?post=105396"}],"version-history":[{"count":1,"href":"https:\/\/losperiodistas.com.mx\/portal\/wp-json\/wp\/v2\/posts\/105396\/revisions"}],"predecessor-version":[{"id":105399,"href":"https:\/\/losperiodistas.com.mx\/portal\/wp-json\/wp\/v2\/posts\/105396\/revisions\/105399"}],"wp:featuredmedia":[{"embeddable":true,"href":"https:\/\/losperiodistas.com.mx\/portal\/wp-json\/wp\/v2\/media\/105397"}],"wp:attachment":[{"href":"https:\/\/losperiodistas.com.mx\/portal\/wp-json\/wp\/v2\/media?parent=105396"}],"wp:term":[{"taxonomy":"category","embeddable":true,"href":"https:\/\/losperiodistas.com.mx\/portal\/wp-json\/wp\/v2\/categories?post=105396"},{"taxonomy":"post_tag","embeddable":true,"href":"https:\/\/losperiodistas.com.mx\/portal\/wp-json\/wp\/v2\/tags?post=105396"}],"curies":[{"name":"wp","href":"https:\/\/api.w.org\/{rel}","templated":true}]}}