{"id":105389,"date":"2025-08-23T11:34:46","date_gmt":"2025-08-23T17:34:46","guid":{"rendered":"https:\/\/losperiodistas.com.mx\/portal\/?p=105389"},"modified":"2025-08-23T11:34:47","modified_gmt":"2025-08-23T17:34:47","slug":"los-aranceles-estadounidenses-explican-el-aumento-de-los-precios-mundiales-del-cafe-arabico-segun-un-grupo-de-exportadores-brasilenos-reuters","status":"publish","type":"post","link":"https:\/\/losperiodistas.com.mx\/portal\/los-aranceles-estadounidenses-explican-el-aumento-de-los-precios-mundiales-del-cafe-arabico-segun-un-grupo-de-exportadores-brasilenos-reuters\/","title":{"rendered":"Los aranceles estadounidenses explican el aumento de los precios mundiales del caf\u00e9 ar\u00e1bico, seg\u00fan un grupo de exportadores brasile\u00f1os | Reuters"},"content":{"rendered":"\n<figure class=\"wp-block-image size-large\"><img fetchpriority=\"high\" decoding=\"async\" width=\"1024\" height=\"683\" src=\"https:\/\/losperiodistas.com.mx\/portal\/wp-content\/uploads\/2025\/08\/2ZQMOIKHVRJTJN3VGTMPIZGSXM-copia-1024x683.jpg\" alt=\"\" class=\"wp-image-105390\" srcset=\"https:\/\/losperiodistas.com.mx\/portal\/wp-content\/uploads\/2025\/08\/2ZQMOIKHVRJTJN3VGTMPIZGSXM-copia-1024x683.jpg 1024w, https:\/\/losperiodistas.com.mx\/portal\/wp-content\/uploads\/2025\/08\/2ZQMOIKHVRJTJN3VGTMPIZGSXM-copia-300x200.jpg 300w, https:\/\/losperiodistas.com.mx\/portal\/wp-content\/uploads\/2025\/08\/2ZQMOIKHVRJTJN3VGTMPIZGSXM-copia-768x512.jpg 768w, https:\/\/losperiodistas.com.mx\/portal\/wp-content\/uploads\/2025\/08\/2ZQMOIKHVRJTJN3VGTMPIZGSXM-copia.jpg 1200w\" sizes=\"(max-width: 1024px) 100vw, 1024px\" \/><figcaption class=\"wp-element-caption\">Cerezas de caf\u00e9 se ven en una plantaci\u00f3n en una finca cerca de Brasilia, Brasil, el 15 de julio de 2025. REUTERS\/Adriano Machado\/Foto de archivo<\/figcaption><\/figure>\n\n\n\n<p class=\"has-vivid-red-color has-text-color has-link-color has-medium-font-size wp-elements-9f90b9ae0bf194bb8e0dd2ec7595b59e\"><strong>Por\u00a0<a href=\"https:\/\/www.reuters.com\/authors\/roberto-samora\/\">Roberto Samora<\/a> \/ Reuters<\/strong><\/p>\n\n\n\n<p>SAO PAULO, 22 ago (Reuters) &#8211; El mercado mundial del caf\u00e9 ar\u00e1bigo se dispar\u00f3 en agosto, con los precios subiendo m\u00e1s de un 30% en la bolsa ICE, impulsado principalmente por fuertes aumentos arancelarios de Estados Unidos, dijo el viernes el jefe del consejo de exportadores de caf\u00e9 de Brasil, Cecafe.<\/p>\n\n\n\n<p>El arancel del 50% impuesto al caf\u00e9 brasile\u00f1o por la administraci\u00f3n Trump desde el 6 de agosto ha hecho inviables las exportaciones a Estados Unidos y ha perturbado los mercados, dijo el presidente de Cecafe, Marcio Ferreira, en una entrevista.<\/p>\n\n\n\n<p>\u00abEn las reuniones que tuve con la parte estadounidense, dej\u00e9 claro que el aumento de aranceles cre\u00f3 un ambiente de incertidumbre e hizo subir los precios del caf\u00e9 a nivel mundial, y es posible que no haya un l\u00edmite\u00bb, dijo Ferreira.<\/p>\n\n\n\n<p>\u00abEl mercado no puede leer d\u00f3nde est\u00e1 el pico de precios\u00bb, a\u00f1adi\u00f3.Los futuros de caf\u00e9 ar\u00e1bica en el ICE, negociado en Nueva York, se cotizaron alrededor de 3,74 d\u00f3lares por libra el viernes, frente a los 2,80 d\u00f3lares de fines de julio.<\/p>\n\n\n\n<p>El desempe\u00f1o de los cultivos en Brasil, el mayor productor y exportador de caf\u00e9 del mundo, no mejorar\u00e1 en el corto plazo, afirm\u00f3 Ferreira.La recolecci\u00f3n de la cosecha de ar\u00e1bica de 2025, que est\u00e1 a punto de completarse, ha rendido aproximadamente un 10% menos de lo esperado, dijo, y agreg\u00f3 que las heladas de este mes probablemente reducir\u00e1n la producci\u00f3n del pr\u00f3ximo a\u00f1o.<\/p>\n\n\n\n<p>Como resultado de los aranceles, los importadores est\u00e1n recurriendo a otros or\u00edgenes como Centroam\u00e9rica y Colombia, pero enfrentan primas m\u00e1s altas en comparaci\u00f3n con los contratos de futuros del ICE, dijo Ferreira.<\/p>\n\n\n\n<p>\u00abEsta incertidumbre e inseguridad atrae fondos para comprar en la bolsa, y es natural que los fondos entren en el lado comprador: el mercado se vuelve favorable desde un punto de vista especulativo\u00bb, dijo.<\/p>\n\n\n\n<p>Sin embargo, el caf\u00e9 brasile\u00f1o est\u00e1 experimentando actualmente \u00abun aumento sustancial\u00bb en la demanda europea y asi\u00e1tica, \u00abmuy por encima de las expectativas\u00bb, a\u00f1adi\u00f3 Ferreira.<\/p>\n\n\n\n<p>Ese crecimiento no se debe necesariamente a un mayor consumo en Europa, dijo, citando el papel de pa\u00edses como Alemania en la reexportaci\u00f3n de caf\u00e9 procesado a Estados Unidos, que aplica aranceles m\u00e1s bajos a los productos europeosLos principales \u00edndices de Wall Street cerraron al alza el viernes: el Dow Jones subi\u00f3 un 1,9% y cerr\u00f3 en un m\u00e1ximo hist\u00f3rico, el S&amp;P 500 subi\u00f3 un 1,5% y el Nasdaq subi\u00f3 casi un 1,9%.00:0601:48<\/p>\n\n\n\n<p>Reporte de Roberto Samora; Redacci\u00f3n de Oliver Griffin; Edici\u00f3n de Franklin Paul, Joe Bavier y Hugh Lawson<\/p>\n\n\n\n<p>Fuente: <a href=\"https:\/\/www.reuters.com\/world\/americas\/us-tariffs-behind-surge-global-arabica-prices-brazil-exporters-group-says-2025-08-22\/\">https:\/\/www.reuters.com\/world\/americas\/us-tariffs-behind-surge-global-arabica-prices-brazil-exporters-group-says-2025-08-22\/<\/a><\/p>\n","protected":false},"excerpt":{"rendered":"<p>Por\u00a0Roberto Samora \/ Reuters SAO PAULO, 22 ago (Reuters) &#8211; El mercado mundial del caf\u00e9 ar\u00e1bigo se dispar\u00f3 en agosto, [&hellip;]<\/p>\n","protected":false},"author":1,"featured_media":105390,"comment_status":"open","ping_status":"open","sticky":false,"template":"","format":"standard","meta":{"site-sidebar-layout":"default","site-content-layout":"","ast-site-content-layout":"default","site-content-style":"default","site-sidebar-style":"default","ast-global-header-display":"","ast-banner-title-visibility":"","ast-main-header-display":"","ast-hfb-above-header-display":"","ast-hfb-below-header-display":"","ast-hfb-mobile-header-display":"","site-post-title":"","ast-breadcrumbs-content":"","ast-featured-img":"","footer-sml-layout":"","theme-transparent-header-meta":"","adv-header-id-meta":"","stick-header-meta":"","header-above-stick-meta":"","header-main-stick-meta":"","header-below-stick-meta":"","astra-migrate-meta-layouts":"default","ast-page-background-enabled":"default","ast-page-background-meta":{"desktop":{"background-color":"var(--ast-global-color-4)","background-image":"","background-repeat":"repeat","background-position":"center center","background-size":"auto","background-attachment":"scroll","background-type":"","background-media":"","overlay-type":"","overlay-color":"","overlay-opacity":"","overlay-gradient":""},"tablet":{"background-color":"","background-image":"","background-repeat":"repeat","background-position":"center center","background-size":"auto","background-attachment":"scroll","background-type":"","background-media":"","overlay-type":"","overlay-color":"","overlay-opacity":"","overlay-gradient":""},"mobile":{"background-color":"","background-image":"","background-repeat":"repeat","background-position":"center center","background-size":"auto","background-attachment":"scroll","background-type":"","background-media":"","overlay-type":"","overlay-color":"","overlay-opacity":"","overlay-gradient":""}},"ast-content-background-meta":{"desktop":{"background-color":"var(--ast-global-color-5)","background-image":"","background-repeat":"repeat","background-position":"center center","background-size":"auto","background-attachment":"scroll","background-type":"","background-media":"","overlay-type":"","overlay-color":"","overlay-opacity":"","overlay-gradient":""},"tablet":{"background-color":"var(--ast-global-color-5)","background-image":"","background-repeat":"repeat","background-position":"center center","background-size":"auto","background-attachment":"scroll","background-type":"","background-media":"","overlay-type":"","overlay-color":"","overlay-opacity":"","overlay-gradient":""},"mobile":{"background-color":"var(--ast-global-color-5)","background-image":"","background-repeat":"repeat","background-position":"center center","background-size":"auto","background-attachment":"scroll","background-type":"","background-media":"","overlay-type":"","overlay-color":"","overlay-opacity":"","overlay-gradient":""}},"footnotes":""},"categories":[8],"tags":[41109,41110],"class_list":["post-105389","post","type-post","status-publish","format-standard","has-post-thumbnail","hentry","category-noticias","tag-cafe-arabico","tag-suben-precios-cafe-arabico"],"_links":{"self":[{"href":"https:\/\/losperiodistas.com.mx\/portal\/wp-json\/wp\/v2\/posts\/105389","targetHints":{"allow":["GET"]}}],"collection":[{"href":"https:\/\/losperiodistas.com.mx\/portal\/wp-json\/wp\/v2\/posts"}],"about":[{"href":"https:\/\/losperiodistas.com.mx\/portal\/wp-json\/wp\/v2\/types\/post"}],"author":[{"embeddable":true,"href":"https:\/\/losperiodistas.com.mx\/portal\/wp-json\/wp\/v2\/users\/1"}],"replies":[{"embeddable":true,"href":"https:\/\/losperiodistas.com.mx\/portal\/wp-json\/wp\/v2\/comments?post=105389"}],"version-history":[{"count":1,"href":"https:\/\/losperiodistas.com.mx\/portal\/wp-json\/wp\/v2\/posts\/105389\/revisions"}],"predecessor-version":[{"id":105391,"href":"https:\/\/losperiodistas.com.mx\/portal\/wp-json\/wp\/v2\/posts\/105389\/revisions\/105391"}],"wp:featuredmedia":[{"embeddable":true,"href":"https:\/\/losperiodistas.com.mx\/portal\/wp-json\/wp\/v2\/media\/105390"}],"wp:attachment":[{"href":"https:\/\/losperiodistas.com.mx\/portal\/wp-json\/wp\/v2\/media?parent=105389"}],"wp:term":[{"taxonomy":"category","embeddable":true,"href":"https:\/\/losperiodistas.com.mx\/portal\/wp-json\/wp\/v2\/categories?post=105389"},{"taxonomy":"post_tag","embeddable":true,"href":"https:\/\/losperiodistas.com.mx\/portal\/wp-json\/wp\/v2\/tags?post=105389"}],"curies":[{"name":"wp","href":"https:\/\/api.w.org\/{rel}","templated":true}]}}