{"id":105383,"date":"2025-08-23T11:14:40","date_gmt":"2025-08-23T17:14:40","guid":{"rendered":"https:\/\/losperiodistas.com.mx\/portal\/?p=105383"},"modified":"2025-08-23T11:14:41","modified_gmt":"2025-08-23T17:14:41","slug":"afganistan-cuando-el-silencio-internacional-es-complice","status":"publish","type":"post","link":"https:\/\/losperiodistas.com.mx\/portal\/afganistan-cuando-el-silencio-internacional-es-complice\/","title":{"rendered":"Afganist\u00e1n: cuando el silencio internacional es c\u00f3mplice"},"content":{"rendered":"\n<h3 class=\"wp-block-heading\">El pasado 15 de agosto se cumplieron cuatro a\u00f1os de la toma del poder en Afganist\u00e1n por parte de los talibanes. Un per\u00edodo de horror y violaciones de derechos humanos que tiene a las mujeres y ni\u00f1as como objetivos principales.<\/h3>\n\n\n\n<figure class=\"wp-block-image size-large\"><img fetchpriority=\"high\" decoding=\"async\" width=\"1024\" height=\"614\" src=\"https:\/\/losperiodistas.com.mx\/portal\/wp-content\/uploads\/2025\/08\/afganistan-1024x614.jpg\" alt=\"\" class=\"wp-image-105384\" srcset=\"https:\/\/losperiodistas.com.mx\/portal\/wp-content\/uploads\/2025\/08\/afganistan-1024x614.jpg 1024w, https:\/\/losperiodistas.com.mx\/portal\/wp-content\/uploads\/2025\/08\/afganistan-300x180.jpg 300w, https:\/\/losperiodistas.com.mx\/portal\/wp-content\/uploads\/2025\/08\/afganistan-768x461.jpg 768w, https:\/\/losperiodistas.com.mx\/portal\/wp-content\/uploads\/2025\/08\/afganistan.jpg 1500w\" sizes=\"(max-width: 1024px) 100vw, 1024px\" \/><\/figure>\n\n\n\n<p><\/p>\n\n\n\n<h6 class=\"wp-block-heading has-vivid-red-color has-text-color has-link-color has-medium-font-size wp-elements-c76e9d151e2b2506375d0a63a819859f\"><strong><a href=\"https:\/\/ethic.es\/articulistas\/angel-gonzalo\">\u00c1ngel Gonzalo<\/a> \/ ethic<\/strong><\/h6>\n\n\n\n<p>En Afganist\u00e1n, cada d\u00eda es una carrera de obst\u00e1culos para sobrevivir, especialmente si eres&nbsp;<a href=\"https:\/\/ethic.es\/que-esta-pasando-con-ninas-en-afganistan\" target=\"_blank\" rel=\"noreferrer noopener\">mujer<\/a>, ni\u00f1a, periodista, defensor de derechos humanos, integrante de una minor\u00eda \u00e9tnica o religiosa, o simplemente alguien que se atreve a pensar distinto de los&nbsp;<a href=\"https:\/\/ethic.es\/2021\/08\/diez-retratos-de-afganistan-en-el-cine\/\" target=\"_blank\" rel=\"noreferrer noopener\">talibanes<\/a>. Bajo el yugo de las autoridades de facto talibanas, el pa\u00eds vive una crisis de derechos humanos que no cesa. La persecuci\u00f3n por motivos de g\u00e9nero, la represi\u00f3n pol\u00edtica y las ejecuciones extrajudiciales ya no son excepciones: son la norma.<\/p>\n\n\n\n<p>La represi\u00f3n talibana se sostiene sobre un elemento clave: el desmantelamiento total del sistema de justicia. Desde que tomaron el&nbsp;<a href=\"https:\/\/ethic.es\/2021\/09\/la-letra-pequena-del-fracaso-en-afganistan\/\" target=\"_blank\" rel=\"noreferrer noopener\">poder<\/a>&nbsp;en agosto de 2021, hace ya cuatro a\u00f1os, han sustituido la Constituci\u00f3n y la legislaci\u00f3n nacional por un sistema opaco, arbitrario y sin garant\u00edas, basado en su estricta interpretaci\u00f3n de la&nbsp;<em>sharia<\/em>. No hay leyes claras ni tribunales independientes. Las sentencias dependen de interpretaciones personales y contradictorias de los&nbsp;<strong>textos isl\u00e1micos<\/strong>: un mismo delito puede acarrear desde una breve detenci\u00f3n hasta la lapidaci\u00f3n p\u00fablica.<\/p>\n\n\n\n<p>La&nbsp;<a href=\"https:\/\/ethic.es\/2021\/08\/intervenir-militarmente-afganistan-seria-otro-gravisimo-error\/\" target=\"_blank\" rel=\"noreferrer noopener\">justicia talibana<\/a>&nbsp;no es justicia: es un instrumento de control. Los juicios se celebran a puerta cerrada, sin supervisi\u00f3n p\u00fablica ni documentaci\u00f3n. La gente es arrestada sin orden judicial, detenida sin juicio o desaparecida. Las condenas se ejecutan en plazas y estadios, con castigos corporales y ejecuciones p\u00fablicas que violan flagrantemente el derecho a la dignidad y la prohibici\u00f3n de la tortura. Como dijo una exjueza ahora en el exilio: \u00abNo hay independencia judicial ni juicios con garant\u00edas. De la noche a la ma\u00f1ana lo han convertido en algo aterrador e impredecible\u00bb.<\/p>\n\n\n\n<p>La purga del sistema judicial ha borrado a las mujeres de la administraci\u00f3n de justicia. Antes de 2021, representaban hasta el 10% de la judicatura y un cuarto de la abogac\u00eda colegiada. Hoy, la mayor\u00eda vive escondida o en el exilio. Los Tribunales de Familia, las Unidades de Justicia de Menores y las Unidades de Violencia contra las Mujeres han sido eliminados. Para las&nbsp;<strong>mujeres afganas<\/strong>, la justicia ya no es un derecho que puedan ejercer, sino algo de lo que deben sobrevivir sin esperar protecci\u00f3n.<\/p>\n\n\n\n<p>Este colapso jur\u00eddico agrava todas las dem\u00e1s violaciones de derechos humanos. Las mujeres y las ni\u00f1as est\u00e1n sometidas a un verdadero&nbsp;<em>apartheid<\/em>&nbsp;de g\u00e9nero: se les proh\u00edbe estudiar m\u00e1s all\u00e1 de la escuela primaria, trabajar en la mayor\u00eda de los sectores, viajar sin acompa\u00f1ante masculino y, desde hace poco, incluso que su voz se escuche en p\u00fablico. Las oportunidades econ\u00f3micas desaparecen y los hogares encabezados por mujeres caen en la pobreza m\u00e1s extrema.<\/p>\n\n\n\n<blockquote class=\"wp-block-quote is-layout-flow wp-block-quote-is-layout-flow\">\n<p class=\"has-ast-global-color-4-background-color has-background has-medium-font-size\">Las mujeres y las ni\u00f1as est\u00e1n sometidas a un verdadero apartheid de g\u00e9nero<\/p>\n<\/blockquote>\n\n\n\n<p>Pero la represi\u00f3n no se detiene ah\u00ed. Periodistas, activistas, antiguos funcionarios y l\u00edderes comunitarios son encarcelados, torturados o ejecutados. Entre 2021 y 2024, al menos 336 periodistas fueron arrestados, hostigados o agredidos. La comunidad&nbsp;<em>hazara chi\u00ed<\/em>&nbsp;sigue siendo blanco de ataques mortales, en muchos casos reivindicados por el Estado Isl\u00e1mico del Gran Joras\u00e1n, mientras los talibanes perpet\u00faan la discriminaci\u00f3n religiosa y cultural.<\/p>\n\n\n\n<p>En este contexto de impunidad, un hecho reciente marca un hito: la Sala de Cuestiones Preliminares de la Corte Penal Internacional ha emitido recientemente \u00f3rdenes de detenci\u00f3n contra el l\u00edder supremo talib\u00e1n,&nbsp;<strong>Haibatullah Akhundzada<\/strong>, y el jefe del poder judicial, Abdul Hakim Haqqani, por su presunta responsabilidad en el crimen de lesa humanidad de persecuci\u00f3n de g\u00e9nero. Este anuncio es un paso crucial para hacer rendir cuentas a quienes han orquestado la privaci\u00f3n, basada en el g\u00e9nero, de derechos fundamentales como la educaci\u00f3n, la libertad de circulaci\u00f3n y expresi\u00f3n, la vida privada y familiar, la libertad de reuni\u00f3n y la integridad f\u00edsica. Es un rayo de esperanza para mujeres y ni\u00f1as afganas y para todas las personas perseguidas por su identidad o expresi\u00f3n de g\u00e9nero, incluida la comunidad LGBTQI.<\/p>\n\n\n\n<p>La crisis humanitaria agrava a\u00fan m\u00e1s el sufrimiento: m\u00e1s de la mitad de la poblaci\u00f3n necesita ayuda; 12 millones sufren inseguridad alimentaria y casi tres millones de ni\u00f1os padecen desnutrici\u00f3n aguda. El sistema sanitario est\u00e1 al borde del colapso y solo el 10% de las mujeres puede acceder a atenci\u00f3n m\u00e9dica. Las inundaciones de 2024, consecuencia de la crisis clim\u00e1tica, devastaron 32 de las 34 provincias.<\/p>\n\n\n\n<p>Frente a este panorama,&nbsp;<strong>la comunidad internacional no solo ha fallado en proteger a la poblaci\u00f3n afgana<\/strong>: ha sido c\u00f3mplice por omisi\u00f3n. No se ha creado un mecanismo independiente para investigar y preservar pruebas de cr\u00edmenes de derecho internacional, pese a las demandas de decenas de organizaciones, incluida Amnist\u00eda Internacional. Algunos pa\u00edses \u2014Alemania, Australia, Canad\u00e1 y Pa\u00edses Bajos\u2014 han llevado al Estado afgano ante la Corte Internacional de Justicia por violaciones de la Convenci\u00f3n sobre la Eliminaci\u00f3n de la Discriminaci\u00f3n contra la Mujer, pero esto no basta.<\/p>\n\n\n\n<p>Amnist\u00eda Internacional exige que los talibanes restablezcan un sistema jur\u00eddico formal, constitucional y con garant\u00edas, que respeten la independencia judicial y retiren de inmediato los edictos y castigos crueles que violan los derechos humanos. Pide tambi\u00e9n que la comunidad internacional reconozca el&nbsp;<em>apartheid<\/em>&nbsp;de g\u00e9nero como crimen de derecho internacional y ejerza una presi\u00f3n diplom\u00e1tica y pol\u00edtica sostenida para poner fin a este r\u00e9gimen de terror legal.<\/p>\n\n\n\n<p>Afganist\u00e1n no es una causa perdida. Su sociedad civil sigue resistiendo con un valor extraordinario:&nbsp;<strong>mujeres que ense\u00f1an y aprenden en la clandestinidad<\/strong>, periodistas que informan pese a la censura, comunidades marginadas que luchan por sobrevivir. El mundo tiene la obligaci\u00f3n \u2014y a\u00fan la oportunidad\u2014 de ponerse de su lado.<\/p>\n\n\n\n<p>Mirar hacia otro lado no es neutralidad: es complicidad. La historia nos juzgar\u00e1 no solo por lo que hicieron los talibanes, sino por lo que hicimos \u2014o dejamos de hacer\u2014 para detenerlos.<\/p>\n\n\n\n<hr class=\"wp-block-separator has-alpha-channel-opacity\"\/>\n\n\n\n<p><em>\u00c1ngel Gonzalo es periodista de&nbsp;<a href=\"https:\/\/crm.es.amnesty.org\/es\/unete-a-amnistia?utm_source=google&amp;utm_medium=ppc&amp;utm_content=marca&amp;utm_campaign=search_captacion&amp;gad_source=1&amp;gad_campaignid=20590301682&amp;gbraid=0AAAAADma5iCNim6e2WtfNiKcgp8RfOdWH&amp;gclid=Cj0KCQjwwZDFBhCpARIsAB95qO2QsdhLKb8IeWgTwEHe41LK8Jb8Yxf9wLJDEYa-O51pRwX3hOsOQqAaAvbBEALw_wcB\" target=\"_blank\" rel=\"noreferrer noopener\">Amnist\u00eda Internacional<\/a>&nbsp;encargado del trabajo sobre Afganist\u00e1n.<\/em><\/p>\n\n\n\n<p>Fuente: <a href=\"https:\/\/ethic.es\/afganistan-silencio-internacional-complice\">https:\/\/ethic.es\/afganistan-silencio-internacional-complice<\/a><\/p>\n","protected":false},"excerpt":{"rendered":"<p>El pasado 15 de agosto se cumplieron cuatro a\u00f1os de la toma del poder en Afganist\u00e1n por parte de los [&hellip;]<\/p>\n","protected":false},"author":1,"featured_media":105384,"comment_status":"open","ping_status":"open","sticky":false,"template":"","format":"standard","meta":{"site-sidebar-layout":"default","site-content-layout":"","ast-site-content-layout":"default","site-content-style":"default","site-sidebar-style":"default","ast-global-header-display":"","ast-banner-title-visibility":"","ast-main-header-display":"","ast-hfb-above-header-display":"","ast-hfb-below-header-display":"","ast-hfb-mobile-header-display":"","site-post-title":"","ast-breadcrumbs-content":"","ast-featured-img":"","footer-sml-layout":"","theme-transparent-header-meta":"","adv-header-id-meta":"","stick-header-meta":"","header-above-stick-meta":"","header-main-stick-meta":"","header-below-stick-meta":"","astra-migrate-meta-layouts":"default","ast-page-background-enabled":"default","ast-page-background-meta":{"desktop":{"background-color":"var(--ast-global-color-4)","background-image":"","background-repeat":"repeat","background-position":"center center","background-size":"auto","background-attachment":"scroll","background-type":"","background-media":"","overlay-type":"","overlay-color":"","overlay-opacity":"","overlay-gradient":""},"tablet":{"background-color":"","background-image":"","background-repeat":"repeat","background-position":"center center","background-size":"auto","background-attachment":"scroll","background-type":"","background-media":"","overlay-type":"","overlay-color":"","overlay-opacity":"","overlay-gradient":""},"mobile":{"background-color":"","background-image":"","background-repeat":"repeat","background-position":"center center","background-size":"auto","background-attachment":"scroll","background-type":"","background-media":"","overlay-type":"","overlay-color":"","overlay-opacity":"","overlay-gradient":""}},"ast-content-background-meta":{"desktop":{"background-color":"var(--ast-global-color-5)","background-image":"","background-repeat":"repeat","background-position":"center center","background-size":"auto","background-attachment":"scroll","background-type":"","background-media":"","overlay-type":"","overlay-color":"","overlay-opacity":"","overlay-gradient":""},"tablet":{"background-color":"var(--ast-global-color-5)","background-image":"","background-repeat":"repeat","background-position":"center center","background-size":"auto","background-attachment":"scroll","background-type":"","background-media":"","overlay-type":"","overlay-color":"","overlay-opacity":"","overlay-gradient":""},"mobile":{"background-color":"var(--ast-global-color-5)","background-image":"","background-repeat":"repeat","background-position":"center center","background-size":"auto","background-attachment":"scroll","background-type":"","background-media":"","overlay-type":"","overlay-color":"","overlay-opacity":"","overlay-gradient":""}},"footnotes":""},"categories":[8],"tags":[3931,29165,28753,41107],"class_list":["post-105383","post","type-post","status-publish","format-standard","has-post-thumbnail","hentry","category-noticias","tag-afganistan-2","tag-apartheid-de-genero","tag-regimen-taliban","tag-violacion-derechos-mujeresy-ninas"],"_links":{"self":[{"href":"https:\/\/losperiodistas.com.mx\/portal\/wp-json\/wp\/v2\/posts\/105383","targetHints":{"allow":["GET"]}}],"collection":[{"href":"https:\/\/losperiodistas.com.mx\/portal\/wp-json\/wp\/v2\/posts"}],"about":[{"href":"https:\/\/losperiodistas.com.mx\/portal\/wp-json\/wp\/v2\/types\/post"}],"author":[{"embeddable":true,"href":"https:\/\/losperiodistas.com.mx\/portal\/wp-json\/wp\/v2\/users\/1"}],"replies":[{"embeddable":true,"href":"https:\/\/losperiodistas.com.mx\/portal\/wp-json\/wp\/v2\/comments?post=105383"}],"version-history":[{"count":1,"href":"https:\/\/losperiodistas.com.mx\/portal\/wp-json\/wp\/v2\/posts\/105383\/revisions"}],"predecessor-version":[{"id":105385,"href":"https:\/\/losperiodistas.com.mx\/portal\/wp-json\/wp\/v2\/posts\/105383\/revisions\/105385"}],"wp:featuredmedia":[{"embeddable":true,"href":"https:\/\/losperiodistas.com.mx\/portal\/wp-json\/wp\/v2\/media\/105384"}],"wp:attachment":[{"href":"https:\/\/losperiodistas.com.mx\/portal\/wp-json\/wp\/v2\/media?parent=105383"}],"wp:term":[{"taxonomy":"category","embeddable":true,"href":"https:\/\/losperiodistas.com.mx\/portal\/wp-json\/wp\/v2\/categories?post=105383"},{"taxonomy":"post_tag","embeddable":true,"href":"https:\/\/losperiodistas.com.mx\/portal\/wp-json\/wp\/v2\/tags?post=105383"}],"curies":[{"name":"wp","href":"https:\/\/api.w.org\/{rel}","templated":true}]}}