{"id":105380,"date":"2025-08-23T10:44:55","date_gmt":"2025-08-23T16:44:55","guid":{"rendered":"https:\/\/losperiodistas.com.mx\/portal\/?p=105380"},"modified":"2025-08-23T10:44:57","modified_gmt":"2025-08-23T16:44:57","slug":"trump-frustrado-anuncia-una-pausa-en-sus-esfuerzos-por-la-paz-en-ucrania-twp","status":"publish","type":"post","link":"https:\/\/losperiodistas.com.mx\/portal\/trump-frustrado-anuncia-una-pausa-en-sus-esfuerzos-por-la-paz-en-ucrania-twp\/","title":{"rendered":"Trump, frustrado, anuncia una pausa en sus esfuerzos por la paz en Ucrania | TWP"},"content":{"rendered":"\n<p class=\"has-medium-font-size\">El presidente dice que decidir\u00e1 m\u00e1s tarde \u201cde qui\u00e9n es la culpa\u201d de que Mosc\u00fa y Kiev no se hayan acercado para poner fin a la guerra.<\/p>\n\n\n\n<figure class=\"wp-block-image size-large\"><img fetchpriority=\"high\" decoding=\"async\" width=\"1024\" height=\"683\" src=\"https:\/\/losperiodistas.com.mx\/portal\/wp-content\/uploads\/2025\/08\/imrs-1-1024x683.jpeg\" alt=\"\" class=\"wp-image-105381\" srcset=\"https:\/\/losperiodistas.com.mx\/portal\/wp-content\/uploads\/2025\/08\/imrs-1-1024x683.jpeg 1024w, https:\/\/losperiodistas.com.mx\/portal\/wp-content\/uploads\/2025\/08\/imrs-1-300x200.jpeg 300w, https:\/\/losperiodistas.com.mx\/portal\/wp-content\/uploads\/2025\/08\/imrs-1-768x512.jpeg 768w, https:\/\/losperiodistas.com.mx\/portal\/wp-content\/uploads\/2025\/08\/imrs-1.jpeg 1440w\" sizes=\"(max-width: 1024px) 100vw, 1024px\" \/><figcaption class=\"wp-element-caption\">El presidente Donald Trump sostiene una foto suya con el presidente ruso, Vladimir Putin, mientras habla con los medios de comunicaci\u00f3n en la Casa Blanca el viernes. (Carolyn Van Houten\/The Washington Post) <\/figcaption><\/figure>\n\n\n\n<p class=\"has-vivid-red-color has-text-color has-link-color has-medium-font-size wp-elements-2135a2016e8b0a6f66d2b82a81e9bab6\"><br><strong>Por\u00a0<a href=\"https:\/\/www.washingtonpost.com\/people\/cat-zakrzewski\/\">Cat Zakrzewski<\/a> \/ The Washington Post<\/strong><\/p>\n\n\n\n<p>El presidente Donald Trump est\u00e1 dando se\u00f1ales de que dar\u00e1 un paso atr\u00e1s por ahora en los esfuerzos para alcanzar un acuerdo de paz en Ucrania, expresando su frustraci\u00f3n por el aumento de las bajas y el fracaso de las dos partes para acercarse a un acuerdo de paz.<\/p>\n\n\n\n<p>\u00abNo me alegra nada de esa guerra. Nada. Nada\u00bb, declar\u00f3 Trump a los periodistas en el Despacho Oval el viernes.<\/p>\n\n\n\n<p>A\u00f1adi\u00f3 que tomar\u00eda una decisi\u00f3n importante sobre el futuro del conflicto en \u00abdos semanas\u00bb, una frase que suele usar no para especificar un plazo preciso, sino para indicar que quiere posponer una decisi\u00f3n por un tiempo. Despu\u00e9s de ese tiempo, dijo: \u00abSabremos qu\u00e9 camino tomar\u00e9, porque voy a ir en una direcci\u00f3n u otra\u00bb.AnuncioAnuncio<\/p>\n\n\n\n<p>Los comentarios representaron un cambio significativo con respecto a un presidente que durante las \u00faltimas semanas hab\u00eda proyectado gran confianza en su capacidad para obtener garant\u00edas de seguridad para Ucrania y una r\u00e1pida reuni\u00f3n entre los l\u00edderes en guerra, el presidente ruso Vladimir Putin y el presidente ucraniano Volodymyr Zelensky.<\/p>\n\n\n\n<p>Durante el transcurso de esta semana, Trump pas\u00f3 de jactarse de que podr\u00eda poner fin r\u00e1pidamente a la guerra a expresar escepticismo sobre si ser\u00eda capaz siquiera de reunir a los l\u00edderes para una conversaci\u00f3n cara a cara.<\/p>\n\n\n\n<p>Trump ha invertido mucho tiempo y energ\u00eda en esfuerzos para lograr un r\u00e1pido fin a la guerra, incluida una&nbsp;<a href=\"https:\/\/www.washingtonpost.com\/politics\/2025\/08\/15\/trump-putin-alaska-ukraine-zelensky\/\" target=\"_blank\" rel=\"noreferrer noopener\">cumbre en Alaska con Putin<\/a>&nbsp;hace poco m\u00e1s de una semana, seguida de&nbsp;<a href=\"https:\/\/www.washingtonpost.com\/politics\/2025\/08\/18\/trump-zelensky-europeans-ukraine-war\/\" target=\"_blank\" rel=\"noreferrer noopener\">reuniones con Zelensky y l\u00edderes europeos<\/a>&nbsp;en la Casa Blanca el lunes.<\/p>\n\n\n\n<p>Sin embargo, a pesar de todo el despliegue diplom\u00e1tico, ha habido pocas se\u00f1ales de progreso, ya que&nbsp;<a href=\"https:\/\/www.washingtonpost.com\/world\/2025\/08\/20\/putin-russia-gambit-overreach-ukraine\/\" target=\"_blank\" rel=\"noreferrer noopener\">Mosc\u00fa se resiste a cualquier propuesta<\/a>&nbsp;para cesar sus ataques contra Ucrania o aceptar cualquier cosa que no cumpla con sus objetivos m\u00e1ximos para la guerra. Analistas externos han sugerido que la Casa Blanca malinterpret\u00f3 los objetivos de Putin y podr\u00eda haber estado influenciada por&nbsp;<a href=\"https:\/\/www.washingtonpost.com\/politics\/2025\/08\/20\/trump-ukraine-moscow-setback\/\" target=\"_blank\" rel=\"noreferrer noopener\">ilusiones<\/a>&nbsp;.<\/p>\n\n\n\n<p>Por ahora, dijo Trump, le dar\u00eda tiempo a Putin para decidir si se reunir\u00eda con Zelensky, como hab\u00eda solicitado el presidente.<\/p>\n\n\n\n<p>La Casa Blanca anunci\u00f3 esta semana que Trump hab\u00eda conseguido el compromiso de Putin para asistir a dicha reuni\u00f3n. Sin embargo, funcionarios del Kremlin han minimizado constantemente la probabilidad de que el presidente ruso lo haga. Reunirse directamente con Zelenski implicar\u00eda el reconocimiento por parte de Putin del ucraniano como l\u00edder leg\u00edtimo de una naci\u00f3n independiente, algo a lo que el Kremlin se ha negado.Anuncio<\/p>\n\n\n\n<p>Si no se produce ninguna reuni\u00f3n, \u00abver\u00e9 de qui\u00e9n es la culpa\u00bb, dijo Trump, diciendo repetidamente que hay dos actores involucrados cuando se le pregunt\u00f3 sobre los continuos ataques de Rusia a Ucrania esta semana.<\/p>\n\n\n\n<p>Dej\u00f3 abierta la posibilidad de imponer sanciones econ\u00f3micas contra Rusia o dejar que Ucrania act\u00fae por s\u00ed sola.<\/p>\n\n\n\n<p>\u00abSer\u00e1 una decisi\u00f3n muy importante\u00bb, dijo Trump. \u00ab\u00bfY se trata de sanciones masivas, aranceles masivos o ambos, o de no hacer nada y decir &#8216;Es su lucha&#8217;?\u00bb, pregunt\u00f3 Trump.<\/p>\n\n\n\n<p>Trump hab\u00eda amenazado con imponer fuertes sanciones secundarias a los pa\u00edses que compran petr\u00f3leo de Rusia, as\u00ed como nuevas sanciones a Mosc\u00fa, si Putin no acced\u00eda a un alto el fuego en Ucrania. Sin embargo, abandon\u00f3 tanto el plazo como la exigencia de alto el fuego en v\u00edsperas de la cumbre de Alaska. Ha impuesto aranceles a la India por sus compras de petr\u00f3leo ruso.<\/p>\n\n\n\n<p>La frustraci\u00f3n de Trump por la falta de un progreso r\u00e1pido llega mientras los comandantes militares y los principales diplom\u00e1ticos de las naciones europeas han estado sumergidos en el arduo trabajo de tratar de traducir lo que sus l\u00edderes acordaron \u2014garant\u00edas de seguridad para Ucrania\u2014 en compromisos pr\u00e1cticos de tropas y equipo.Anuncio<\/p>\n\n\n\n<p>Las autoridades rusas han rechazado la posibilidad de que tropas de pa\u00edses de la OTAN se desplieguen sobre el terreno en Ucrania, una garant\u00eda que Trump propuso tras su reuni\u00f3n del lunes con l\u00edderes europeos. Sin embargo, las autoridades europeas han seguido reuni\u00e9ndose entre s\u00ed y con sus hom\u00f3logos ucranianos para definir qu\u00e9 podr\u00edan incluir dichas garant\u00edas.<\/p>\n\n\n\n<p>Como parte de ese esfuerzo, el Secretario General de la OTAN, Mark Rutte, se reuni\u00f3 con Zelensky y otros l\u00edderes ucranianos el viernes en Kiev.<\/p>\n\n\n\n<p>El viernes, Trump mostr\u00f3 sentimientos encontrados sobre Putin, a quien desde hace tiempo ha buscado como aliado. Levant\u00f3 una foto suya junto al presidente ruso en Anchorage, que seg\u00fan \u00e9l Putin le hab\u00eda enviado por correo. Insinu\u00f3 la posibilidad de que Putin, a quien la Corte Penal Internacional ha acusado de cr\u00edmenes de guerra, asista al Mundial de F\u00fatbol, \u200b\u200bque Estados Unidos organizar\u00e1 en 2026. Estados Unidos no reconoce la jurisdicci\u00f3n de la corte internacional.<\/p>\n\n\n\n<p>\u00abPens\u00e9 que era una buena foto de \u00e9l, y tambi\u00e9n de m\u00ed\u00bb, dijo Trump, recogiendo la foto del Resolute Desk. \u00abAs\u00ed que fue muy amable que me la enviaran\u00bb.<\/p>\n\n\n\n<p>Pero tambi\u00e9n afirm\u00f3 haberle comunicado a Putin su descontento con un ataque ruso contra Ucrania que&nbsp;<a href=\"https:\/\/www.washingtonpost.com\/world\/2025\/08\/21\/russia-ukraine-attacks-white-house\/\" target=\"_blank\" rel=\"noreferrer noopener\">impact\u00f3 una f\u00e1brica estadounidense<\/a>&nbsp;. El ataque involucr\u00f3 casi 600 drones y 40 misiles, y Zelenski afirm\u00f3 que demostraba que Rusia no estaba interesada en la paz.Anuncio<\/p>\n\n\n\n<p>Ya veremos qu\u00e9 pasa. Digo que en las pr\u00f3ximas dos semanas veremos qu\u00e9 pasa. Y m\u00e1s me vale estar muy contento.<\/p>\n\n\n\n<p>Trump tambi\u00e9n se abstuvo de mostrar apoyo a Zelensky, diciendo que \u201cse necesitan dos para bailar el tango\u201d.<\/p>\n\n\n\n<p>Trump expres\u00f3 su frustraci\u00f3n por la dificultad de resolver el conflicto de Ucrania. Esta semana, comenz\u00f3 a atribuirse el m\u00e9rito de siete conflictos globales, en comparaci\u00f3n con los seis que afirm\u00f3 la semana pasada. El viernes, aument\u00f3 la cuenta a 10, a\u00f1adiendo tres \u00abpreguerras\u00bb no identificadas.<\/p>\n\n\n\n<p>\u201cPens\u00e9 que este estar\u00eda en el medio del grupo en t\u00e9rminos de dificultad\u201d, lament\u00f3.<\/p>\n\n\n\n<p><em>Michael Birnbaum contribuy\u00f3 a este informe.<\/em><\/p>\n\n\n\n<p>Fuente: <a href=\"https:\/\/www.washingtonpost.com\/politics\/2025\/08\/23\/trump-ukraine-frustration\/\">https:\/\/www.washingtonpost.com\/politics\/2025\/08\/23\/trump-ukraine-frustration\/<\/a><\/p>\n","protected":false},"excerpt":{"rendered":"<p>El presidente dice que decidir\u00e1 m\u00e1s tarde \u201cde qui\u00e9n es la culpa\u201d de que Mosc\u00fa y Kiev no se hayan [&hellip;]<\/p>\n","protected":false},"author":1,"featured_media":105381,"comment_status":"open","ping_status":"open","sticky":false,"template":"","format":"standard","meta":{"site-sidebar-layout":"default","site-content-layout":"","ast-site-content-layout":"default","site-content-style":"default","site-sidebar-style":"default","ast-global-header-display":"","ast-banner-title-visibility":"","ast-main-header-display":"","ast-hfb-above-header-display":"","ast-hfb-below-header-display":"","ast-hfb-mobile-header-display":"","site-post-title":"","ast-breadcrumbs-content":"","ast-featured-img":"","footer-sml-layout":"","theme-transparent-header-meta":"","adv-header-id-meta":"","stick-header-meta":"","header-above-stick-meta":"","header-main-stick-meta":"","header-below-stick-meta":"","astra-migrate-meta-layouts":"default","ast-page-background-enabled":"default","ast-page-background-meta":{"desktop":{"background-color":"var(--ast-global-color-4)","background-image":"","background-repeat":"repeat","background-position":"center center","background-size":"auto","background-attachment":"scroll","background-type":"","background-media":"","overlay-type":"","overlay-color":"","overlay-opacity":"","overlay-gradient":""},"tablet":{"background-color":"","background-image":"","background-repeat":"repeat","background-position":"center center","background-size":"auto","background-attachment":"scroll","background-type":"","background-media":"","overlay-type":"","overlay-color":"","overlay-opacity":"","overlay-gradient":""},"mobile":{"background-color":"","background-image":"","background-repeat":"repeat","background-position":"center center","background-size":"auto","background-attachment":"scroll","background-type":"","background-media":"","overlay-type":"","overlay-color":"","overlay-opacity":"","overlay-gradient":""}},"ast-content-background-meta":{"desktop":{"background-color":"var(--ast-global-color-5)","background-image":"","background-repeat":"repeat","background-position":"center center","background-size":"auto","background-attachment":"scroll","background-type":"","background-media":"","overlay-type":"","overlay-color":"","overlay-opacity":"","overlay-gradient":""},"tablet":{"background-color":"var(--ast-global-color-5)","background-image":"","background-repeat":"repeat","background-position":"center center","background-size":"auto","background-attachment":"scroll","background-type":"","background-media":"","overlay-type":"","overlay-color":"","overlay-opacity":"","overlay-gradient":""},"mobile":{"background-color":"var(--ast-global-color-5)","background-image":"","background-repeat":"repeat","background-position":"center center","background-size":"auto","background-attachment":"scroll","background-type":"","background-media":"","overlay-type":"","overlay-color":"","overlay-opacity":"","overlay-gradient":""}},"footnotes":""},"categories":[8],"tags":[12887,41106],"class_list":["post-105380","post","type-post","status-publish","format-standard","has-post-thumbnail","hentry","category-noticias","tag-paz-ucrania","tag-trump-ucrania"],"_links":{"self":[{"href":"https:\/\/losperiodistas.com.mx\/portal\/wp-json\/wp\/v2\/posts\/105380","targetHints":{"allow":["GET"]}}],"collection":[{"href":"https:\/\/losperiodistas.com.mx\/portal\/wp-json\/wp\/v2\/posts"}],"about":[{"href":"https:\/\/losperiodistas.com.mx\/portal\/wp-json\/wp\/v2\/types\/post"}],"author":[{"embeddable":true,"href":"https:\/\/losperiodistas.com.mx\/portal\/wp-json\/wp\/v2\/users\/1"}],"replies":[{"embeddable":true,"href":"https:\/\/losperiodistas.com.mx\/portal\/wp-json\/wp\/v2\/comments?post=105380"}],"version-history":[{"count":1,"href":"https:\/\/losperiodistas.com.mx\/portal\/wp-json\/wp\/v2\/posts\/105380\/revisions"}],"predecessor-version":[{"id":105382,"href":"https:\/\/losperiodistas.com.mx\/portal\/wp-json\/wp\/v2\/posts\/105380\/revisions\/105382"}],"wp:featuredmedia":[{"embeddable":true,"href":"https:\/\/losperiodistas.com.mx\/portal\/wp-json\/wp\/v2\/media\/105381"}],"wp:attachment":[{"href":"https:\/\/losperiodistas.com.mx\/portal\/wp-json\/wp\/v2\/media?parent=105380"}],"wp:term":[{"taxonomy":"category","embeddable":true,"href":"https:\/\/losperiodistas.com.mx\/portal\/wp-json\/wp\/v2\/categories?post=105380"},{"taxonomy":"post_tag","embeddable":true,"href":"https:\/\/losperiodistas.com.mx\/portal\/wp-json\/wp\/v2\/tags?post=105380"}],"curies":[{"name":"wp","href":"https:\/\/api.w.org\/{rel}","templated":true}]}}