{"id":105360,"date":"2025-08-22T23:04:34","date_gmt":"2025-08-23T05:04:34","guid":{"rendered":"https:\/\/losperiodistas.com.mx\/portal\/?p=105360"},"modified":"2025-08-22T23:04:35","modified_gmt":"2025-08-23T05:04:35","slug":"maduro-denuncia-despliegue-militar-de-eu-es-inmoral-criminal-e-ilegal-dice","status":"publish","type":"post","link":"https:\/\/losperiodistas.com.mx\/portal\/maduro-denuncia-despliegue-militar-de-eu-es-inmoral-criminal-e-ilegal-dice\/","title":{"rendered":"Maduro denuncia despliegue militar de EU; es \u00abinmoral, criminal e ilegal\u00bb, dice"},"content":{"rendered":"\n<p>En su participaci\u00f3n en el Parlamento, el presidente de Venezuela acus\u00f3 a EU de buscar un \u00abcambio de r\u00e9gimen\u00bb<\/p>\n\n\n\n<figure class=\"wp-block-image size-large\"><img fetchpriority=\"high\" decoding=\"async\" width=\"1024\" height=\"620\" src=\"https:\/\/losperiodistas.com.mx\/portal\/wp-content\/uploads\/2025\/08\/MaduroSobreEU-1024x620.png\" alt=\"\" class=\"wp-image-105361\" srcset=\"https:\/\/losperiodistas.com.mx\/portal\/wp-content\/uploads\/2025\/08\/MaduroSobreEU-1024x620.png 1024w, https:\/\/losperiodistas.com.mx\/portal\/wp-content\/uploads\/2025\/08\/MaduroSobreEU-300x182.png 300w, https:\/\/losperiodistas.com.mx\/portal\/wp-content\/uploads\/2025\/08\/MaduroSobreEU-768x465.png 768w, https:\/\/losperiodistas.com.mx\/portal\/wp-content\/uploads\/2025\/08\/MaduroSobreEU.png 1375w\" sizes=\"(max-width: 1024px) 100vw, 1024px\" \/><figcaption class=\"wp-element-caption\">Nicol\u00e1s Maduro. Foto: Archivo\/EFE<\/figcaption><\/figure>\n\n\n\n<p class=\"has-vivid-red-color has-text-color has-link-color wp-elements-ab482743c3a845b5e15541dcdb1cf81d\">Redacci\u00f3n \/ El Universal<\/p>\n\n\n\n<p>El presidente de <strong>Venezuela<\/strong>, <strong>Nicol\u00e1s Maduro<\/strong>, denunci\u00f3 este viernes el <strong>despliegue militar <\/strong>de <strong>Estados Unidos<\/strong> en aguas del <strong>Caribe<\/strong> como un plan \u00abinmoral, criminal e ilegal\u00bb contra su pa\u00eds, que busca un \u00abcambio de r\u00e9gimen\u00bb.<\/p>\n\n\n\n<p>Estados Unidos envi\u00f3 tres buques de guerra a aguas del Caribe y cerca de Venezuela como parte de un plan para combatir el narcotr\u00e1fico, aunque Maduro lo ve como una \u00abamenaza\u00bb.<\/p>\n\n\n\n<p>\u00abLo que amenazan con intentar hacer contra <strong>Venezuela<\/strong>, un cambio de r\u00e9gimen, un zarpazo terrorista militar es inmoral, criminal e ilegal\u00bb, dijo Maduro en un acto con diputados en el <strong>Parlamento<\/strong>.<\/p>\n\n\n\n<p>Estados Unidos acusa a Maduro de encabezar una supuesta banda del narcotr\u00e1fico bautizada Cartel de los Soles, que Trump catalog\u00f3 de organizaci\u00f3n terrorista. Asimismo, ofrece una recompensa de 50 millones de d\u00f3lares por informaci\u00f3n que lleve a la captura del gobernante izquierdista.<\/p>\n\n\n\n<p>\u00abEste es un tema de la paz, del derecho internacional, de Am\u00e9rica Latina y el Caribe, porque quien agrede a uno en Am\u00e9rica Latina agrede a todos, quien amenaza a uno amenaza a todos los pa\u00edses\u00bb, a\u00f1adi\u00f3 el mandatario que tambi\u00e9n llam\u00f3 a la uni\u00f3n nacional.<\/p>\n\n\n\n<p>Maduro orden\u00f3 esta semana el despliegue de 4,5 millones de efectivos de la milicia, un cuerpo adscrito a la Fuerza Armada conformado por civiles, y llam\u00f3 para el fin de semana a un alistamiento militar para ampliar sus filas.<\/p>\n\n\n\n<p>Washington desconoce la \u00faltima reelecci\u00f3n de Maduro para un tercer per\u00edodo de seis a\u00f1os, que tach\u00f3 junto a la oposici\u00f3n de fraudulenta.<\/p>\n\n\n\n<p>Fuente: <a href=\"https:\/\/www.eluniversal.com.mx\/mundo\/maduro-denuncia-despliegue-militar-de-eu-es-inmoral-criminal-e-ilegal-dice\/\" target=\"_blank\" rel=\"noreferrer noopener\">El Universal<\/a><\/p>\n\n\n\n<p><\/p>\n","protected":false},"excerpt":{"rendered":"<p>En su participaci\u00f3n en el Parlamento, el presidente de Venezuela acus\u00f3 a EU de buscar un \u00abcambio de r\u00e9gimen\u00bb<\/p>\n","protected":false},"author":1,"featured_media":105361,"comment_status":"open","ping_status":"open","sticky":false,"template":"","format":"standard","meta":{"site-sidebar-layout":"default","site-content-layout":"","ast-site-content-layout":"default","site-content-style":"default","site-sidebar-style":"default","ast-global-header-display":"","ast-banner-title-visibility":"","ast-main-header-display":"","ast-hfb-above-header-display":"","ast-hfb-below-header-display":"","ast-hfb-mobile-header-display":"","site-post-title":"","ast-breadcrumbs-content":"","ast-featured-img":"","footer-sml-layout":"","theme-transparent-header-meta":"","adv-header-id-meta":"","stick-header-meta":"","header-above-stick-meta":"","header-main-stick-meta":"","header-below-stick-meta":"","astra-migrate-meta-layouts":"default","ast-page-background-enabled":"default","ast-page-background-meta":{"desktop":{"background-color":"var(--ast-global-color-4)","background-image":"","background-repeat":"repeat","background-position":"center center","background-size":"auto","background-attachment":"scroll","background-type":"","background-media":"","overlay-type":"","overlay-color":"","overlay-opacity":"","overlay-gradient":""},"tablet":{"background-color":"","background-image":"","background-repeat":"repeat","background-position":"center center","background-size":"auto","background-attachment":"scroll","background-type":"","background-media":"","overlay-type":"","overlay-color":"","overlay-opacity":"","overlay-gradient":""},"mobile":{"background-color":"","background-image":"","background-repeat":"repeat","background-position":"center center","background-size":"auto","background-attachment":"scroll","background-type":"","background-media":"","overlay-type":"","overlay-color":"","overlay-opacity":"","overlay-gradient":""}},"ast-content-background-meta":{"desktop":{"background-color":"var(--ast-global-color-5)","background-image":"","background-repeat":"repeat","background-position":"center center","background-size":"auto","background-attachment":"scroll","background-type":"","background-media":"","overlay-type":"","overlay-color":"","overlay-opacity":"","overlay-gradient":""},"tablet":{"background-color":"var(--ast-global-color-5)","background-image":"","background-repeat":"repeat","background-position":"center center","background-size":"auto","background-attachment":"scroll","background-type":"","background-media":"","overlay-type":"","overlay-color":"","overlay-opacity":"","overlay-gradient":""},"mobile":{"background-color":"var(--ast-global-color-5)","background-image":"","background-repeat":"repeat","background-position":"center center","background-size":"auto","background-attachment":"scroll","background-type":"","background-media":"","overlay-type":"","overlay-color":"","overlay-opacity":"","overlay-gradient":""}},"footnotes":""},"categories":[8],"tags":[41097,2997,28153,2935],"class_list":["post-105360","post","type-post","status-publish","format-standard","has-post-thumbnail","hentry","category-noticias","tag-despliegue-militar","tag-eeuu","tag-maduro","tag-venezuela"],"_links":{"self":[{"href":"https:\/\/losperiodistas.com.mx\/portal\/wp-json\/wp\/v2\/posts\/105360","targetHints":{"allow":["GET"]}}],"collection":[{"href":"https:\/\/losperiodistas.com.mx\/portal\/wp-json\/wp\/v2\/posts"}],"about":[{"href":"https:\/\/losperiodistas.com.mx\/portal\/wp-json\/wp\/v2\/types\/post"}],"author":[{"embeddable":true,"href":"https:\/\/losperiodistas.com.mx\/portal\/wp-json\/wp\/v2\/users\/1"}],"replies":[{"embeddable":true,"href":"https:\/\/losperiodistas.com.mx\/portal\/wp-json\/wp\/v2\/comments?post=105360"}],"version-history":[{"count":1,"href":"https:\/\/losperiodistas.com.mx\/portal\/wp-json\/wp\/v2\/posts\/105360\/revisions"}],"predecessor-version":[{"id":105362,"href":"https:\/\/losperiodistas.com.mx\/portal\/wp-json\/wp\/v2\/posts\/105360\/revisions\/105362"}],"wp:featuredmedia":[{"embeddable":true,"href":"https:\/\/losperiodistas.com.mx\/portal\/wp-json\/wp\/v2\/media\/105361"}],"wp:attachment":[{"href":"https:\/\/losperiodistas.com.mx\/portal\/wp-json\/wp\/v2\/media?parent=105360"}],"wp:term":[{"taxonomy":"category","embeddable":true,"href":"https:\/\/losperiodistas.com.mx\/portal\/wp-json\/wp\/v2\/categories?post=105360"},{"taxonomy":"post_tag","embeddable":true,"href":"https:\/\/losperiodistas.com.mx\/portal\/wp-json\/wp\/v2\/tags?post=105360"}],"curies":[{"name":"wp","href":"https:\/\/api.w.org\/{rel}","templated":true}]}}