{"id":105354,"date":"2025-08-22T22:57:15","date_gmt":"2025-08-23T04:57:15","guid":{"rendered":"https:\/\/losperiodistas.com.mx\/portal\/?p=105354"},"modified":"2025-08-22T22:57:19","modified_gmt":"2025-08-23T04:57:19","slug":"lo-que-un-estudio-de-decadas-revela-sobre-las-papas-fritas","status":"publish","type":"post","link":"https:\/\/losperiodistas.com.mx\/portal\/lo-que-un-estudio-de-decadas-revela-sobre-las-papas-fritas\/","title":{"rendered":"Lo que un estudio de d\u00e9cadas revela sobre las papas fritas"},"content":{"rendered":"\n<p>Harvard desentra\u00f1a el misterio culinario de las papas fritas tras m\u00e1s de tres d\u00e9cadas de investigaci\u00f3n con m\u00e1s de 205.000 participantes, revelando c\u00f3mo la forma de prepararlas transforma su impacto en nuestra salud.<\/p>\n\n\n\n<figure class=\"wp-block-image size-large\"><img fetchpriority=\"high\" decoding=\"async\" width=\"1024\" height=\"561\" src=\"https:\/\/losperiodistas.com.mx\/portal\/wp-content\/uploads\/2025\/08\/PapasFritas-1024x561.png\" alt=\"\" class=\"wp-image-105355\" srcset=\"https:\/\/losperiodistas.com.mx\/portal\/wp-content\/uploads\/2025\/08\/PapasFritas-1024x561.png 1024w, https:\/\/losperiodistas.com.mx\/portal\/wp-content\/uploads\/2025\/08\/PapasFritas-300x164.png 300w, https:\/\/losperiodistas.com.mx\/portal\/wp-content\/uploads\/2025\/08\/PapasFritas-768x420.png 768w, https:\/\/losperiodistas.com.mx\/portal\/wp-content\/uploads\/2025\/08\/PapasFritas.png 1191w\" sizes=\"(max-width: 1024px) 100vw, 1024px\" \/><figcaption class=\"wp-element-caption\">Tras cuatro d\u00e9cadas de investigaci\u00f3n, Harvard ha descifrado el c\u00f3digo oculto en este placer culposo: no es la patata en s\u00ed, sino la transformaci\u00f3n que sufre al sumergirse en aceite hirviendo.<\/figcaption><\/figure>\n\n\n\n<p class=\"has-vivid-red-color has-text-color has-link-color wp-elements-b353f099e52a59452ef59849fe0503a0\">Redacci\u00f3n \/ DW<\/p>\n\n\n\n<p>En el eterno debate entre salud y comida r\u00e1pida, las papas (patatas)\u00a0fritas se han convertido en uno de los principales antagonistas del debate nutricional. Su lugar en el centro de la pol\u00e9mica no es casualidad: su popularidad universal trasciende fronteras, culturas y generaciones. Por eso no sorprende que, pese a su notoria mala fama nutricional, millones de personas contin\u00faen consumi\u00e9ndolas con gran regularidad.<\/p>\n\n\n\n<p>Para desentra\u00f1ar el verdadero impacto de este popular alimento en nuestro organismo, investigadores de la prestigiosa Escuela de Salud P\u00fablica T.H. Chan de Harvard realizaron un exhaustivo estudio con resultados reveladores: consumir papas fritas tan solo tres veces por semana incrementa el riesgo de desarrollar diabetes tipo 2 en un 20 %.<\/p>\n\n\n\n<p>Sin embargo, lo llamativo no fue solo la confirmaci\u00f3n del riesgo de las papas fritas, sino la ausencia de una asociaci\u00f3n clara con las papas horneadas, hervidas o en pur\u00e9. El problema no parece estar en el tub\u00e9rculo en s\u00ed, sino en la forma de prepararlo: la fritura se perfila como el factor decisivo en el aumento del riesgo metab\u00f3lico.<\/p>\n\n\n\n<p>\u00abEstamos cambiando el debate de &#8216;\u00bfSon buenas o malas las papas?&#8217; a una pregunta m\u00e1s matizada y \u00fatil: \u00bfC\u00f3mo se preparan y qu\u00e9 podr\u00edamos comer en su lugar?\u00bb, afirm\u00f3 el autor principal del estudio, Seyed Mohammad Mousavi, investigador postdoctoral del Departamento de Nutrici\u00f3n de Harvard, en un comunicado de prensa de la instituci\u00f3n acad\u00e9mica.<\/p>\n\n\n\n<figure class=\"wp-block-image size-large\"><img decoding=\"async\" width=\"1024\" height=\"630\" src=\"https:\/\/losperiodistas.com.mx\/portal\/wp-content\/uploads\/2025\/08\/imagen-4-1024x630.png\" alt=\"\" class=\"wp-image-105356\" srcset=\"https:\/\/losperiodistas.com.mx\/portal\/wp-content\/uploads\/2025\/08\/imagen-4-1024x630.png 1024w, https:\/\/losperiodistas.com.mx\/portal\/wp-content\/uploads\/2025\/08\/imagen-4-300x184.png 300w, https:\/\/losperiodistas.com.mx\/portal\/wp-content\/uploads\/2025\/08\/imagen-4-768x472.png 768w, https:\/\/losperiodistas.com.mx\/portal\/wp-content\/uploads\/2025\/08\/imagen-4.png 1210w\" sizes=\"(max-width: 1024px) 100vw, 1024px\" \/><figcaption class=\"wp-element-caption\">Los investigadores de Harvard analizaron datos de m\u00e1s de 205.000 profesionales sanitarios durante casi 40 a\u00f1os, revelando el impacto metab\u00f3lico de las papas fritas.<\/figcaption><\/figure>\n\n\n\n<p>La investigaci\u00f3n, publicada en la revista<em> BMJ,<\/em><\/p>\n\n\n\n<p>analiz\u00f3 los datos de m\u00e1s de 205.000 profesionales sanitarios estadounidenses durante casi 40 a\u00f1os, acumulando m\u00e1s de 5,2 millones de personas-a\u00f1o de seguimiento. Durante este per\u00edodo, 22.299 participantes desarrollaron diabetes tipo 2, seg\u00fan los datos recogidos por Harvard.<\/p>\n\n\n\n<h2 class=\"wp-block-heading\"><strong>La ciencia del almid\u00f3n<\/strong><\/h2>\n\n\n\n<p>\u00bfPor qu\u00e9 las papas fritas aumentan el riesgo mientras que otras formas de preparaci\u00f3n no? Seg\u00fan explican los investigadores, la clave est\u00e1 en c\u00f3mo afecta cada m\u00e9todo de cocci\u00f3n a la estructura del almid\u00f3n.<\/p>\n\n\n\n<p>Cuando la papa se cuece o se hornea, su estructura interna se conserva en gran medida, lo que hace que parte del almid\u00f3n tarde m\u00e1s en descomponerse y evita subidas bruscas de glucosa en sangre. En cambio, al fre\u00edrlas ese entramado se rompe y los gr\u00e1nulos de almid\u00f3n quedan impregnados de grasa, lo que dispara su \u00edndice gluc\u00e9mico y exige un mayor esfuerzo al metabolismo, seg\u00fan destaca el estudio.<\/p>\n\n\n\n<p>Adem\u00e1s, como se\u00f1ala<em> Earth.com<\/em>, las papas fritas suelen servirse saladas, a veces rebozadas, y normalmente se cocinan en aceites calentados repetidamente, creando compuestos que pueden da\u00f1ar las c\u00e9lulas pancre\u00e1ticas con el tiempo.<\/p>\n\n\n\n<figure class=\"wp-block-image size-large\"><img decoding=\"async\" width=\"1024\" height=\"576\" src=\"https:\/\/losperiodistas.com.mx\/portal\/wp-content\/uploads\/2025\/08\/TiposDePreparacionPapas-1024x576.png\" alt=\"\" class=\"wp-image-105357\" srcset=\"https:\/\/losperiodistas.com.mx\/portal\/wp-content\/uploads\/2025\/08\/TiposDePreparacionPapas-1024x576.png 1024w, https:\/\/losperiodistas.com.mx\/portal\/wp-content\/uploads\/2025\/08\/TiposDePreparacionPapas-300x169.png 300w, https:\/\/losperiodistas.com.mx\/portal\/wp-content\/uploads\/2025\/08\/TiposDePreparacionPapas-768x432.png 768w, https:\/\/losperiodistas.com.mx\/portal\/wp-content\/uploads\/2025\/08\/TiposDePreparacionPapas.png 1256w\" sizes=\"(max-width: 1024px) 100vw, 1024px\" \/><figcaption class=\"wp-element-caption\">Los investigadores analizaron diferentes m\u00e9todos de preparaci\u00f3n de patatas y descubrieron que las versiones horneadas no mostraron la misma asociaci\u00f3n con el riesgo metab\u00f3lico que presentaron las fritas.<\/figcaption><\/figure>\n\n\n\n<h2 class=\"wp-block-heading\"><strong>Cereales integrales: la mejor alternativa a las papas fritas<\/strong><\/h2>\n\n\n\n<p>Una de las conclusiones m\u00e1s importantes del estudio es que sustituir las papas, especialmente las fritas, por cereales integrales puede tener beneficios significativos.<\/p>\n\n\n\n<p>Seg\u00fan los datos de Harvard, sustituir las papas fritas por cereales integrales podr\u00eda reducir el riesgo de diabetes tipo 2 en un 19 %. Las papas preparadas al horno, hervidas o en pur\u00e9, por su parte, no mostraron asociaci\u00f3n significativa con el desarrollo de esta enfermedad.<\/p>\n\n\n\n<p>\u00abEl mensaje de salud p\u00fablica aqu\u00ed es simple y poderoso: peque\u00f1os cambios en nuestra dieta diaria pueden tener un impacto importante en el riesgo de diabetes tipo 2\u00bb, afirm\u00f3 Walter Willett, profesor de epidemiolog\u00eda y nutrici\u00f3n y autor correspondiente del estudio.<\/p>\n\n\n\n<p>Curiosamente, cuando los investigadores analizaron el efecto de sustituir las papas \u2013en total, o en sus versiones horneadas, hervidas o en pur\u00e9\u2013 por arroz blanco, descubrieron que las probabilidades de diabetes aumentaban.<\/p>\n\n\n\n<p>La explicaci\u00f3n est\u00e1 en el proceso de refinado: al arroz blanco se le eliminan el salvado y el germen, quedando casi solo almid\u00f3n de r\u00e1pida digesti\u00f3n. Seg\u00fan se\u00f1ala <em>Earth.com,<\/em> su \u00edndice gluc\u00e9mico es elevado, similar al de las papas fritas, lo que contribuye a que ambos alimentos puedan sobrecargar el metabolismo.<\/p>\n\n\n\n<figure class=\"wp-block-image size-large\"><img loading=\"lazy\" decoding=\"async\" width=\"1024\" height=\"576\" src=\"https:\/\/losperiodistas.com.mx\/portal\/wp-content\/uploads\/2025\/08\/MasPapasFritas-1024x576.png\" alt=\"\" class=\"wp-image-105358\" srcset=\"https:\/\/losperiodistas.com.mx\/portal\/wp-content\/uploads\/2025\/08\/MasPapasFritas-1024x576.png 1024w, https:\/\/losperiodistas.com.mx\/portal\/wp-content\/uploads\/2025\/08\/MasPapasFritas-300x169.png 300w, https:\/\/losperiodistas.com.mx\/portal\/wp-content\/uploads\/2025\/08\/MasPapasFritas-768x432.png 768w, https:\/\/losperiodistas.com.mx\/portal\/wp-content\/uploads\/2025\/08\/MasPapasFritas.png 1387w\" sizes=\"(max-width: 1024px) 100vw, 1024px\" \/><figcaption class=\"wp-element-caption\">La investigaci\u00f3n publicada en BMJ confirm\u00f3 que el m\u00e9todo de preparaci\u00f3n, no la papa en s\u00ed, fue el factor decisivo en el aumento del riesgo metab\u00f3lico.<\/figcaption><\/figure>\n\n\n\n<h2 class=\"wp-block-heading\"><strong>Limitaciones del estudio de Harvard<\/strong><\/h2>\n\n\n\n<p>Para verificar sus hallazgos, los investigadores de Harvard complementaron su estudio con un enfoque metaanal\u00edtico utilizando datos de estudios&nbsp;publicados anteriormente, incluyendo 13 cohortes sobre el consumo de papas y 11 sobre cereales integrales, abarcando m\u00e1s de 500.000 participantes en cuatro continentes.<\/p>\n\n\n\n<p>Aunque los investigadores ajustaron los resultados para controlar factores como el ejercicio, el tabaquismo o el peso corporal, la se\u00f1al de las papas fritas persist\u00eda. Aun as\u00ed, es importante se\u00f1alar algunas limitaciones.<\/p>\n\n\n\n<p>Como destaca <em>Study Finds<\/em>, m\u00e1s del 90 % de los participantes eran profesionales sanitarios de ascendencia europea, lo que limita la generalizaci\u00f3n de los resultados a poblaciones m\u00e1s diversas. Adem\u00e1s, al ser un estudio observacional, no puede establecer una relaci\u00f3n causal directa.<\/p>\n\n\n\n<p>El estudio sugiere&nbsp;tambi\u00e9n&nbsp;otras razones por las que las papas fritas, y no las hervidas o al horno, se asocian con m\u00e1s riesgo de diabetes. Parte del v\u00ednculo podr\u00eda deberse al aumento de peso: seg\u00fan <em>Study Finds<\/em>, aproximadamente la mitad de la relaci\u00f3n entre frituras y diabetes se explicar\u00eda por este factor.<\/p>\n\n\n\n<p>Adem\u00e1s, <em>Earth.com<\/em> se\u00f1ala que fre\u00edr eleva la densidad cal\u00f3rica, altera el almid\u00f3n y genera compuestos que pueden afectar la funci\u00f3n de la insulina. A esto se suma el contexto: las fritas suelen servirse junto a carnes procesadas o bebidas azucaradas, lo que agrava a\u00fan m\u00e1s el impacto metab\u00f3lico.<\/p>\n\n\n\n<p>Entonces, \u00bfdeber\u00edamos dejar de comer papas fritas para siempre? No necesariamente. Pero seg\u00fan los investigadores, reducir la frecuencia, controlar el tama\u00f1o de las porciones y combinarlas con alimentos m\u00e1s saludables puede ser una decisi\u00f3n inteligente. <em>Editado por Felipe Espinosa Wang con informaci\u00f3n de Harvard, BMJ, Study Finds y Earth.com.<\/em><\/p>\n\n\n\n<p>Fuente: <a href=\"https:\/\/www.dw.com\/es\/lo-que-un-estudio-de-m%C3%A1s-de-30-a%C3%B1os-acaba-de-descubrir-sobre-las-papas-fritas\/a-73733756\" target=\"_blank\" rel=\"noreferrer noopener\">DW<\/a><\/p>\n","protected":false},"excerpt":{"rendered":"<p>Harvard desentra\u00f1a el misterio culinario de las papas fritas tras m\u00e1s de tres d\u00e9cadas de investigaci\u00f3n con m\u00e1s de 205.000 participantes, revelando c\u00f3mo la forma de prepararlas transforma su impacto en nuestra salud.<\/p>\n","protected":false},"author":1,"featured_media":105355,"comment_status":"open","ping_status":"open","sticky":false,"template":"","format":"standard","meta":{"site-sidebar-layout":"default","site-content-layout":"","ast-site-content-layout":"default","site-content-style":"default","site-sidebar-style":"default","ast-global-header-display":"","ast-banner-title-visibility":"","ast-main-header-display":"","ast-hfb-above-header-display":"","ast-hfb-below-header-display":"","ast-hfb-mobile-header-display":"","site-post-title":"","ast-breadcrumbs-content":"","ast-featured-img":"","footer-sml-layout":"","theme-transparent-header-meta":"","adv-header-id-meta":"","stick-header-meta":"","header-above-stick-meta":"","header-main-stick-meta":"","header-below-stick-meta":"","astra-migrate-meta-layouts":"default","ast-page-background-enabled":"default","ast-page-background-meta":{"desktop":{"background-color":"var(--ast-global-color-4)","background-image":"","background-repeat":"repeat","background-position":"center center","background-size":"auto","background-attachment":"scroll","background-type":"","background-media":"","overlay-type":"","overlay-color":"","overlay-opacity":"","overlay-gradient":""},"tablet":{"background-color":"","background-image":"","background-repeat":"repeat","background-position":"center center","background-size":"auto","background-attachment":"scroll","background-type":"","background-media":"","overlay-type":"","overlay-color":"","overlay-opacity":"","overlay-gradient":""},"mobile":{"background-color":"","background-image":"","background-repeat":"repeat","background-position":"center center","background-size":"auto","background-attachment":"scroll","background-type":"","background-media":"","overlay-type":"","overlay-color":"","overlay-opacity":"","overlay-gradient":""}},"ast-content-background-meta":{"desktop":{"background-color":"var(--ast-global-color-5)","background-image":"","background-repeat":"repeat","background-position":"center center","background-size":"auto","background-attachment":"scroll","background-type":"","background-media":"","overlay-type":"","overlay-color":"","overlay-opacity":"","overlay-gradient":""},"tablet":{"background-color":"var(--ast-global-color-5)","background-image":"","background-repeat":"repeat","background-position":"center center","background-size":"auto","background-attachment":"scroll","background-type":"","background-media":"","overlay-type":"","overlay-color":"","overlay-opacity":"","overlay-gradient":""},"mobile":{"background-color":"var(--ast-global-color-5)","background-image":"","background-repeat":"repeat","background-position":"center center","background-size":"auto","background-attachment":"scroll","background-type":"","background-media":"","overlay-type":"","overlay-color":"","overlay-opacity":"","overlay-gradient":""}},"footnotes":""},"categories":[8],"tags":[41095,41096,9676,3431],"class_list":["post-105354","post","type-post","status-publish","format-standard","has-post-thumbnail","hentry","category-noticias","tag-almidon","tag-debate-nutricional","tag-harvard","tag-papas-fritas"],"_links":{"self":[{"href":"https:\/\/losperiodistas.com.mx\/portal\/wp-json\/wp\/v2\/posts\/105354","targetHints":{"allow":["GET"]}}],"collection":[{"href":"https:\/\/losperiodistas.com.mx\/portal\/wp-json\/wp\/v2\/posts"}],"about":[{"href":"https:\/\/losperiodistas.com.mx\/portal\/wp-json\/wp\/v2\/types\/post"}],"author":[{"embeddable":true,"href":"https:\/\/losperiodistas.com.mx\/portal\/wp-json\/wp\/v2\/users\/1"}],"replies":[{"embeddable":true,"href":"https:\/\/losperiodistas.com.mx\/portal\/wp-json\/wp\/v2\/comments?post=105354"}],"version-history":[{"count":1,"href":"https:\/\/losperiodistas.com.mx\/portal\/wp-json\/wp\/v2\/posts\/105354\/revisions"}],"predecessor-version":[{"id":105359,"href":"https:\/\/losperiodistas.com.mx\/portal\/wp-json\/wp\/v2\/posts\/105354\/revisions\/105359"}],"wp:featuredmedia":[{"embeddable":true,"href":"https:\/\/losperiodistas.com.mx\/portal\/wp-json\/wp\/v2\/media\/105355"}],"wp:attachment":[{"href":"https:\/\/losperiodistas.com.mx\/portal\/wp-json\/wp\/v2\/media?parent=105354"}],"wp:term":[{"taxonomy":"category","embeddable":true,"href":"https:\/\/losperiodistas.com.mx\/portal\/wp-json\/wp\/v2\/categories?post=105354"},{"taxonomy":"post_tag","embeddable":true,"href":"https:\/\/losperiodistas.com.mx\/portal\/wp-json\/wp\/v2\/tags?post=105354"}],"curies":[{"name":"wp","href":"https:\/\/api.w.org\/{rel}","templated":true}]}}